{"id":361609,"date":"2023-03-30T11:47:48","date_gmt":"2023-03-30T14:47:48","guid":{"rendered":"https:\/\/www.planbnoticias.com.ar\/?p=361609"},"modified":"2023-03-30T11:47:48","modified_gmt":"2023-03-30T14:47:48","slug":"enojo-radical-por-bano-quimico-en-el-monumento-a-alfonsin","status":"publish","type":"post","link":"https:\/\/www.planbnoticias.com.ar\/index.php\/2023\/03\/30\/enojo-radical-por-bano-quimico-en-el-monumento-a-alfonsin\/","title":{"rendered":"Enojo radical por ba\u00f1o qu\u00edmico en el monumento a Alfons\u00edn"},"content":{"rendered":"<p><img fetchpriority=\"high\" decoding=\"async\" class=\"alignnone size-full wp-image-361610\" src=\"https:\/\/www.planbnoticias.com.ar\/wp-content\/uploads\/2023\/03\/monumento-a-alfonsin.jpg\" alt=\"\" width=\"1200\" height=\"1600\" srcset=\"https:\/\/www.planbnoticias.com.ar\/wp-content\/uploads\/2023\/03\/monumento-a-alfonsin.jpg 1200w, https:\/\/www.planbnoticias.com.ar\/wp-content\/uploads\/2023\/03\/monumento-a-alfonsin-225x300.jpg 225w, https:\/\/www.planbnoticias.com.ar\/wp-content\/uploads\/2023\/03\/monumento-a-alfonsin-768x1024.jpg 768w, https:\/\/www.planbnoticias.com.ar\/wp-content\/uploads\/2023\/03\/monumento-a-alfonsin-1152x1536.jpg 1152w, https:\/\/www.planbnoticias.com.ar\/wp-content\/uploads\/2023\/03\/monumento-a-alfonsin-1170x1560.jpg 1170w, https:\/\/www.planbnoticias.com.ar\/wp-content\/uploads\/2023\/03\/monumento-a-alfonsin-585x780.jpg 585w\" sizes=\"(max-width: 1200px) 100vw, 1200px\" \/><\/p>\n<p>En los \u00faltimos d\u00edas\u00a0se coloc\u00f3 un ba\u00f1o qu\u00edmico en el predio de la laguna Don Tom\u00e1s, donde se homenajea al expresidente de la Naci\u00f3n. Este 31 de marzo se cumplen 14 a\u00f1os de su muerte.<\/p>\n<p><script async src=\"\/\/pagead2.googlesyndication.com\/pagead\/js\/adsbygoogle.js\"><\/script><br \/>\n<!-- Publi m\u00f3vil interior nota --><br \/>\n<ins class=\"adsbygoogle\" style=\"display: inline-block; width: 320px; height: 100px;\" data-ad-client=\"ca-pub-7250018434179914\" data-ad-slot=\"1040343543\"><\/ins><br \/>\n<script>\n(adsbygoogle = window.adsbygoogle || []).push({});\n<\/script><\/p>\n<p>Varios simpatizantes radicales hicieron llegar su enojo a integrantes del partido por la colocaci\u00f3n de un ba\u00f1o en el predio donde se homenajea a Ra\u00fal Alfons\u00edn, a pocos d\u00edas de cumplirse otro aniversario de su fallecimiento.<\/p>\n<p>El ba\u00f1o fue colocado a metros del busto que recuerda a la figura del primer presidente de la recuperaci\u00f3n democr\u00e1tica, que gobern\u00f3 entre el 10 de diciembre de 1983 y el 9 de julio de 1989.<\/p>\n<p>Este jueves se cumplen 14 a\u00f1os de su fallecimiento, ocurrido el 31 de marzo de 2009.<\/p>\n","protected":false},"excerpt":{"rendered":"<p>En los \u00faltimos d\u00edas\u00a0se coloc\u00f3 un ba\u00f1o qu\u00edmico en el predio de la laguna Don Tom\u00e1s, donde se homenajea al expresidente de la Naci\u00f3n. Este 31 de marzo se cumplen&hellip;<\/p>\n","protected":false},"author":2,"featured_media":361610,"comment_status":"closed","ping_status":"open","sticky":false,"template":"","format":"standard","meta":{"footnotes":""},"categories":[4],"tags":[],"class_list":["post-361609","post","type-post","status-publish","format-standard","has-post-thumbnail","hentry","category-ciudad"],"jetpack_featured_media_url":"https:\/\/www.planbnoticias.com.ar\/wp-content\/uploads\/2023\/03\/monumento-a-alfonsin.jpg","_links":{"self":[{"href":"https:\/\/www.planbnoticias.com.ar\/index.php\/wp-json\/wp\/v2\/posts\/361609","targetHints":{"allow":["GET"]}}],"collection":[{"href":"https:\/\/www.planbnoticias.com.ar\/index.php\/wp-json\/wp\/v2\/posts"}],"about":[{"href":"https:\/\/www.planbnoticias.com.ar\/index.php\/wp-json\/wp\/v2\/types\/post"}],"author":[{"embeddable":true,"href":"https:\/\/www.planbnoticias.com.ar\/index.php\/wp-json\/wp\/v2\/users\/2"}],"replies":[{"embeddable":true,"href":"https:\/\/www.planbnoticias.com.ar\/index.php\/wp-json\/wp\/v2\/comments?post=361609"}],"version-history":[{"count":1,"href":"https:\/\/www.planbnoticias.com.ar\/index.php\/wp-json\/wp\/v2\/posts\/361609\/revisions"}],"predecessor-version":[{"id":361611,"href":"https:\/\/www.planbnoticias.com.ar\/index.php\/wp-json\/wp\/v2\/posts\/361609\/revisions\/361611"}],"wp:featuredmedia":[{"embeddable":true,"href":"https:\/\/www.planbnoticias.com.ar\/index.php\/wp-json\/wp\/v2\/media\/361610"}],"wp:attachment":[{"href":"https:\/\/www.planbnoticias.com.ar\/index.php\/wp-json\/wp\/v2\/media?parent=361609"}],"wp:term":[{"taxonomy":"category","embeddable":true,"href":"https:\/\/www.planbnoticias.com.ar\/index.php\/wp-json\/wp\/v2\/categories?post=361609"},{"taxonomy":"post_tag","embeddable":true,"href":"https:\/\/www.planbnoticias.com.ar\/index.php\/wp-json\/wp\/v2\/tags?post=361609"}],"curies":[{"name":"wp","href":"https:\/\/api.w.org\/{rel}","templated":true}]}}