{"id":361962,"date":"2023-04-01T17:57:41","date_gmt":"2023-04-01T20:57:41","guid":{"rendered":"https:\/\/www.planbnoticias.com.ar\/?p=361962"},"modified":"2023-04-01T18:02:41","modified_gmt":"2023-04-01T21:02:41","slug":"aerolineas-argentinas-incluyo-mas-vuelos-a-11-provincias-pero-no-para-la-pampa","status":"publish","type":"post","link":"https:\/\/www.planbnoticias.com.ar\/index.php\/2023\/04\/01\/aerolineas-argentinas-incluyo-mas-vuelos-a-11-provincias-pero-no-para-la-pampa\/","title":{"rendered":"Aerol\u00edneas Argentinas incluy\u00f3 m\u00e1s vuelos a 11 provincias, pero no para La Pampa"},"content":{"rendered":"<p><img fetchpriority=\"high\" decoding=\"async\" class=\"alignnone size-full wp-image-345215\" src=\"https:\/\/www.planbnoticias.com.ar\/wp-content\/uploads\/2022\/11\/aeropuerto-santa-rosa-5.jpg\" alt=\"\" width=\"960\" height=\"640\" srcset=\"https:\/\/www.planbnoticias.com.ar\/wp-content\/uploads\/2022\/11\/aeropuerto-santa-rosa-5.jpg 960w, https:\/\/www.planbnoticias.com.ar\/wp-content\/uploads\/2022\/11\/aeropuerto-santa-rosa-5-300x200.jpg 300w, https:\/\/www.planbnoticias.com.ar\/wp-content\/uploads\/2022\/11\/aeropuerto-santa-rosa-5-768x512.jpg 768w, https:\/\/www.planbnoticias.com.ar\/wp-content\/uploads\/2022\/11\/aeropuerto-santa-rosa-5-585x390.jpg 585w, https:\/\/www.planbnoticias.com.ar\/wp-content\/uploads\/2022\/11\/aeropuerto-santa-rosa-5-263x175.jpg 263w\" sizes=\"(max-width: 960px) 100vw, 960px\" \/><\/p>\n<p>Aerol\u00edneas Argentinas S.A. anunci\u00f3 el incremento de 60 frecuencias para el segundo trimestre del a\u00f1o en 12 provincias; ninguno a los aeropuertos de Santa Rosa o General Pico.<\/p>\n<p><script async src=\"\/\/pagead2.googlesyndication.com\/pagead\/js\/adsbygoogle.js\"><\/script><br \/>\n<!-- Publi m\u00f3vil interior nota --><br \/>\n<ins class=\"adsbygoogle\" style=\"display: inline-block; width: 320px; height: 100px;\" data-ad-client=\"ca-pub-7250018434179914\" data-ad-slot=\"1040343543\"><\/ins><br \/>\n<script>\n(adsbygoogle = window.adsbygoogle || []).push({});\n<\/script><\/p>\n<p>La Pampa no contar\u00e1 con m\u00e1s frecuencias, pese a los reclamos realizados en mayo del a\u00f1o pasado en forma particular en la Asamblea del Consejo Federal de Turismo y en conjunto con las provincias patag\u00f3nicas en el Parlamento Patag\u00f3nico.<\/p>\n<p>En esa oportunidad, la secretaria de Turismo, Adriana Romero, hab\u00eda solicitado <strong>\u201cla conectividad de La Pampa con el resto del pa\u00eds\u201d.<\/strong> Tras la pandemia, la reactivaci\u00f3n de los vuelos de Santa Rosa a Buenos Aires registr\u00f3 un 80% de ocupaci\u00f3n.<\/p>\n<p>Luego, en el marco del Parlamento Patag\u00f3nico junto al resto de las provincias de la regi\u00f3n, se solicit\u00f3 \u201cen forma urgente\u201d el incremento de vuelos operativos hacia los aeropuertos de las ciudades de R\u00edo Gallegos provincia de Santa Cruz, R\u00edo Grande provincia de Tierra del Fuego, Ant\u00e1rtida e Islas del Atl\u00e1ntico Sur, <strong>Santa Rosa provincia de La Pampa,<\/strong> ChosMalal provincia del Neuqu\u00e9n, General Roca y Viedma de la Provincia de R\u00edo Negro y las ciudades de Esquel y Comodoro Rivadavia de la provincia del Chubut.<\/p>\n<p>Adem\u00e1s se pidi\u00f3 que L\u00edneas A\u00e9reas del Estado (LADE) incluyan, en sus rutas patag\u00f3nicas, a la provincia de La Pampa.<\/p>\n<p>Esta semana, Aerolineas Argentinas S.A. anunci\u00f3 el <strong>incremento de vuelos para el segundo trimestre del a\u00f1o a las provincias de Catamarca, La Rioja, Salta, Tucum\u00e1n, Misiones, Entre R\u00edos, Santa Fe, C\u00f3rdoba, San Juan, Mendoza y Neuqu\u00e9n.<\/strong><\/p>\n<p>Sin embargo, <strong>La Pampa no sum\u00f3 nuevas frecuencias, tanto en Santa Rosa como en General Pico.<\/strong><\/p>\n<p>Seg\u00fan inform\u00f3 la Aerol\u00ednea de bandera, ser\u00e1n <strong>60 nuevas frecuencias en varias de sus rutas dom\u00e9sticas. Todas desde o hacia el Aeropuerto Jorge Newbery de la Capital Federal.<\/strong><\/p>\n<p>Esta no es la primera vez que La Pampa reclama por el servicio aerocomercial. En agosto del a\u00f1o pasado la Provincia intim\u00f3 a la empresa Aeropuertos Argentina 2000, concesionaria de los aeropuertos, para que informe por el estado de las obras del Aeropuerto de General Pico, motivo por el cual estaban suspendidos los vuelos aerocomerciales.<\/p>\n<p>En enero de este a\u00f1o, tras una prueba de verificaci\u00f3n de las ayudas visuales de pista, realizado por la Fuerza A\u00e9rea Argentina, certificaron la operatividad hasta el 2024.<\/p>\n","protected":false},"excerpt":{"rendered":"<p>Aerol\u00edneas Argentinas S.A. anunci\u00f3 el incremento de 60 frecuencias para el segundo trimestre del a\u00f1o en 12 provincias; ninguno a los aeropuertos de Santa Rosa o General Pico. La Pampa&hellip;<\/p>\n","protected":false},"author":5,"featured_media":345215,"comment_status":"closed","ping_status":"open","sticky":false,"template":"","format":"standard","meta":{"footnotes":""},"categories":[13],"tags":[],"class_list":["post-361962","post","type-post","status-publish","format-standard","has-post-thumbnail","hentry","category-provincia"],"jetpack_featured_media_url":"https:\/\/www.planbnoticias.com.ar\/wp-content\/uploads\/2022\/11\/aeropuerto-santa-rosa-5.jpg","_links":{"self":[{"href":"https:\/\/www.planbnoticias.com.ar\/index.php\/wp-json\/wp\/v2\/posts\/361962","targetHints":{"allow":["GET"]}}],"collection":[{"href":"https:\/\/www.planbnoticias.com.ar\/index.php\/wp-json\/wp\/v2\/posts"}],"about":[{"href":"https:\/\/www.planbnoticias.com.ar\/index.php\/wp-json\/wp\/v2\/types\/post"}],"author":[{"embeddable":true,"href":"https:\/\/www.planbnoticias.com.ar\/index.php\/wp-json\/wp\/v2\/users\/5"}],"replies":[{"embeddable":true,"href":"https:\/\/www.planbnoticias.com.ar\/index.php\/wp-json\/wp\/v2\/comments?post=361962"}],"version-history":[{"count":3,"href":"https:\/\/www.planbnoticias.com.ar\/index.php\/wp-json\/wp\/v2\/posts\/361962\/revisions"}],"predecessor-version":[{"id":361965,"href":"https:\/\/www.planbnoticias.com.ar\/index.php\/wp-json\/wp\/v2\/posts\/361962\/revisions\/361965"}],"wp:featuredmedia":[{"embeddable":true,"href":"https:\/\/www.planbnoticias.com.ar\/index.php\/wp-json\/wp\/v2\/media\/345215"}],"wp:attachment":[{"href":"https:\/\/www.planbnoticias.com.ar\/index.php\/wp-json\/wp\/v2\/media?parent=361962"}],"wp:term":[{"taxonomy":"category","embeddable":true,"href":"https:\/\/www.planbnoticias.com.ar\/index.php\/wp-json\/wp\/v2\/categories?post=361962"},{"taxonomy":"post_tag","embeddable":true,"href":"https:\/\/www.planbnoticias.com.ar\/index.php\/wp-json\/wp\/v2\/tags?post=361962"}],"curies":[{"name":"wp","href":"https:\/\/api.w.org\/{rel}","templated":true}]}}