{"id":365493,"date":"2023-04-28T08:39:51","date_gmt":"2023-04-28T11:39:51","guid":{"rendered":"https:\/\/www.planbnoticias.com.ar\/?p=365493"},"modified":"2023-04-28T08:39:51","modified_gmt":"2023-04-28T11:39:51","slug":"el-frepam-pide-que-el-municipio-realice-tareas-preventivas-contra-el-dengue","status":"publish","type":"post","link":"https:\/\/www.planbnoticias.com.ar\/index.php\/2023\/04\/28\/el-frepam-pide-que-el-municipio-realice-tareas-preventivas-contra-el-dengue\/","title":{"rendered":"El Frepam pide que el municipio realice tareas preventivas contra el dengue"},"content":{"rendered":"<p><img fetchpriority=\"high\" decoding=\"async\" class=\"alignnone size-full wp-image-357935\" src=\"https:\/\/www.planbnoticias.com.ar\/wp-content\/uploads\/2023\/03\/giorgis-bloque-frepam.jpeg\" alt=\"\" width=\"1280\" height=\"720\" srcset=\"https:\/\/www.planbnoticias.com.ar\/wp-content\/uploads\/2023\/03\/giorgis-bloque-frepam.jpeg 1280w, https:\/\/www.planbnoticias.com.ar\/wp-content\/uploads\/2023\/03\/giorgis-bloque-frepam-300x169.jpeg 300w, https:\/\/www.planbnoticias.com.ar\/wp-content\/uploads\/2023\/03\/giorgis-bloque-frepam-1024x576.jpeg 1024w, https:\/\/www.planbnoticias.com.ar\/wp-content\/uploads\/2023\/03\/giorgis-bloque-frepam-768x432.jpeg 768w, https:\/\/www.planbnoticias.com.ar\/wp-content\/uploads\/2023\/03\/giorgis-bloque-frepam-1170x658.jpeg 1170w, https:\/\/www.planbnoticias.com.ar\/wp-content\/uploads\/2023\/03\/giorgis-bloque-frepam-585x329.jpeg 585w\" sizes=\"(max-width: 1280px) 100vw, 1280px\" \/><\/p>\n<p>El bloque de ediles de la oposici\u00f3n present\u00f3 un proyecto que insiste en la necesidad de que se realicen acciones de prevenci\u00f3n y reclam\u00f3 que el Municipio ponga en pr\u00e1ctica las recomendaciones del Ministerio de Salud.<\/p>\n<p>\u201cHemos requerido que el Municipio realice las correspondientes tareas de mantenimiento que son de su exclusiva competencia, tendientes a prevenir la proliferaci\u00f3n del mosquito vector del dengue, entre las que se sugiere: eliminaci\u00f3n de minibasurales; mantenimiento adecuado del relleno sanitario; limpieza y mantenimiento de los cuencos y desag\u00fces pluviales; campa\u00f1a de descacharrizado en domicilios particulares y retiro de veh\u00edculos abandonados en la v\u00eda p\u00fablica; arreglo permanente de baches en la v\u00eda p\u00fablica; evitar la acumulaci\u00f3n de agua estancada en espacios municipales, como fuentes en las distintas plazas, piletas de nataci\u00f3n, cementerios, etc.;\u00a0 tareas de fumigaci\u00f3n, a modo de complemento; realizar campa\u00f1as de difusi\u00f3n sobre acciones preventivas a adoptar en cada domicilio; entre otras\u201d, se\u00f1alaron.<\/p>\n<p><script async src=\"\/\/pagead2.googlesyndication.com\/pagead\/js\/adsbygoogle.js\"><\/script><\/p>\n<p><!-- Publi m\u00f3vil interior nota --><\/p>\n<p>&nbsp;<\/p>\n<p><script><\/p>\n<p>(adsbygoogle = window.adsbygoogle || []).push({});<\/p>\n<p><\/script><\/p>\n<p>\u201cAdem\u00e1s, solicitamos al Municipio que se encargue del mantenimiento adecuado de los espacios p\u00fablicos. Por ejemplo, en la fuente de la Plaza Mitre puede observarse agua estancada, hojas, y basura, lo que denota una conducta imprudente de la actual gesti\u00f3n\u201d, criticaron.<\/p>\n<p>El proyecto presentado consigna lo siguiente:<\/p>\n<p>VISTO<\/p>\n<p>La proliferaci\u00f3n del dengue en la provincia de La Pampa, y en especial en la ciudad de Santa Rosa, y<\/p>\n<p>CONSIDERANDO<\/p>\n<p>Que en los \u00faltimos d\u00edas se han conocido casos de dengue en Santa Rosa.<\/p>\n<p>Que las altas temperaturas que estamos transitando en relaci\u00f3n a la \u00e9poca oto\u00f1al favorecen la proliferaci\u00f3n de mosquitos y aumentan el riesgo de contagio.<\/p>\n<p>Que venimos de atravesar el verano m\u00e1s c\u00e1lido del que se tenga registro, y el oto\u00f1o se presenta con temperaturas m\u00e1s elevadas al promedio por influencia del cambio clim\u00e1tico, fen\u00f3meno \u00e9ste que obliga a los distintos estamentos del Estado a tomar acciones de mitigaci\u00f3n para proteger a la poblaci\u00f3n, en particular a los sectores m\u00e1s vulnerables.<\/p>\n<p>Que actualmente el pa\u00eds atraviesa un brote hist\u00f3rico de dengue, con gran cantidad de contagios e incluso muertes.<\/p>\n<p>Que la Municipalidad de Santa Rosa debe realizar acciones concretas de saneamiento ambiental para prevenir el dengue, acompa\u00f1adas de amplias campa\u00f1as de difusi\u00f3n sobre medidas adoptar en cada domicilio.<\/p>\n<p>Que muchas de las medidas que se deber\u00edan adoptar a modo de prevenci\u00f3n corresponden a la competencia municipal, independientemente de la intervenci\u00f3n del Ministerio de Salud en la cuesti\u00f3n.<\/p>\n<p>Que anteriormente hemos solicitado formalmente campa\u00f1as de difusi\u00f3n e intervenciones concretas para prevenir la proliferaci\u00f3n del dengue. Asimismo, en los \u00faltimos tres a\u00f1os y medio hemos solicitado al Departamento Ejecutivo distintas acciones que son de su exclusiva competencia, todas relacionadas con el mantenimiento de la ciudad y la salubridad urbana.<\/p>\n<p><img decoding=\"async\" class=\"alignnone size-full wp-image-365494\" src=\"https:\/\/www.planbnoticias.com.ar\/wp-content\/uploads\/2023\/04\/dengue.jpeg\" alt=\"\" width=\"1280\" height=\"720\" srcset=\"https:\/\/www.planbnoticias.com.ar\/wp-content\/uploads\/2023\/04\/dengue.jpeg 1280w, https:\/\/www.planbnoticias.com.ar\/wp-content\/uploads\/2023\/04\/dengue-300x169.jpeg 300w, https:\/\/www.planbnoticias.com.ar\/wp-content\/uploads\/2023\/04\/dengue-1024x576.jpeg 1024w, https:\/\/www.planbnoticias.com.ar\/wp-content\/uploads\/2023\/04\/dengue-768x432.jpeg 768w, https:\/\/www.planbnoticias.com.ar\/wp-content\/uploads\/2023\/04\/dengue-1170x658.jpeg 1170w, https:\/\/www.planbnoticias.com.ar\/wp-content\/uploads\/2023\/04\/dengue-585x329.jpeg 585w\" sizes=\"(max-width: 1280px) 100vw, 1280px\" \/><\/p>\n<p>Que en tal sentido, a lo largo de la actual gesti\u00f3n, hemos requerido la eliminaci\u00f3n de minibasurales, el mantenimiento adecuado del relleno sanitario (que cuenta actualmente con un estado de abandono preocupante con basura amontonada a cielo abierto), el retiro de veh\u00edculos abandonados en la v\u00eda p\u00fablica, la limpieza de cuencos y canales pluviales, reparaciones de pozos en las calles, entre otras.<\/p>\n<p>Que en todos los casos los pedidos al Departamento Ejecutivo mencionados no han sido siquiera considerados por el oficialismo.<\/p>\n<p>Que la situaci\u00f3n actual en torno al dengue en nuestra ciudad nos obliga a insistir en el tema, concentrando en un mismo proyecto diversos pedidos, tendientes a eliminar los criaderos del Aedes aegypti, insecto vector del dengue, zika y chikungunya.<\/p>\n<p>Que en tal sentido, reiteramos que deben eliminarse los minibasurales y basurales a cielo abierto esparcidos en distintos puntos de la ciudad. Debe considerarse especialmente la situaci\u00f3n del relleno sanitario, en el que se amontona basura a cielo abierto favoreciendo la presencia de mosquitos en el propio predio y en barrios aleda\u00f1os.<\/p>\n<p>Que tambi\u00e9n hay que mantener constantemente en buen estado de conservaci\u00f3n y limpieza los distintos cuencos colectores de nuestra ciudad, y los canales pluviales y desag\u00fces, para un correcto funcionamiento del sistema y evitar el estancamiento de agua.<\/p>\n<p>Que las tareas de reparaci\u00f3n y bacheo tambi\u00e9n son fundamentales no s\u00f3lo por la transitabilidad de las calles, sino para evitar la acumulaci\u00f3n de agua en los pozos.<\/p>\n<p>Que deben realizarse tareas de limpieza y desmalezamiento en los distintos espacios verdes municipales, descacharrizado, y retiro de la gran cantidad de veh\u00edculos abandonados que hay en la v\u00eda p\u00fablica -intimaciones al due\u00f1o de por medio, que ya deber\u00edan haberse realizado-.<\/p>\n<p>Que otro sector importante a la hora de realizar tareas de prevenci\u00f3n son los cementerios, donde deber\u00edan tomarse medidas tendientes a evitar acumulaci\u00f3n de agua en floreros, que puede reemplazarse temporalmente por arena h\u00fameda, como se ha hecho en anteriores oportunidades.<\/p>\n<p>Que el Municipio tambi\u00e9n debe cumplir con el mantenimiento de sus propios espacios. Por ejemplo, la fuente de la Plaza Mitre puede observarse con agua estancada, hojas, y basura, lo que denota una conducta imprudente del Departamento Ejecutivo.<\/p>\n<p>Que en general, debe propenderse a la eliminaci\u00f3n de criaderos del mosquito Aedes aegypti mediante un conjunto de actividades destinadas a la eliminaci\u00f3n o neutralizaci\u00f3n de elementos y objetos peque\u00f1os y medianos que acumulan agua, que no son \u00fatiles para el morador de la vivienda ni para la comunidad, y que podr\u00edan servir de criaderos de mosquitos.<\/p>\n<p>Que complementariamente, deben realizarse tareas de fumigaci\u00f3n, pese a que la aplicaci\u00f3n de insecticidas est\u00e1 destinada a eliminar a los mosquitos adultos, y no a los huevos y a las larvas.<\/p>\n<p>Que notamos que el Municipio no est\u00e1 realizando todo lo que deber\u00eda hacer en relaci\u00f3n a la prevenci\u00f3n del dengue, y por eso formalizamos este pedido.<\/p>\n<p>Por ello, el Bloque Frepam proyecta la siguiente<\/p>\n<p><strong>COMUNICACI\u00d3N:<\/strong><\/p>\n<p>El Concejo Deliberante se dirige al Departamento Ejecutivo a fin de solicitarle que realice las correspondientes tareas de mantenimiento que son de su exclusiva competencia, tendientes a prevenir la proliferaci\u00f3n del mosquito vector del dengue, entre las que se sugiere:<\/p>\n<p>&#8211; eliminaci\u00f3n de minibasurales<\/p>\n<p>&#8211; mantenimiento adecuado del relleno sanitario<\/p>\n<p>&#8211; limpieza y mantenimiento de los cuencos y desag\u00fces pluviales<\/p>\n<p>&#8211; campa\u00f1a de descacharrizado en domicilios particulares y retiro de veh\u00edculos abandonados en la v\u00eda p\u00fablica<\/p>\n<p>&#8211; arreglo permanente de baches en la v\u00eda p\u00fablica<\/p>\n<p>&#8211; evitar la acumulaci\u00f3n de agua estancada en espacios municipales, como fuentes en las distintas plazas, piletas de nataci\u00f3n, cementerios, etc.<\/p>\n<p>&#8211; tareas de fumigaci\u00f3n, a modo de complemento<\/p>\n<p>&#8211; realizar campa\u00f1as de difusi\u00f3n sobre acciones preventivas a adoptar en cada domicilio<\/p>\n","protected":false},"excerpt":{"rendered":"<p>El bloque de ediles de la oposici\u00f3n present\u00f3 un proyecto que insiste en la necesidad de que se realicen acciones de prevenci\u00f3n y reclam\u00f3 que el Municipio ponga en pr\u00e1ctica&hellip;<\/p>\n","protected":false},"author":3,"featured_media":357935,"comment_status":"closed","ping_status":"open","sticky":false,"template":"","format":"standard","meta":{"footnotes":""},"categories":[4],"tags":[],"class_list":["post-365493","post","type-post","status-publish","format-standard","has-post-thumbnail","hentry","category-ciudad"],"jetpack_featured_media_url":"https:\/\/www.planbnoticias.com.ar\/wp-content\/uploads\/2023\/03\/giorgis-bloque-frepam.jpeg","_links":{"self":[{"href":"https:\/\/www.planbnoticias.com.ar\/index.php\/wp-json\/wp\/v2\/posts\/365493","targetHints":{"allow":["GET"]}}],"collection":[{"href":"https:\/\/www.planbnoticias.com.ar\/index.php\/wp-json\/wp\/v2\/posts"}],"about":[{"href":"https:\/\/www.planbnoticias.com.ar\/index.php\/wp-json\/wp\/v2\/types\/post"}],"author":[{"embeddable":true,"href":"https:\/\/www.planbnoticias.com.ar\/index.php\/wp-json\/wp\/v2\/users\/3"}],"replies":[{"embeddable":true,"href":"https:\/\/www.planbnoticias.com.ar\/index.php\/wp-json\/wp\/v2\/comments?post=365493"}],"version-history":[{"count":1,"href":"https:\/\/www.planbnoticias.com.ar\/index.php\/wp-json\/wp\/v2\/posts\/365493\/revisions"}],"predecessor-version":[{"id":365495,"href":"https:\/\/www.planbnoticias.com.ar\/index.php\/wp-json\/wp\/v2\/posts\/365493\/revisions\/365495"}],"wp:featuredmedia":[{"embeddable":true,"href":"https:\/\/www.planbnoticias.com.ar\/index.php\/wp-json\/wp\/v2\/media\/357935"}],"wp:attachment":[{"href":"https:\/\/www.planbnoticias.com.ar\/index.php\/wp-json\/wp\/v2\/media?parent=365493"}],"wp:term":[{"taxonomy":"category","embeddable":true,"href":"https:\/\/www.planbnoticias.com.ar\/index.php\/wp-json\/wp\/v2\/categories?post=365493"},{"taxonomy":"post_tag","embeddable":true,"href":"https:\/\/www.planbnoticias.com.ar\/index.php\/wp-json\/wp\/v2\/tags?post=365493"}],"curies":[{"name":"wp","href":"https:\/\/api.w.org\/{rel}","templated":true}]}}