{"id":371603,"date":"2023-06-13T13:00:49","date_gmt":"2023-06-13T16:00:49","guid":{"rendered":"https:\/\/www.planbnoticias.com.ar\/?p=371603"},"modified":"2023-06-13T13:01:46","modified_gmt":"2023-06-13T16:01:46","slug":"el-frepam-solicita-al-blp-que-agregue-otro-dia-por-semana-para-la-promocion-en-farmacias","status":"publish","type":"post","link":"https:\/\/www.planbnoticias.com.ar\/index.php\/2023\/06\/13\/el-frepam-solicita-al-blp-que-agregue-otro-dia-por-semana-para-la-promocion-en-farmacias\/","title":{"rendered":"El Frepam solicita al BLP que agregue otro d\u00eda por semana para la promoci\u00f3n en Farmacias"},"content":{"rendered":"<p><img fetchpriority=\"high\" decoding=\"async\" class=\"alignnone size-full wp-image-357935\" src=\"https:\/\/www.planbnoticias.com.ar\/wp-content\/uploads\/2023\/03\/giorgis-bloque-frepam.jpeg\" alt=\"\" width=\"1280\" height=\"720\" srcset=\"https:\/\/www.planbnoticias.com.ar\/wp-content\/uploads\/2023\/03\/giorgis-bloque-frepam.jpeg 1280w, https:\/\/www.planbnoticias.com.ar\/wp-content\/uploads\/2023\/03\/giorgis-bloque-frepam-300x169.jpeg 300w, https:\/\/www.planbnoticias.com.ar\/wp-content\/uploads\/2023\/03\/giorgis-bloque-frepam-1024x576.jpeg 1024w, https:\/\/www.planbnoticias.com.ar\/wp-content\/uploads\/2023\/03\/giorgis-bloque-frepam-768x432.jpeg 768w, https:\/\/www.planbnoticias.com.ar\/wp-content\/uploads\/2023\/03\/giorgis-bloque-frepam-1170x658.jpeg 1170w, https:\/\/www.planbnoticias.com.ar\/wp-content\/uploads\/2023\/03\/giorgis-bloque-frepam-585x329.jpeg 585w\" sizes=\"(max-width: 1280px) 100vw, 1280px\" \/><\/p>\n<p>El bloque de ediles del Frepam present\u00f3 un Proyecto de Resoluci\u00f3n que solicita a las autoridades del Banco de La Pampa analicen la posibilidad de agregar un nuevo d\u00eda a la semana, adem\u00e1s de los martes, para hacer uso de la promoci\u00f3n de reintegro por consumo en farmacias y perfumer\u00edas destinada a titulares del \u201cPaquete Pampa\u201d, todo ello a los fines de descomprimir la enorme convocatoria de p\u00fablico.<\/p>\n<p><script async src=\"\/\/pagead2.googlesyndication.com\/pagead\/js\/adsbygoogle.js\"><\/script><\/p>\n<p><!-- Publi m\u00f3vil interior nota --><\/p>\n<p>&nbsp;<\/p>\n<p><script><\/p>\n<p>(adsbygoogle = window.adsbygoogle || []).push({});<\/p>\n<p><\/script><\/p>\n<p><strong>El proyecto consigna, lo siguiente:<\/strong><\/p>\n<p>VISTO:<\/p>\n<p>La promoci\u00f3n bancaria de Descuento en Farmacias y Perfumer\u00edas, programada en los d\u00edas martes exclusivamente, para compras con tarjetas Cald\u00e9n MasterCard y Cald\u00e9n Visa y<\/p>\n<p>CONSIDERANDO:<\/p>\n<p>Que el Banco de la Pampa habilita peri\u00f3dicamente promociones de reintegros a quienes sean titulares de tarjetas de cr\u00e9dito y posean un \u201cPaquete\u201d, bajo las condiciones que expresamente se establecen de antemano.<\/p>\n<p>Que dentro de los beneficios que se encuentran actualmente en vigencia, se destaca la promoci\u00f3n de los d\u00edas martes para descuentos en compras de farmacias y perfumer\u00edas. Que al respecto se establece un reintegro equivalente al 25% del monto de la compra, con las limitaciones indicadas por el Banco respecto al tope mensual.<\/p>\n<p>Que en los hechos, este tipo de beneficios son muy bien recibidos en estas \u00e9pocas de dif\u00edcil sostenimiento econ\u00f3mico, con acuciantes \u00edndices de inflaci\u00f3n y que impactan con mayor incidencia en la poblaci\u00f3n que se encuentra en situaci\u00f3n de vulnerabilidad.<\/p>\n<p>Que en la realidad esta particular promoci\u00f3n de los martes, ha provocado que durante ese d\u00eda, las farmacias de la ciudad de Santa Rosa, vean copados sus recintos con una enorme afluencia de p\u00fablico que se encuentra en la b\u00fasqueda de sus necesarios remedios. Que vale considerar al efecto de la presente, que quienes recurren al servicio de farmacia suelen en su mayor\u00eda, estar transitando un proceso de afectaci\u00f3n a su salud que requiere que se establezcan par\u00e1metros preventivos, los cuales involucran el evitar aglomeraciones de personas en espacios reducidos. M\u00e1s a\u00fan ante la presencia muchas veces de adultos mayores y considerando adem\u00e1s la \u00e9poca invernal donde se hace a\u00fan m\u00e1s necesario evitar permanencia durante mucho tiempo en espacios cerrados.<\/p>\n<p>Que hemos recepcionado esta inquietud de parte de vecinos y vecina de nuestra ciudad, motivo por el cual, en raz\u00f3n de lo dicho y haciendo uso de las atribuciones que se tienen al efecto, este Concejo Deliberante, apela al Banco de La Pampa para que analice la posibilidad de habilitar \u00a0un d\u00eda extra a la promoci\u00f3n de reintegro en farmacias. Que lo que se est\u00e1 pidiendo no altera la sustancia de la campa\u00f1a bancaria sino que representar\u00eda un beneficio para quienes consumen productos de farmacia como para el mismo Banco, que contar\u00eda con mayor actividad.<\/p>\n<p>POR ELLO:<\/p>\n<p>El Bloque de Concejala y Concejales del Frepam presenta el siguiente proyecto de:<\/p>\n<p>RESOLUCI\u00d3N:<\/p>\n<p>ART\u00cdCULO 1: \u00a0Solicitar a las autoridades del Banco de La Pampa analicen la posibilidad de agregar un nuevo d\u00eda a la semana, adem\u00e1s de los martes, para hacer uso de la promoci\u00f3n de reintegro por consumo en farmacias y perfumer\u00edas destinada a titulares del \u201cPaquete Pampa\u201d, todo ello a los fines de descomprimir la enorme convocatoria de p\u00fablico.<\/p>\n<p>ART\u00cdCULO 2: \u00a0De forma.<\/p>\n","protected":false},"excerpt":{"rendered":"<p>El bloque de ediles del Frepam present\u00f3 un Proyecto de Resoluci\u00f3n que solicita a las autoridades del Banco de La Pampa analicen la posibilidad de agregar un nuevo d\u00eda a&hellip;<\/p>\n","protected":false},"author":3,"featured_media":357935,"comment_status":"closed","ping_status":"open","sticky":false,"template":"","format":"standard","meta":{"footnotes":""},"categories":[4],"tags":[],"class_list":["post-371603","post","type-post","status-publish","format-standard","has-post-thumbnail","hentry","category-ciudad"],"jetpack_featured_media_url":"https:\/\/www.planbnoticias.com.ar\/wp-content\/uploads\/2023\/03\/giorgis-bloque-frepam.jpeg","_links":{"self":[{"href":"https:\/\/www.planbnoticias.com.ar\/index.php\/wp-json\/wp\/v2\/posts\/371603","targetHints":{"allow":["GET"]}}],"collection":[{"href":"https:\/\/www.planbnoticias.com.ar\/index.php\/wp-json\/wp\/v2\/posts"}],"about":[{"href":"https:\/\/www.planbnoticias.com.ar\/index.php\/wp-json\/wp\/v2\/types\/post"}],"author":[{"embeddable":true,"href":"https:\/\/www.planbnoticias.com.ar\/index.php\/wp-json\/wp\/v2\/users\/3"}],"replies":[{"embeddable":true,"href":"https:\/\/www.planbnoticias.com.ar\/index.php\/wp-json\/wp\/v2\/comments?post=371603"}],"version-history":[{"count":2,"href":"https:\/\/www.planbnoticias.com.ar\/index.php\/wp-json\/wp\/v2\/posts\/371603\/revisions"}],"predecessor-version":[{"id":371606,"href":"https:\/\/www.planbnoticias.com.ar\/index.php\/wp-json\/wp\/v2\/posts\/371603\/revisions\/371606"}],"wp:featuredmedia":[{"embeddable":true,"href":"https:\/\/www.planbnoticias.com.ar\/index.php\/wp-json\/wp\/v2\/media\/357935"}],"wp:attachment":[{"href":"https:\/\/www.planbnoticias.com.ar\/index.php\/wp-json\/wp\/v2\/media?parent=371603"}],"wp:term":[{"taxonomy":"category","embeddable":true,"href":"https:\/\/www.planbnoticias.com.ar\/index.php\/wp-json\/wp\/v2\/categories?post=371603"},{"taxonomy":"post_tag","embeddable":true,"href":"https:\/\/www.planbnoticias.com.ar\/index.php\/wp-json\/wp\/v2\/tags?post=371603"}],"curies":[{"name":"wp","href":"https:\/\/api.w.org\/{rel}","templated":true}]}}