{"id":373337,"date":"2023-06-26T07:06:45","date_gmt":"2023-06-26T10:06:45","guid":{"rendered":"https:\/\/www.planbnoticias.com.ar\/?p=373337"},"modified":"2023-06-26T07:06:45","modified_gmt":"2023-06-26T10:06:45","slug":"oficializan-la-designacion-de-dos-integrantes-del-poder-judicial-en-la-pampa","status":"publish","type":"post","link":"https:\/\/www.planbnoticias.com.ar\/index.php\/2023\/06\/26\/oficializan-la-designacion-de-dos-integrantes-del-poder-judicial-en-la-pampa\/","title":{"rendered":"Oficializan la designaci\u00f3n de dos integrantes del Poder Judicial en La Pampa"},"content":{"rendered":"<p><img fetchpriority=\"high\" decoding=\"async\" class=\"alignnone size-full wp-image-343241\" src=\"https:\/\/www.planbnoticias.com.ar\/wp-content\/uploads\/2022\/11\/ciudad-judicial-comienzo-juicio-lucio.jpeg\" alt=\"\" width=\"1599\" height=\"1066\" srcset=\"https:\/\/www.planbnoticias.com.ar\/wp-content\/uploads\/2022\/11\/ciudad-judicial-comienzo-juicio-lucio.jpeg 1599w, https:\/\/www.planbnoticias.com.ar\/wp-content\/uploads\/2022\/11\/ciudad-judicial-comienzo-juicio-lucio-300x200.jpeg 300w, https:\/\/www.planbnoticias.com.ar\/wp-content\/uploads\/2022\/11\/ciudad-judicial-comienzo-juicio-lucio-1024x683.jpeg 1024w, https:\/\/www.planbnoticias.com.ar\/wp-content\/uploads\/2022\/11\/ciudad-judicial-comienzo-juicio-lucio-768x512.jpeg 768w, https:\/\/www.planbnoticias.com.ar\/wp-content\/uploads\/2022\/11\/ciudad-judicial-comienzo-juicio-lucio-1536x1024.jpeg 1536w, https:\/\/www.planbnoticias.com.ar\/wp-content\/uploads\/2022\/11\/ciudad-judicial-comienzo-juicio-lucio-1170x780.jpeg 1170w, https:\/\/www.planbnoticias.com.ar\/wp-content\/uploads\/2022\/11\/ciudad-judicial-comienzo-juicio-lucio-585x390.jpeg 585w, https:\/\/www.planbnoticias.com.ar\/wp-content\/uploads\/2022\/11\/ciudad-judicial-comienzo-juicio-lucio-263x175.jpeg 263w\" sizes=\"(max-width: 1599px) 100vw, 1599px\" \/><\/p>\n<p>Se trata de un juez contravencional y de una integrante del Ministerio P\u00fablico Fiscal.<\/p>\n<p>Mediante el Decreto N\u00ba 2419 designaron a \u201cPablo Andr\u00e9s De Biasi para, ocupar como sustituto el cargo de Juez Contravencional de la Primera Circunscripci\u00f3n Judicial, con asiento en la ciudad de Santa Rosa, hasta que finalicen las circunstancias que la motivan, hasta una nueva designaci\u00f3n o hasta el d\u00eda 31 de diciembre de 2023, inclusive, lo que suceda primero\u201d<br \/>\n<script async src=\"\/\/pagead2.googlesyndication.com\/pagead\/js\/adsbygoogle.js\"><\/script><br \/>\n<!-- Publi m\u00f3vil interior nota --><br \/>\n<ins class=\"adsbygoogle\" style=\"display: inline-block; width: 320px; height: 100px;\" data-ad-client=\"ca-pub-7250018434179914\" data-ad-slot=\"1040343543\"><\/ins><br \/>\n<script>\n(adsbygoogle = window.adsbygoogle || []).push({});\n<\/script><\/p>\n<p>Mediante el Decreto N\u00ba 2420 a \u201cPaula Soledad Duscher para ocupar como sustituto el cargo de Fiscal del Ministerio P\u00fablico Fiscal de la Tercera Circunscripci\u00f3n Judicial, con sede en General Acha, hasta que finalicen las circunstancias que la motivan, hasta una nueva designaci\u00f3n o hasta el d\u00eda 31 de diciembre de 2023, inclusive, lo que suceda primero\u201d<\/p>\n","protected":false},"excerpt":{"rendered":"<p>Se trata de un juez contravencional y de una integrante del Ministerio P\u00fablico Fiscal. Mediante el Decreto N\u00ba 2419 designaron a \u201cPablo Andr\u00e9s De Biasi para, ocupar como sustituto el&hellip;<\/p>\n","protected":false},"author":2,"featured_media":343241,"comment_status":"closed","ping_status":"open","sticky":false,"template":"","format":"standard","meta":{"footnotes":""},"categories":[13],"tags":[],"class_list":["post-373337","post","type-post","status-publish","format-standard","has-post-thumbnail","hentry","category-provincia"],"jetpack_featured_media_url":"https:\/\/www.planbnoticias.com.ar\/wp-content\/uploads\/2022\/11\/ciudad-judicial-comienzo-juicio-lucio.jpeg","_links":{"self":[{"href":"https:\/\/www.planbnoticias.com.ar\/index.php\/wp-json\/wp\/v2\/posts\/373337","targetHints":{"allow":["GET"]}}],"collection":[{"href":"https:\/\/www.planbnoticias.com.ar\/index.php\/wp-json\/wp\/v2\/posts"}],"about":[{"href":"https:\/\/www.planbnoticias.com.ar\/index.php\/wp-json\/wp\/v2\/types\/post"}],"author":[{"embeddable":true,"href":"https:\/\/www.planbnoticias.com.ar\/index.php\/wp-json\/wp\/v2\/users\/2"}],"replies":[{"embeddable":true,"href":"https:\/\/www.planbnoticias.com.ar\/index.php\/wp-json\/wp\/v2\/comments?post=373337"}],"version-history":[{"count":1,"href":"https:\/\/www.planbnoticias.com.ar\/index.php\/wp-json\/wp\/v2\/posts\/373337\/revisions"}],"predecessor-version":[{"id":373338,"href":"https:\/\/www.planbnoticias.com.ar\/index.php\/wp-json\/wp\/v2\/posts\/373337\/revisions\/373338"}],"wp:featuredmedia":[{"embeddable":true,"href":"https:\/\/www.planbnoticias.com.ar\/index.php\/wp-json\/wp\/v2\/media\/343241"}],"wp:attachment":[{"href":"https:\/\/www.planbnoticias.com.ar\/index.php\/wp-json\/wp\/v2\/media?parent=373337"}],"wp:term":[{"taxonomy":"category","embeddable":true,"href":"https:\/\/www.planbnoticias.com.ar\/index.php\/wp-json\/wp\/v2\/categories?post=373337"},{"taxonomy":"post_tag","embeddable":true,"href":"https:\/\/www.planbnoticias.com.ar\/index.php\/wp-json\/wp\/v2\/tags?post=373337"}],"curies":[{"name":"wp","href":"https:\/\/api.w.org\/{rel}","templated":true}]}}