{"id":377223,"date":"2023-07-27T11:07:34","date_gmt":"2023-07-27T14:07:34","guid":{"rendered":"https:\/\/www.planbnoticias.com.ar\/?p=377223"},"modified":"2023-07-27T11:07:34","modified_gmt":"2023-07-27T14:07:34","slug":"proponen-que-las-licencias-psicologicas-incluyan-al-personal-administrativo-y-legal-de-la-direccion-de-politicas-de-genero","status":"publish","type":"post","link":"https:\/\/www.planbnoticias.com.ar\/index.php\/2023\/07\/27\/proponen-que-las-licencias-psicologicas-incluyan-al-personal-administrativo-y-legal-de-la-direccion-de-politicas-de-genero\/","title":{"rendered":"Proponen que las licencias psicol\u00f3gicas incluyan al personal administrativo y legal de la Direcci\u00f3n de Pol\u00edticas de G\u00e9nero"},"content":{"rendered":"<p><img fetchpriority=\"high\" decoding=\"async\" class=\"alignnone size-full wp-image-357935\" src=\"https:\/\/www.planbnoticias.com.ar\/wp-content\/uploads\/2023\/03\/giorgis-bloque-frepam.jpeg\" alt=\"\" width=\"1280\" height=\"720\" srcset=\"https:\/\/www.planbnoticias.com.ar\/wp-content\/uploads\/2023\/03\/giorgis-bloque-frepam.jpeg 1280w, https:\/\/www.planbnoticias.com.ar\/wp-content\/uploads\/2023\/03\/giorgis-bloque-frepam-300x169.jpeg 300w, https:\/\/www.planbnoticias.com.ar\/wp-content\/uploads\/2023\/03\/giorgis-bloque-frepam-1024x576.jpeg 1024w, https:\/\/www.planbnoticias.com.ar\/wp-content\/uploads\/2023\/03\/giorgis-bloque-frepam-768x432.jpeg 768w, https:\/\/www.planbnoticias.com.ar\/wp-content\/uploads\/2023\/03\/giorgis-bloque-frepam-1170x658.jpeg 1170w, https:\/\/www.planbnoticias.com.ar\/wp-content\/uploads\/2023\/03\/giorgis-bloque-frepam-585x329.jpeg 585w\" sizes=\"(max-width: 1280px) 100vw, 1280px\" \/><\/p>\n<p>El Frepam present\u00f3 un proyecto para que, dentro de la Ordenanza 6756\/22, que atiende la necesaria recuperaci\u00f3n emocional y psicol\u00f3gica de las y los profesionales\u00a0 involucrados en el abordaje de situaciones derivadas de las funciones de la Direcci\u00f3n de Pol\u00edticas de G\u00e9nero y Diversidad, este beneficio se haga extensivo al personal legal y administrativo involucrado en dichos procedimientos.<\/p>\n<p><script async src=\"\/\/pagead2.googlesyndication.com\/pagead\/js\/adsbygoogle.js\"><\/script><\/p>\n<p><!-- Publi m\u00f3vil interior nota --><\/p>\n<p>&nbsp;<\/p>\n<p><script><\/p>\n<p>(adsbygoogle = window.adsbygoogle || []).push({});<\/p>\n<p><\/script><br \/>\n\u201cLas y los agentes, tanto administrativos como legales, de la Direcci\u00f3n de Pol\u00edticas de G\u00e9nero y Diversidad que depende de la Secretar\u00eda de Desarrollo Social, llevan adelante el primer abordaje con las personas que en estado de vulnerabilidad se presentan requiriendo la ayuda por la situaci\u00f3n que padecen; y, por lo tanto, hay que plantearlo en un plano de igualdad respecto a los equipos profesionales intervinientes, es que presentamos este proyecto\u201d, indicaron en la iniciativa.<\/p>\n<p><strong>El proyecto de ordenanza, consigna lo siguiente:<\/strong><\/p>\n<p>VISTO:<\/p>\n<p>La Ordenanza 6756\/22 que establece un per\u00edodo de recuperaci\u00f3n laboral para profesionales de psicolog\u00eda, psicopedadog\u00eda, psicolog\u00eda social y acompa\u00f1ante terap\u00e9utico\/a, integrantes de los distintos equipos de la Secretar\u00eda de Desarrollo Social , cuando la atenci\u00f3n que prestan provoque el desgaste ps\u00edquico y emocional propio por la situaci\u00f3n de vulnerabilidad que atienden; y<\/p>\n<p>CONSIDERANDO:<\/p>\n<p>Que las y los agentes tanto administrativos como legales de la Direcci\u00f3n de Pol\u00edticas de G\u00e9nero y Diversidad que depende de la Secretar\u00eda de Desarrollo Social, llevan adelante el primer abordaje con las personas que en estado de vulnerabilidad se presentan requiriendo la ayuda por la situaci\u00f3n que padecen;<\/p>\n<p>Que la situaci\u00f3n actual sea econ\u00f3mica o social provoca un crecimiento en la violencia que sufren mujeres, ni\u00f1as, adolescentes y otras diversidades, reclamando una mayor demanda de la ayuda estatal y en este caso municipal;<\/p>\n<p>Que no se puede desconocer el desgaste f\u00edsico, emocional y mental que sufren las y los agentes municipales que brindan primariamente esa atenci\u00f3n para luego derivarla a los equipos interdisciplinarios de profesionales que prestan el abordaje espec\u00edfico;<\/p>\n<p>Que es necesario brindar un per\u00edodo de recuperaci\u00f3n similar al que tienen las y los profesionales psicosociales y terap\u00e9uticos;<\/p>\n<p>Por lo expuesto, el Bloque de concejal y concejales del Frepam presentan el siguiente proyecto de<\/p>\n<p>ORDENANZA<\/p>\n<p>Art\u00edculo 1\u00b0: Incorp\u00f3rase a la Ordenanza 6756\/22 el art\u00edculo 1\u00b0 Bis , cuyo texto ser\u00e1 el siguiente:<\/p>\n<p>\u201cArt\u00edculo 1\u00b0 Bis: Establ\u00e9cese que las y los agentes que integran los equipos legales y administrativos dependientes de la Direcci\u00f3n de Pol\u00edticas de G\u00e9nero y Diversidad que forma parte la Secretar\u00eda de Desarrollo Social, \u2013 o unidades de organizaci\u00f3n que en el futuro las reemplacen \u2013 gozar\u00e1n de iguales per\u00edodos de recuperaci\u00f3n y en las mismas condiciones que lo previsto en el Art\u00edculo 1\u00b0\u201d.<\/p>\n<p>Art\u00edculo 2\u00b0: De Forma.<\/p>\n","protected":false},"excerpt":{"rendered":"<p>El Frepam present\u00f3 un proyecto para que, dentro de la Ordenanza 6756\/22, que atiende la necesaria recuperaci\u00f3n emocional y psicol\u00f3gica de las y los profesionales\u00a0 involucrados en el abordaje de&hellip;<\/p>\n","protected":false},"author":3,"featured_media":357935,"comment_status":"closed","ping_status":"open","sticky":false,"template":"","format":"standard","meta":{"footnotes":""},"categories":[4],"tags":[],"class_list":["post-377223","post","type-post","status-publish","format-standard","has-post-thumbnail","hentry","category-ciudad"],"jetpack_featured_media_url":"https:\/\/www.planbnoticias.com.ar\/wp-content\/uploads\/2023\/03\/giorgis-bloque-frepam.jpeg","_links":{"self":[{"href":"https:\/\/www.planbnoticias.com.ar\/index.php\/wp-json\/wp\/v2\/posts\/377223","targetHints":{"allow":["GET"]}}],"collection":[{"href":"https:\/\/www.planbnoticias.com.ar\/index.php\/wp-json\/wp\/v2\/posts"}],"about":[{"href":"https:\/\/www.planbnoticias.com.ar\/index.php\/wp-json\/wp\/v2\/types\/post"}],"author":[{"embeddable":true,"href":"https:\/\/www.planbnoticias.com.ar\/index.php\/wp-json\/wp\/v2\/users\/3"}],"replies":[{"embeddable":true,"href":"https:\/\/www.planbnoticias.com.ar\/index.php\/wp-json\/wp\/v2\/comments?post=377223"}],"version-history":[{"count":1,"href":"https:\/\/www.planbnoticias.com.ar\/index.php\/wp-json\/wp\/v2\/posts\/377223\/revisions"}],"predecessor-version":[{"id":377224,"href":"https:\/\/www.planbnoticias.com.ar\/index.php\/wp-json\/wp\/v2\/posts\/377223\/revisions\/377224"}],"wp:featuredmedia":[{"embeddable":true,"href":"https:\/\/www.planbnoticias.com.ar\/index.php\/wp-json\/wp\/v2\/media\/357935"}],"wp:attachment":[{"href":"https:\/\/www.planbnoticias.com.ar\/index.php\/wp-json\/wp\/v2\/media?parent=377223"}],"wp:term":[{"taxonomy":"category","embeddable":true,"href":"https:\/\/www.planbnoticias.com.ar\/index.php\/wp-json\/wp\/v2\/categories?post=377223"},{"taxonomy":"post_tag","embeddable":true,"href":"https:\/\/www.planbnoticias.com.ar\/index.php\/wp-json\/wp\/v2\/tags?post=377223"}],"curies":[{"name":"wp","href":"https:\/\/api.w.org\/{rel}","templated":true}]}}