{"id":381987,"date":"2023-08-28T23:03:20","date_gmt":"2023-08-29T02:03:20","guid":{"rendered":"https:\/\/www.planbnoticias.com.ar\/?p=381987"},"modified":"2023-08-28T23:03:20","modified_gmt":"2023-08-29T02:03:20","slug":"reunion-en-el-barrio-el-faro-le-piden-al-municipio-que-se-realicen-obras-por-la-falta-de-agua","status":"publish","type":"post","link":"https:\/\/www.planbnoticias.com.ar\/index.php\/2023\/08\/28\/reunion-en-el-barrio-el-faro-le-piden-al-municipio-que-se-realicen-obras-por-la-falta-de-agua\/","title":{"rendered":"Reuni\u00f3n en el barrio El Faro: Le piden al municipio que se realicen obras por la falta de agua"},"content":{"rendered":"<p><img fetchpriority=\"high\" decoding=\"async\" class=\"alignnone size-full wp-image-381988\" src=\"https:\/\/www.planbnoticias.com.ar\/wp-content\/uploads\/2023\/08\/reclamo-faro.jpg\" alt=\"\" width=\"1000\" height=\"694\" srcset=\"https:\/\/www.planbnoticias.com.ar\/wp-content\/uploads\/2023\/08\/reclamo-faro.jpg 1000w, https:\/\/www.planbnoticias.com.ar\/wp-content\/uploads\/2023\/08\/reclamo-faro-300x208.jpg 300w, https:\/\/www.planbnoticias.com.ar\/wp-content\/uploads\/2023\/08\/reclamo-faro-768x533.jpg 768w, https:\/\/www.planbnoticias.com.ar\/wp-content\/uploads\/2023\/08\/reclamo-faro-585x406.jpg 585w\" sizes=\"(max-width: 1000px) 100vw, 1000px\" \/><\/p>\n<p>Concejales y concejalas de los bloques Frepam y Propuesta Federal asistieron a la convocatoria de las vecinas y vecinos de los barrios El Faro, Las Camelias, Los Hornos y Colonos Pampeanos, a fin de escuchar el reclamo por la falta de agua potable en esa zona, y las acciones que han llevado adelante en busca de una soluci\u00f3n.<\/p>\n<p>Los ediles se\u00f1alaron que \u201cHace d\u00e9cadas los vecinos vienen reclamando el agua. La Municipalidad, que ha autorizado los loteos en una zona que a\u00fan contin\u00faa en constante crecimiento, no puede olvidarse de estos barrios y permitir que sigan padeciendo la falta de este servicio\u201d.<\/p>\n<p>Detallan que \u201cEl agua subterr\u00e1nea de la zona est\u00e1 contaminada y no es apta para consumo. Estos vecinos y vecinas no pueden usarla para tareas esenciales como beberla, para cocinar, lavarse los dientes, etc. Hoy d\u00eda, quienes viven en la zona, se proveen de agua mediante bidones que compran o traen desde la casa de alg\u00fan familiar que tenga acceso a agua potable\u201d.<\/p>\n<p>Remarcan que \u201cLa actual gesti\u00f3n municipal se jacta de las inversiones del gobierno nacional y provincial que se han realizado en Santa Rosa. Por lo que, claramente, el hecho de no realizar las obras correspondientes para proveer de agua a estos barrios no tiene que ver con la disponibilidad de recursos sino con la fijaci\u00f3n de prioridades\u201d.<\/p>\n<p>\u201cEn este sentido, se est\u00e1 dando prioridad a cuestiones visibles antes que a las soluciones de fondo. Sin ir m\u00e1s lejos, la calle Felice (principal corredor de los barrios en cuesti\u00f3n) est\u00e1 siendo asfaltada. No obstante ser una obra necesaria, lo cierto es que deber\u00eda haber sido prioridad la provisi\u00f3n de agua corriente. As\u00ed lo se\u00f1alamos al momento de discutir la obra, y ha sido ratificado por los vecinos en la reuni\u00f3n mantenida\u201d.<\/p>\n<p>Los concejales sostienen que \u201cLos vecinos necesitan que el Municipio proyecte y gestione las obras de infraestructura para proveer de agua al barrio. Desde ya, est\u00e1n dispuestos a conformar el correspondiente consorcio y abonar las contribuciones pertinentes, incluso afrontando los costos en cada domicilio para poder tener presi\u00f3n\u201d.<\/p>\n<p>\u201cEl acceso al agua potable es un derecho humano. Es uno de los servicios que debe tener garantizado cada vecino para poder gozar de una vivienda digna. Es obligaci\u00f3n del Municipio arbitrar los medios para solucionar urgentemente este problema\u201d, indican.<\/p>\n<p>Precisan que \u201cQuiz\u00e1 la soluci\u00f3n no sea inmediata. Pero el Municipio debe comenzar urgentemente por gestionar y realizar los proyectos correspondientes y darle prioridad a su ejecuci\u00f3n\u201d.<\/p>\n<p>Finalmente expresan \u201cDesde nuestro lugar, y como ya lo hemos hecho, abogaremos para que los vecinos del sudeste de Santa Rosa sean tratados con igualdad al resto y puedan acceder al agua corriente. Consideramos que su reclamo es leg\u00edtimo y debe ser escuchado y solucionado con prioridad\u201d.<\/p>\n<p>Fueron parte de la reuni\u00f3n los actuales concejales Gustavo Estavilla y Marcelo Guerrero, la concejala Claudia Giorgis; y, Fernanda Oddi, Romina Paci, Luj\u00e1n Mazzuco y Diego Camargo, concejales electos, todos pertenecientes al espacio de Juntos por el Cambio.<\/p>\n","protected":false},"excerpt":{"rendered":"<p>Concejales y concejalas de los bloques Frepam y Propuesta Federal asistieron a la convocatoria de las vecinas y vecinos de los barrios El Faro, Las Camelias, Los Hornos y Colonos&hellip;<\/p>\n","protected":false},"author":4,"featured_media":381988,"comment_status":"closed","ping_status":"open","sticky":false,"template":"","format":"standard","meta":{"footnotes":""},"categories":[4],"tags":[],"class_list":["post-381987","post","type-post","status-publish","format-standard","has-post-thumbnail","hentry","category-ciudad"],"jetpack_featured_media_url":"https:\/\/www.planbnoticias.com.ar\/wp-content\/uploads\/2023\/08\/reclamo-faro.jpg","_links":{"self":[{"href":"https:\/\/www.planbnoticias.com.ar\/index.php\/wp-json\/wp\/v2\/posts\/381987","targetHints":{"allow":["GET"]}}],"collection":[{"href":"https:\/\/www.planbnoticias.com.ar\/index.php\/wp-json\/wp\/v2\/posts"}],"about":[{"href":"https:\/\/www.planbnoticias.com.ar\/index.php\/wp-json\/wp\/v2\/types\/post"}],"author":[{"embeddable":true,"href":"https:\/\/www.planbnoticias.com.ar\/index.php\/wp-json\/wp\/v2\/users\/4"}],"replies":[{"embeddable":true,"href":"https:\/\/www.planbnoticias.com.ar\/index.php\/wp-json\/wp\/v2\/comments?post=381987"}],"version-history":[{"count":1,"href":"https:\/\/www.planbnoticias.com.ar\/index.php\/wp-json\/wp\/v2\/posts\/381987\/revisions"}],"predecessor-version":[{"id":381989,"href":"https:\/\/www.planbnoticias.com.ar\/index.php\/wp-json\/wp\/v2\/posts\/381987\/revisions\/381989"}],"wp:featuredmedia":[{"embeddable":true,"href":"https:\/\/www.planbnoticias.com.ar\/index.php\/wp-json\/wp\/v2\/media\/381988"}],"wp:attachment":[{"href":"https:\/\/www.planbnoticias.com.ar\/index.php\/wp-json\/wp\/v2\/media?parent=381987"}],"wp:term":[{"taxonomy":"category","embeddable":true,"href":"https:\/\/www.planbnoticias.com.ar\/index.php\/wp-json\/wp\/v2\/categories?post=381987"},{"taxonomy":"post_tag","embeddable":true,"href":"https:\/\/www.planbnoticias.com.ar\/index.php\/wp-json\/wp\/v2\/tags?post=381987"}],"curies":[{"name":"wp","href":"https:\/\/api.w.org\/{rel}","templated":true}]}}