{"id":386133,"date":"2023-09-27T17:42:12","date_gmt":"2023-09-27T20:42:12","guid":{"rendered":"https:\/\/www.planbnoticias.com.ar\/?p=386133"},"modified":"2023-09-27T17:42:12","modified_gmt":"2023-09-27T20:42:12","slug":"preocupacion-por-la-falta-de-mantenimiento-de-una-senda-peatonal-lindante-a-un-espacio-verde","status":"publish","type":"post","link":"https:\/\/www.planbnoticias.com.ar\/index.php\/2023\/09\/27\/preocupacion-por-la-falta-de-mantenimiento-de-una-senda-peatonal-lindante-a-un-espacio-verde\/","title":{"rendered":"Preocupaci\u00f3n por la falta de mantenimiento de una senda peatonal lindante a un espacio verde"},"content":{"rendered":"<p><img fetchpriority=\"high\" decoding=\"async\" class=\"alignnone size-full wp-image-386134\" src=\"https:\/\/www.planbnoticias.com.ar\/wp-content\/uploads\/2023\/09\/enda-peatonal-camino-lindante1.jpg\" alt=\"\" width=\"780\" height=\"660\" srcset=\"https:\/\/www.planbnoticias.com.ar\/wp-content\/uploads\/2023\/09\/enda-peatonal-camino-lindante1.jpg 780w, https:\/\/www.planbnoticias.com.ar\/wp-content\/uploads\/2023\/09\/enda-peatonal-camino-lindante1-300x254.jpg 300w, https:\/\/www.planbnoticias.com.ar\/wp-content\/uploads\/2023\/09\/enda-peatonal-camino-lindante1-768x650.jpg 768w, https:\/\/www.planbnoticias.com.ar\/wp-content\/uploads\/2023\/09\/enda-peatonal-camino-lindante1-585x495.jpg 585w\" sizes=\"(max-width: 780px) 100vw, 780px\" \/><\/p>\n<p>Desde el bloque del FrePam reiteraron el pedido de mantenimiento de la senda peatonal lindante al Espacio Verde que va desde la Avenida Circunvalaci\u00f3n hasta Tom\u00e1s Mason, paralelo a las calles Caminito y Pichihuinca.<\/p>\n<p>Desde el Bloque Frepam manifestaron que \u201cseguimos viendo con preocupaci\u00f3n la falta de mantenimiento de la senda peatonal lindante al Espacio Verde que va desde la Avenida Circunvalaci\u00f3n hasta Tom\u00e1s Mason, paralelo a las calles Caminito y Pichihuinca. Es por esto que hemos realizado reiteradamente el pedido de intervenci\u00f3n del Ejecutivo Municipal en las Comisiones correspondientes de este Concejo Deliberante\u201d.<\/p>\n<p>Comentan que \u201cEl actual estado de dichas sendas y veredas denota desd\u00e9n, pero, adem\u00e1s, constituye un riesgo para quienes la utilizan diariamente, as\u00ed como una barrera para las personas con dificultades motrices o discapacitadas que, dado su estado, no pueden utilizar este espacio con normalidad\u201d.<\/p>\n<p>Aspiran a que, \u201cen esta oportunidad, el Ejecutivo Municipal tenga en cuenta este pedido, surgido del reclamo de las y los vecinos\u201d.<\/p>\n","protected":false},"excerpt":{"rendered":"<p>Desde el bloque del FrePam reiteraron el pedido de mantenimiento de la senda peatonal lindante al Espacio Verde que va desde la Avenida Circunvalaci\u00f3n hasta Tom\u00e1s Mason, paralelo a las&hellip;<\/p>\n","protected":false},"author":4,"featured_media":386134,"comment_status":"closed","ping_status":"open","sticky":false,"template":"","format":"standard","meta":{"footnotes":""},"categories":[4],"tags":[],"class_list":["post-386133","post","type-post","status-publish","format-standard","has-post-thumbnail","hentry","category-ciudad"],"jetpack_featured_media_url":"https:\/\/www.planbnoticias.com.ar\/wp-content\/uploads\/2023\/09\/enda-peatonal-camino-lindante1.jpg","_links":{"self":[{"href":"https:\/\/www.planbnoticias.com.ar\/index.php\/wp-json\/wp\/v2\/posts\/386133","targetHints":{"allow":["GET"]}}],"collection":[{"href":"https:\/\/www.planbnoticias.com.ar\/index.php\/wp-json\/wp\/v2\/posts"}],"about":[{"href":"https:\/\/www.planbnoticias.com.ar\/index.php\/wp-json\/wp\/v2\/types\/post"}],"author":[{"embeddable":true,"href":"https:\/\/www.planbnoticias.com.ar\/index.php\/wp-json\/wp\/v2\/users\/4"}],"replies":[{"embeddable":true,"href":"https:\/\/www.planbnoticias.com.ar\/index.php\/wp-json\/wp\/v2\/comments?post=386133"}],"version-history":[{"count":1,"href":"https:\/\/www.planbnoticias.com.ar\/index.php\/wp-json\/wp\/v2\/posts\/386133\/revisions"}],"predecessor-version":[{"id":386135,"href":"https:\/\/www.planbnoticias.com.ar\/index.php\/wp-json\/wp\/v2\/posts\/386133\/revisions\/386135"}],"wp:featuredmedia":[{"embeddable":true,"href":"https:\/\/www.planbnoticias.com.ar\/index.php\/wp-json\/wp\/v2\/media\/386134"}],"wp:attachment":[{"href":"https:\/\/www.planbnoticias.com.ar\/index.php\/wp-json\/wp\/v2\/media?parent=386133"}],"wp:term":[{"taxonomy":"category","embeddable":true,"href":"https:\/\/www.planbnoticias.com.ar\/index.php\/wp-json\/wp\/v2\/categories?post=386133"},{"taxonomy":"post_tag","embeddable":true,"href":"https:\/\/www.planbnoticias.com.ar\/index.php\/wp-json\/wp\/v2\/tags?post=386133"}],"curies":[{"name":"wp","href":"https:\/\/api.w.org\/{rel}","templated":true}]}}