{"id":388733,"date":"2023-10-17T07:08:26","date_gmt":"2023-10-17T10:08:26","guid":{"rendered":"https:\/\/www.planbnoticias.com.ar\/?p=388733"},"modified":"2023-10-17T07:08:26","modified_gmt":"2023-10-17T10:08:26","slug":"en-el-cierre-de-campana-el-peronismo-pampeano-conmemora-el-dia-de-la-lealtad-en-toay","status":"publish","type":"post","link":"https:\/\/www.planbnoticias.com.ar\/index.php\/2023\/10\/17\/en-el-cierre-de-campana-el-peronismo-pampeano-conmemora-el-dia-de-la-lealtad-en-toay\/","title":{"rendered":"En el cierre de campa\u00f1a, el peronismo pampeano conmemora el D\u00eda de la Lealtad en Toay"},"content":{"rendered":"<p><img fetchpriority=\"high\" decoding=\"async\" class=\"alignnone size-full wp-image-271559\" src=\"https:\/\/www.planbnoticias.com.ar\/wp-content\/uploads\/2021\/06\/ziliotto-pj.jpg\" alt=\"\" width=\"768\" height=\"432\" srcset=\"https:\/\/www.planbnoticias.com.ar\/wp-content\/uploads\/2021\/06\/ziliotto-pj.jpg 768w, https:\/\/www.planbnoticias.com.ar\/wp-content\/uploads\/2021\/06\/ziliotto-pj-300x169.jpg 300w, https:\/\/www.planbnoticias.com.ar\/wp-content\/uploads\/2021\/06\/ziliotto-pj-585x329.jpg 585w\" sizes=\"(max-width: 768px) 100vw, 768px\" \/><\/p>\n<p>Este martes el peronismo provincial se re\u00fane en un acto multitudinario para conmemorar el 78 aniversario del 17 de octubre de 1945, cuando el pueblo exigi\u00f3 la liberaci\u00f3n de Juan Domingo Per\u00f3n.<\/p>\n<p>El peronismo de La Pampa se re\u00fane este martes en el Club Guardia del Monte de Toay para conmemorar el d\u00eda de la Lealtad Peronista, al cumplirse 78 a\u00f1os de la multitudinaria movilizaci\u00f3n popular obrera y sindical a Plaza de Mayo del 17 de octubre de 1945, cuando el pueblo exigi\u00f3 la liberaci\u00f3n de Juan Domingo Per\u00f3n, el secretario de Trabajo detenido pocos d\u00edas antes.<\/p>\n<p><img decoding=\"async\" class=\"alignnone size-full wp-image-377557\" src=\"https:\/\/www.planbnoticias.com.ar\/wp-content\/uploads\/2023\/07\/ariel-rauschenberger-campana-2.jpeg\" alt=\"\" width=\"1600\" height=\"1142\" srcset=\"https:\/\/www.planbnoticias.com.ar\/wp-content\/uploads\/2023\/07\/ariel-rauschenberger-campana-2.jpeg 1600w, https:\/\/www.planbnoticias.com.ar\/wp-content\/uploads\/2023\/07\/ariel-rauschenberger-campana-2-300x214.jpeg 300w, https:\/\/www.planbnoticias.com.ar\/wp-content\/uploads\/2023\/07\/ariel-rauschenberger-campana-2-1024x731.jpeg 1024w, https:\/\/www.planbnoticias.com.ar\/wp-content\/uploads\/2023\/07\/ariel-rauschenberger-campana-2-768x548.jpeg 768w, https:\/\/www.planbnoticias.com.ar\/wp-content\/uploads\/2023\/07\/ariel-rauschenberger-campana-2-1536x1096.jpeg 1536w, https:\/\/www.planbnoticias.com.ar\/wp-content\/uploads\/2023\/07\/ariel-rauschenberger-campana-2-1170x835.jpeg 1170w, https:\/\/www.planbnoticias.com.ar\/wp-content\/uploads\/2023\/07\/ariel-rauschenberger-campana-2-585x418.jpeg 585w\" sizes=\"(max-width: 1600px) 100vw, 1600px\" \/><\/p>\n<p>La movilizaci\u00f3n popular marc\u00f3 el nacimiento del peronismo y pas\u00f3 a ser llamado D\u00eda de la Lealtad Peronista o simplemente 17 de Octubre.<\/p>\n<p>En este caso, el acto se hace en el final de la campa\u00f1a presidencia donde el peronismo, y sus aliados de Uni\u00f3n por la Patria, proponen a Sergio Massa para la primera Magistratura nacional y en La Pampa, al ministro de Gobierno, Justicia y Derechos Humanos, Ariel Rauschenberger, para diputado nacional, y al excombatiente de Malvinas, Jorge Gait\u00e1n, para el ParlaSur.<\/p>\n","protected":false},"excerpt":{"rendered":"<p>Este martes el peronismo provincial se re\u00fane en un acto multitudinario para conmemorar el 78 aniversario del 17 de octubre de 1945, cuando el pueblo exigi\u00f3 la liberaci\u00f3n de Juan&hellip;<\/p>\n","protected":false},"author":2,"featured_media":271559,"comment_status":"closed","ping_status":"open","sticky":false,"template":"","format":"standard","meta":{"footnotes":""},"categories":[13,15],"tags":[],"class_list":["post-388733","post","type-post","status-publish","format-standard","has-post-thumbnail","hentry","category-provincia","category-tapa"],"jetpack_featured_media_url":"https:\/\/www.planbnoticias.com.ar\/wp-content\/uploads\/2021\/06\/ziliotto-pj.jpg","_links":{"self":[{"href":"https:\/\/www.planbnoticias.com.ar\/index.php\/wp-json\/wp\/v2\/posts\/388733","targetHints":{"allow":["GET"]}}],"collection":[{"href":"https:\/\/www.planbnoticias.com.ar\/index.php\/wp-json\/wp\/v2\/posts"}],"about":[{"href":"https:\/\/www.planbnoticias.com.ar\/index.php\/wp-json\/wp\/v2\/types\/post"}],"author":[{"embeddable":true,"href":"https:\/\/www.planbnoticias.com.ar\/index.php\/wp-json\/wp\/v2\/users\/2"}],"replies":[{"embeddable":true,"href":"https:\/\/www.planbnoticias.com.ar\/index.php\/wp-json\/wp\/v2\/comments?post=388733"}],"version-history":[{"count":1,"href":"https:\/\/www.planbnoticias.com.ar\/index.php\/wp-json\/wp\/v2\/posts\/388733\/revisions"}],"predecessor-version":[{"id":388740,"href":"https:\/\/www.planbnoticias.com.ar\/index.php\/wp-json\/wp\/v2\/posts\/388733\/revisions\/388740"}],"wp:featuredmedia":[{"embeddable":true,"href":"https:\/\/www.planbnoticias.com.ar\/index.php\/wp-json\/wp\/v2\/media\/271559"}],"wp:attachment":[{"href":"https:\/\/www.planbnoticias.com.ar\/index.php\/wp-json\/wp\/v2\/media?parent=388733"}],"wp:term":[{"taxonomy":"category","embeddable":true,"href":"https:\/\/www.planbnoticias.com.ar\/index.php\/wp-json\/wp\/v2\/categories?post=388733"},{"taxonomy":"post_tag","embeddable":true,"href":"https:\/\/www.planbnoticias.com.ar\/index.php\/wp-json\/wp\/v2\/tags?post=388733"}],"curies":[{"name":"wp","href":"https:\/\/api.w.org\/{rel}","templated":true}]}}