{"id":396733,"date":"2023-12-12T12:02:00","date_gmt":"2023-12-12T15:02:00","guid":{"rendered":"https:\/\/www.planbnoticias.com.ar\/?p=396733"},"modified":"2023-12-12T12:19:37","modified_gmt":"2023-12-12T15:19:37","slug":"christian-dupuy-yo-tengo-mucha-culpa-de-poder-haber-hecho-algo-mas","status":"publish","type":"post","link":"https:\/\/www.planbnoticias.com.ar\/index.php\/2023\/12\/12\/christian-dupuy-yo-tengo-mucha-culpa-de-poder-haber-hecho-algo-mas\/","title":{"rendered":"Christian Dupuy: \u201cYo tengo mucha culpa&#8230; de poder haber hecho algo m\u00e1s\u201d"},"content":{"rendered":"<p><img fetchpriority=\"high\" decoding=\"async\" class=\"alignnone size-full wp-image-396712\" src=\"https:\/\/www.planbnoticias.com.ar\/wp-content\/uploads\/2023\/12\/cristian-dupuy-jury-1.jpg\" alt=\"\" width=\"1100\" height=\"825\" srcset=\"https:\/\/www.planbnoticias.com.ar\/wp-content\/uploads\/2023\/12\/cristian-dupuy-jury-1.jpg 1100w, https:\/\/www.planbnoticias.com.ar\/wp-content\/uploads\/2023\/12\/cristian-dupuy-jury-1-300x225.jpg 300w, https:\/\/www.planbnoticias.com.ar\/wp-content\/uploads\/2023\/12\/cristian-dupuy-jury-1-1024x768.jpg 1024w, https:\/\/www.planbnoticias.com.ar\/wp-content\/uploads\/2023\/12\/cristian-dupuy-jury-1-768x576.jpg 768w, https:\/\/www.planbnoticias.com.ar\/wp-content\/uploads\/2023\/12\/cristian-dupuy-jury-1-585x439.jpg 585w\" sizes=\"(max-width: 1100px) 100vw, 1100px\" \/><\/p>\n<p>El pap\u00e1 de <strong>Lucio Dupuy<\/strong>, asesinado por su madre y la pareja, el 26 de noviembre de 2021 en Santa Rosa, se quebr\u00f3 durante el jury a la jueza <strong>Ana Clara P\u00e9rez Ballester<\/strong> y la asesora de Menores, <strong>Elisa Cat\u00e1n<\/strong>: \u201cYo tengo mucho remordimiento, mucha culpa, de poder haber hecho algo m\u00e1s\u201d, afirm\u00f3. <strong>La abogada de Cat\u00e1n pidi\u00f3 que se lo procese por falso testimonio.<\/strong><\/p>\n<p><strong>Chirstian Dupuy<\/strong> fue el segundo testigo que se present\u00f3 en la primera jornada del jury a la jueza Ana Clara P\u00e9rez Ballester y a la asesora de Menores, Elisa Cat\u00e1n, por considerar que incumplieron sus deberes en el momento de otorgar la tenencia de Lucio Dupuy a su madre, Magdalena Esp\u00f3sito Valenti, condenada a prisi\u00f3n perpetua junto a su pareja, Abigail P\u00e1ez, por el crimen del ni\u00f1o.<\/p>\n<p>El pap\u00e1 de<strong> Lucio Dupuy<\/strong> declar\u00f3 este martes que<strong> \u201cnunca me citaron, no hice ning\u00fan tr\u00e1mite\u201d<\/strong> sobre la tenencia del ni\u00f1o.<\/p>\n<p>Cu\u00e1ndo Lucio naci\u00f3, el padre y la madre se mudaron a Luj\u00e1n. La madre, a los pocos meses, regres\u00f3 a Santa Rosa y luego emprendi\u00f3 viaje como mochilera. En ese tiempo, Chirstian se qued\u00f3 en Luj\u00e1n porque ten\u00eda trabajo y de Lucio se hacen cargo su cu\u00f1ada, Leticia Hidalgo y su hermano, Maximiliano Dupuy.<\/p>\n<p>M\u00e1s tarde, Chirsitan volvi\u00f3 a General Pico, pero Lucio sigui\u00f3 con su cu\u00f1ada y su hermano: \u201clo ve\u00eda los fines de semana, llevaba una relaci\u00f3n paso a paso para no volver loco a Lucio con el tema mam\u00e1, pap\u00e1, t\u00edo, abuelo. \u00cdbamos de a poco. Cuando me fui a vivir solo, no ten\u00eda las comodidades para llevarme a Lucio, por eso estuve de acuerdo que estuviera con mi hermano y mi cu\u00f1ada\u201d.<\/p>\n<p><strong>\u201cLo ve\u00eda los fines de semana\u201d<\/strong> y <strong>\u201calg\u00fan d\u00eda de semana porque viv\u00eda cerca de mi hermano. Nos ve\u00edamos a veces si, a veces no, fines de semana, fines de semana por medio. Cuando se pod\u00eda le daba mercader\u00edas, y cuando no llegaba, ellos entend\u00edan, pero siempre trataba de darles lo que corresponda\u201d<\/strong>, dijo sobre la manutenci\u00f3n, <strong>lo que generar\u00eda un conflicto con la defensora de Cat\u00e1n, Ana Carolina D\u00edaz.<\/strong><\/p>\n<p>Por esa declaraci\u00f3n, la abogada defensora solicit\u00f3 que se investigue \u201cfalso testimonio\u201d por la \u201ccontradicci\u00f3n entre la t\u00eda de Lucio y el padre, ya que la t\u00eda dijo que el padre no le daba nada para el mantenimiento del ni\u00f1o\u201d, pidi\u00f3 D\u00edaz.<\/p>\n<p><strong>Tenencia<\/strong><\/p>\n<p>Una vez que le otorgaron el ni\u00f1o a la madre, el padre dijo que \u201c<strong>Yo hab\u00eda contratado una abogada por el r\u00e9gimen de visitas y por alimentos. Yo firm\u00e9, pero ella no firm\u00f3 nunca\u201d.<\/strong><\/p>\n<p>\u201cC\u00f3mo ya no pod\u00edamos hacer nada, dije que s\u00ed, que estaba bien, que era la madre. Una vez que vine a Santa Rosa fui a ver a Lucio y ella me cerr\u00f3 la puerta en la cara. Ah\u00ed hice una denuncia por impedimento de contacto\u201d, afirm\u00f3.<\/p>\n<p>Tambi\u00e9n afirm\u00f3 que nunca fue consultado en el expediente de la tutela y del cuidado de Lucio Dupuy que se le otorg\u00f3 a la madre, \u201cnunca fui consultado\u201d. Pero a su vez, en ese momento, no hab\u00eda ning\u00fan \u201cconflicto\u201d entre el padre\u00a0 y la madre que estuviera relacionado con el cuidado de Lucio.<\/p>\n","protected":false},"excerpt":{"rendered":"<p>El pap\u00e1 de Lucio Dupuy, asesinado por su madre y la pareja, el 26 de noviembre de 2021 en Santa Rosa, se quebr\u00f3 durante el jury a la jueza Ana&hellip;<\/p>\n","protected":false},"author":2,"featured_media":396711,"comment_status":"closed","ping_status":"open","sticky":false,"template":"","format":"standard","meta":{"footnotes":""},"categories":[4],"tags":[],"class_list":["post-396733","post","type-post","status-publish","format-standard","has-post-thumbnail","hentry","category-ciudad"],"jetpack_featured_media_url":"https:\/\/www.planbnoticias.com.ar\/wp-content\/uploads\/2023\/12\/cristian-dupuy-jury-2.jpg","_links":{"self":[{"href":"https:\/\/www.planbnoticias.com.ar\/index.php\/wp-json\/wp\/v2\/posts\/396733","targetHints":{"allow":["GET"]}}],"collection":[{"href":"https:\/\/www.planbnoticias.com.ar\/index.php\/wp-json\/wp\/v2\/posts"}],"about":[{"href":"https:\/\/www.planbnoticias.com.ar\/index.php\/wp-json\/wp\/v2\/types\/post"}],"author":[{"embeddable":true,"href":"https:\/\/www.planbnoticias.com.ar\/index.php\/wp-json\/wp\/v2\/users\/2"}],"replies":[{"embeddable":true,"href":"https:\/\/www.planbnoticias.com.ar\/index.php\/wp-json\/wp\/v2\/comments?post=396733"}],"version-history":[{"count":4,"href":"https:\/\/www.planbnoticias.com.ar\/index.php\/wp-json\/wp\/v2\/posts\/396733\/revisions"}],"predecessor-version":[{"id":396738,"href":"https:\/\/www.planbnoticias.com.ar\/index.php\/wp-json\/wp\/v2\/posts\/396733\/revisions\/396738"}],"wp:featuredmedia":[{"embeddable":true,"href":"https:\/\/www.planbnoticias.com.ar\/index.php\/wp-json\/wp\/v2\/media\/396711"}],"wp:attachment":[{"href":"https:\/\/www.planbnoticias.com.ar\/index.php\/wp-json\/wp\/v2\/media?parent=396733"}],"wp:term":[{"taxonomy":"category","embeddable":true,"href":"https:\/\/www.planbnoticias.com.ar\/index.php\/wp-json\/wp\/v2\/categories?post=396733"},{"taxonomy":"post_tag","embeddable":true,"href":"https:\/\/www.planbnoticias.com.ar\/index.php\/wp-json\/wp\/v2\/tags?post=396733"}],"curies":[{"name":"wp","href":"https:\/\/api.w.org\/{rel}","templated":true}]}}