{"id":401371,"date":"2024-01-22T11:05:52","date_gmt":"2024-01-22T14:05:52","guid":{"rendered":"https:\/\/www.planbnoticias.com.ar\/?p=401371"},"modified":"2024-01-22T11:06:38","modified_gmt":"2024-01-22T14:06:38","slug":"el-incendio-en-lihue-calel-se-reactivo-pero-esta-controlado","status":"publish","type":"post","link":"https:\/\/www.planbnoticias.com.ar\/index.php\/2024\/01\/22\/el-incendio-en-lihue-calel-se-reactivo-pero-esta-controlado\/","title":{"rendered":"El incendio en Lihu\u00e9 Calel se reactiv\u00f3 pero est\u00e1 controlado"},"content":{"rendered":"<p><img fetchpriority=\"high\" decoding=\"async\" class=\"alignnone size-full wp-image-401271\" src=\"https:\/\/www.planbnoticias.com.ar\/wp-content\/uploads\/2024\/01\/incendio-lihue-calel-4.jpeg\" alt=\"\" width=\"1600\" height=\"900\" srcset=\"https:\/\/www.planbnoticias.com.ar\/wp-content\/uploads\/2024\/01\/incendio-lihue-calel-4.jpeg 1600w, https:\/\/www.planbnoticias.com.ar\/wp-content\/uploads\/2024\/01\/incendio-lihue-calel-4-300x169.jpeg 300w, https:\/\/www.planbnoticias.com.ar\/wp-content\/uploads\/2024\/01\/incendio-lihue-calel-4-1024x576.jpeg 1024w, https:\/\/www.planbnoticias.com.ar\/wp-content\/uploads\/2024\/01\/incendio-lihue-calel-4-768x432.jpeg 768w, https:\/\/www.planbnoticias.com.ar\/wp-content\/uploads\/2024\/01\/incendio-lihue-calel-4-1536x864.jpeg 1536w, https:\/\/www.planbnoticias.com.ar\/wp-content\/uploads\/2024\/01\/incendio-lihue-calel-4-1170x658.jpeg 1170w, https:\/\/www.planbnoticias.com.ar\/wp-content\/uploads\/2024\/01\/incendio-lihue-calel-4-585x329.jpeg 585w\" sizes=\"(max-width: 1600px) 100vw, 1600px\" \/><\/p>\n<p>Desde el viernes 19 de enero brigadistas trabajan en el incendio que se gener\u00f3 en el Parque Nacional Lih\u00fae Calel. Lo controlaron pero sigue activo. Seguir\u00e1 cerrado.<\/p>\n<p>Informaron que este domingo contin\u00fao el operativo de combate del fuego que se inici\u00f3 el pasado viernes en el Parque Nacional Lihu\u00e9 Calel (La Pampa).<\/p>\n<p><script async src=\"\/\/pagead2.googlesyndication.com\/pagead\/js\/adsbygoogle.js\"><\/script><br \/>\n<!-- Publi m\u00f3vil interior nota --><br \/>\n<ins class=\"adsbygoogle\" style=\"display: inline-block; width: 320px; height: 100px;\" data-ad-client=\"ca-pub-7250018434179914\" data-ad-slot=\"1040343543\"><\/ins><br \/>\n<script>\n(adsbygoogle = window.adsbygoogle || []).push({});\n<\/script><\/p>\n<p>Seg\u00fan report\u00f3 el comando t\u00e9cnico, en horas del mediod\u00eda se reactiv\u00f3 la actividad \u00edgnea en el flanco izquierdo y alrededor de las 17 horas se reactiv\u00f3 en el sector de la cola, situaciones que pudieron ser contenidas mediante la acci\u00f3n combinada de brigadas de terreno y medios a\u00e9reos.<\/p>\n<p>En cuanto a las condiciones meteorol\u00f3gicas, se registraron altas temperaturas y baja humedad relativa de ambiente, con r\u00e1fagas de viento que alcanzaron los 40 kil\u00f3metros por hora; lo que favoreci\u00f3 la eventual actividad del fuego en diversos sectores.<\/p>\n<p>Para el trabajo de d\u00eda se sumaron las cuadrillas de los Parques Nacionales Pre Delta (Entre R\u00edos); El Leoncito (San Juan), Sierra de las Quijadas (San Luis) e Islas Santa Fe.<\/p>\n<p>Trabajaron un total de 34 personas en la l\u00ednea organizados en grupos por diferentes sectores y turnos, incluyendo la brigada del PN Lihue Calel (7 Brigadistas, 1 t\u00e9cnico, y 1 guardaparque); brigadas de otros parques mencionados anteriormente (12 brigadistas), y comando a\u00e9reo (1 piloto, 1 asistente y 1 brigadista del Sistema Nacional de Manejo del Fuego) y 2 agentes de la Direcci\u00f3n de Lucha contra incendios forestales y emergencias.<\/p>\n<p>En log\u00edstica y radioperadores trabajaron 12 personas (2 t\u00e9cnicas, 2 guardaparques, 6 voluntarias, 2 administrativos).<\/p>\n<p>Desde la tarde del 20 se sum\u00f3 a la estrategia un helic\u00f3ptero despachado por el Servicio Nacional de Manejo del Fuego desde la Base de Pinamar, adem\u00e1s de una unidad de apoyo log\u00edstico enviada desde la Direcci\u00f3n de Lucha contra Incendios Forestales y Emergencias (DLIFE) y la Direcci\u00f3n de Operaciones de la Administraci\u00f3n de Parques Nacionales.<\/p>\n<p>Si bien el incendio quem\u00f3 una superficie menor al ocurrido en el mes de diciembre, representa un riesgo sobre las instalaciones y personal del Parque Nacional, ya que el mismo lleg\u00f3 hasta el cortafuego del camping y centro de visitantes.<\/p>\n<p>El parque nacional continuar\u00e1 cerrado al p\u00fablico por cuestiones de seguridad hasta que se avise de su reapertura por este medio.<\/p>\n","protected":false},"excerpt":{"rendered":"<p>Desde el viernes 19 de enero brigadistas trabajan en el incendio que se gener\u00f3 en el Parque Nacional Lih\u00fae Calel. Lo controlaron pero sigue activo. Seguir\u00e1 cerrado. Informaron que este&hellip;<\/p>\n","protected":false},"author":2,"featured_media":401272,"comment_status":"closed","ping_status":"open","sticky":false,"template":"","format":"standard","meta":{"footnotes":""},"categories":[13],"tags":[],"class_list":["post-401371","post","type-post","status-publish","format-standard","has-post-thumbnail","hentry","category-provincia"],"jetpack_featured_media_url":"https:\/\/www.planbnoticias.com.ar\/wp-content\/uploads\/2024\/01\/incendio-lihue-calel-3.jpeg","_links":{"self":[{"href":"https:\/\/www.planbnoticias.com.ar\/index.php\/wp-json\/wp\/v2\/posts\/401371","targetHints":{"allow":["GET"]}}],"collection":[{"href":"https:\/\/www.planbnoticias.com.ar\/index.php\/wp-json\/wp\/v2\/posts"}],"about":[{"href":"https:\/\/www.planbnoticias.com.ar\/index.php\/wp-json\/wp\/v2\/types\/post"}],"author":[{"embeddable":true,"href":"https:\/\/www.planbnoticias.com.ar\/index.php\/wp-json\/wp\/v2\/users\/2"}],"replies":[{"embeddable":true,"href":"https:\/\/www.planbnoticias.com.ar\/index.php\/wp-json\/wp\/v2\/comments?post=401371"}],"version-history":[{"count":2,"href":"https:\/\/www.planbnoticias.com.ar\/index.php\/wp-json\/wp\/v2\/posts\/401371\/revisions"}],"predecessor-version":[{"id":401373,"href":"https:\/\/www.planbnoticias.com.ar\/index.php\/wp-json\/wp\/v2\/posts\/401371\/revisions\/401373"}],"wp:featuredmedia":[{"embeddable":true,"href":"https:\/\/www.planbnoticias.com.ar\/index.php\/wp-json\/wp\/v2\/media\/401272"}],"wp:attachment":[{"href":"https:\/\/www.planbnoticias.com.ar\/index.php\/wp-json\/wp\/v2\/media?parent=401371"}],"wp:term":[{"taxonomy":"category","embeddable":true,"href":"https:\/\/www.planbnoticias.com.ar\/index.php\/wp-json\/wp\/v2\/categories?post=401371"},{"taxonomy":"post_tag","embeddable":true,"href":"https:\/\/www.planbnoticias.com.ar\/index.php\/wp-json\/wp\/v2\/tags?post=401371"}],"curies":[{"name":"wp","href":"https:\/\/api.w.org\/{rel}","templated":true}]}}