{"id":401889,"date":"2024-01-26T08:14:08","date_gmt":"2024-01-26T11:14:08","guid":{"rendered":"https:\/\/www.planbnoticias.com.ar\/?p=401889"},"modified":"2024-01-26T08:16:32","modified_gmt":"2024-01-26T11:16:32","slug":"maquieyra-estamos-de-acuerdo-en-los-grandes-trazos-de-la-ley-omnibus","status":"publish","type":"post","link":"https:\/\/www.planbnoticias.com.ar\/index.php\/2024\/01\/26\/maquieyra-estamos-de-acuerdo-en-los-grandes-trazos-de-la-ley-omnibus\/","title":{"rendered":"Maquieyra: \u201cestamos de acuerdo en los grandes trazos\u201d de la Ley \u00d3mnibus"},"content":{"rendered":"<p><img fetchpriority=\"high\" decoding=\"async\" class=\"alignnone size-full wp-image-401890\" src=\"https:\/\/www.planbnoticias.com.ar\/wp-content\/uploads\/2024\/01\/diputados-pro.jpg\" alt=\"\" width=\"1045\" height=\"1045\" srcset=\"https:\/\/www.planbnoticias.com.ar\/wp-content\/uploads\/2024\/01\/diputados-pro.jpg 1045w, https:\/\/www.planbnoticias.com.ar\/wp-content\/uploads\/2024\/01\/diputados-pro-300x300.jpg 300w, https:\/\/www.planbnoticias.com.ar\/wp-content\/uploads\/2024\/01\/diputados-pro-1024x1024.jpg 1024w, https:\/\/www.planbnoticias.com.ar\/wp-content\/uploads\/2024\/01\/diputados-pro-150x150.jpg 150w, https:\/\/www.planbnoticias.com.ar\/wp-content\/uploads\/2024\/01\/diputados-pro-768x768.jpg 768w, https:\/\/www.planbnoticias.com.ar\/wp-content\/uploads\/2024\/01\/diputados-pro-585x585.jpg 585w\" sizes=\"(max-width: 1045px) 100vw, 1045px\" \/><\/p>\n<p>El diputado nacional del PRO por La Pampa, Mart\u00edn Maquieyra, defendi\u00f3 el apoyo de su sector a la ley \u00f3mnibus del presidente Javier Milei, que pone en riesgo las econom\u00edas regionales, cierra la obra p\u00fablica, y afecta a las provincias.<\/p>\n<p>As\u00ed lo expres\u00f3 en una entrevista brindada al canal \u201cDiputados TV\u201d, donde dej\u00f3 plasmada la decisi\u00f3n de avalar \u201clos grandes trazos\u201d de la ley \u00f3mnibus, pero neg\u00f3 que se trate de \u201cdarle un cheque en blanco\u201d al gobierno de Milei.<\/p>\n<p><script async src=\"\/\/pagead2.googlesyndication.com\/pagead\/js\/adsbygoogle.js\"><\/script><br \/>\n<!-- Publi m\u00f3vil interior nota --><br \/>\n<ins class=\"adsbygoogle\" style=\"display: inline-block; width: 320px; height: 100px;\" data-ad-client=\"ca-pub-7250018434179914\" data-ad-slot=\"1040343543\"><\/ins><br \/>\n<script>\n(adsbygoogle = window.adsbygoogle || []).push({});\n<\/script><\/p>\n<p>Los diputados del PRO La Pampa, Mart\u00edn Maquieyra y Mart\u00edn Ardohain, firmaron el comunicado de su bloque en el que adelantan que levantar\u00e1n la mano para que se lleve adelante el ajuste m\u00e1s feroz de la historia del pa\u00eds a partir de la sanci\u00f3n de una ley que modifica centenares de normas.<\/p>\n<p>\u201cArgentina vive tiempos cruciales, el futuro de los argentinos y de nuestro pa\u00eds se encuentran ante una crisis profunda a todo nivel. La irresponsabilidad del kirchnerismo en el \u00faltimo tramo de la campa\u00f1a electoral, inundados por la desesperaci\u00f3n de perder el poder, los llev\u00f3 a destruir el valor de la moneda nacional, de la palabra gubernamental y la noci\u00f3n del orden. Este combo destruy\u00f3 la capacidad de planificar y progresar de los distintos niveles de gobierno as\u00ed como la de todos los argentinos de a pie\u201d, se\u00f1alaron.<\/p>\n<p>2En medio de estos desaf\u00edos vemos c\u00f3mo la m\u00e1quina de impedir se reactiv\u00f3: a veces se llama \u2018club del helic\u00f3ptero\u2019, otras \u2018paro general\u2019, y para esto ya sabemos que no van a escatimar esfuerzos ni recursos. Lo sabemos porque lo vivimos. En el PRO siempre miramos a los problemas de frente, hoy no vamos a mirar para el costado\u201d, dijeron.<\/p>\n<p>\u201cSabemos que es tan importante la b\u00fasqueda del equilibrio fiscal, como la ejecuci\u00f3n de una serie de medidas que apunten a liberar la fuerza creativa y productiva de los argentinos para generar riqueza y trabajo, no desconocemos que esto afecta intereses sectoriales, en algunos casos intereses corporativos. Son muchos a\u00f1os de un mismo paradigma, es l\u00f3gico que se generen miedos, pero es el rumbo que adoptaron gran parte de los pa\u00edses que lograron crecer pr\u00f3speramente\u201d, a\u00f1adieron.<\/p>\n<p>\u201cRevertir este proceso no va a ser sencillo, es un laberinto lleno de trampas, hecho para que solo puedan gobernar los que nos trajeron hasta esta crisis. La decadencia es tan profunda que las categor\u00edas de \u2018aliado\u2019 u \u2018oposici\u00f3n\u2019 son insuficientes, queremos que al gobierno y por lo tanto a todos los argentinos nos vaya bien, que recuperemos el sentido de progreso personal y social\u201d, agregaron.<\/p>\n<p>\u201cNo desconocemos que el gobierno nacional ha llevado adelante un ajuste sustancial del gasto p\u00fablico, ahora el principal desaf\u00edo es sostenerlo en el tiempo para que el equilibrio fiscal sea uno de los grandes acuerdos no escritos de nuestra democracia y que de esta manera el estado no gaste m\u00e1s de lo que le ingresa gobierne quien gobierne\u201d, reconocieron.<\/p>\n<p>\u201cSabemos que esto puede ralentizar la econom\u00eda en el corto plazo, por eso celebramos que a la vez se hayan elaborado un DNU y una ley \u00f3mnibus que apuntan a modernizar, desregular y desburocratizar distintos aspectos de nuestra vida econ\u00f3mica y social, pero tambi\u00e9n sabemos que esto requiere de la mayor solidez institucional para que los argentinos puedan tomar decisiones importantes y sacar la plata de abajo de los colchones\u201d, pidieron.<\/p>\n<p>\u201cEn estas semanas, desde el PRO, trabajamos comprometidamente para que el proyecto pueda salir adelante siempre respetando y teniendo presentes los valores que como partido pol\u00edtico nos identifican desde nuestra creaci\u00f3n\u201d, indicaron.<\/p>\n<p>\u201cHemos escuchado y participado activamente de todas las instancias y aportamos la experiencia de nuestros diputados para colaborar con la redacci\u00f3n de un proyecto superador con posibilidad de alcanzar los consensos necesarios para lograr su aprobaci\u00f3n en el Congreso\u201d, aseveraron.<\/p>\n<p>\u201cEs por eso que nuestra posici\u00f3n sigue siendo la misma desde que ingres\u00f3 el proyecto de Ley a esta C\u00e1mara, luego de hacer sugerencias y aportes t\u00e9cnicos que profesionalizan lo enviado por el Gobierno: vamos a acompa\u00f1ar de manera responsable esta votaci\u00f3n para que el gobierno cuente con las mejores herramientas normativas que le solicita al Poder Legislativo\u201d, finalizaron.<\/p>\n","protected":false},"excerpt":{"rendered":"<p>El diputado nacional del PRO por La Pampa, Mart\u00edn Maquieyra, defendi\u00f3 el apoyo de su sector a la ley \u00f3mnibus del presidente Javier Milei, que pone en riesgo las econom\u00edas&hellip;<\/p>\n","protected":false},"author":2,"featured_media":401890,"comment_status":"closed","ping_status":"open","sticky":false,"template":"","format":"standard","meta":{"footnotes":""},"categories":[7,13],"tags":[],"class_list":["post-401889","post","type-post","status-publish","format-standard","has-post-thumbnail","hentry","category-destacadas","category-provincia"],"jetpack_featured_media_url":"https:\/\/www.planbnoticias.com.ar\/wp-content\/uploads\/2024\/01\/diputados-pro.jpg","_links":{"self":[{"href":"https:\/\/www.planbnoticias.com.ar\/index.php\/wp-json\/wp\/v2\/posts\/401889","targetHints":{"allow":["GET"]}}],"collection":[{"href":"https:\/\/www.planbnoticias.com.ar\/index.php\/wp-json\/wp\/v2\/posts"}],"about":[{"href":"https:\/\/www.planbnoticias.com.ar\/index.php\/wp-json\/wp\/v2\/types\/post"}],"author":[{"embeddable":true,"href":"https:\/\/www.planbnoticias.com.ar\/index.php\/wp-json\/wp\/v2\/users\/2"}],"replies":[{"embeddable":true,"href":"https:\/\/www.planbnoticias.com.ar\/index.php\/wp-json\/wp\/v2\/comments?post=401889"}],"version-history":[{"count":2,"href":"https:\/\/www.planbnoticias.com.ar\/index.php\/wp-json\/wp\/v2\/posts\/401889\/revisions"}],"predecessor-version":[{"id":401897,"href":"https:\/\/www.planbnoticias.com.ar\/index.php\/wp-json\/wp\/v2\/posts\/401889\/revisions\/401897"}],"wp:featuredmedia":[{"embeddable":true,"href":"https:\/\/www.planbnoticias.com.ar\/index.php\/wp-json\/wp\/v2\/media\/401890"}],"wp:attachment":[{"href":"https:\/\/www.planbnoticias.com.ar\/index.php\/wp-json\/wp\/v2\/media?parent=401889"}],"wp:term":[{"taxonomy":"category","embeddable":true,"href":"https:\/\/www.planbnoticias.com.ar\/index.php\/wp-json\/wp\/v2\/categories?post=401889"},{"taxonomy":"post_tag","embeddable":true,"href":"https:\/\/www.planbnoticias.com.ar\/index.php\/wp-json\/wp\/v2\/tags?post=401889"}],"curies":[{"name":"wp","href":"https:\/\/api.w.org\/{rel}","templated":true}]}}