{"id":403994,"date":"2024-02-11T18:35:36","date_gmt":"2024-02-11T21:35:36","guid":{"rendered":"https:\/\/www.planbnoticias.com.ar\/?p=403994"},"modified":"2024-02-11T18:56:49","modified_gmt":"2024-02-11T21:56:49","slug":"venganza-politica-foro-de-vicegobernadores-repudio-el-recorte-de-milei-a-las-provincias","status":"publish","type":"post","link":"https:\/\/www.planbnoticias.com.ar\/index.php\/2024\/02\/11\/venganza-politica-foro-de-vicegobernadores-repudio-el-recorte-de-milei-a-las-provincias\/","title":{"rendered":"\u201cVenganza pol\u00edtica\u201d: Foro de vicegobernadores repudi\u00f3 el recorte de Milei a las provincias"},"content":{"rendered":"<p><img fetchpriority=\"high\" decoding=\"async\" class=\"alignnone size-full wp-image-403995\" src=\"https:\/\/www.planbnoticias.com.ar\/wp-content\/uploads\/2024\/02\/alicia-mayoral-la-pampa.jpg\" alt=\"\" width=\"1440\" height=\"1085\" srcset=\"https:\/\/www.planbnoticias.com.ar\/wp-content\/uploads\/2024\/02\/alicia-mayoral-la-pampa.jpg 1440w, https:\/\/www.planbnoticias.com.ar\/wp-content\/uploads\/2024\/02\/alicia-mayoral-la-pampa-300x226.jpg 300w, https:\/\/www.planbnoticias.com.ar\/wp-content\/uploads\/2024\/02\/alicia-mayoral-la-pampa-1024x772.jpg 1024w, https:\/\/www.planbnoticias.com.ar\/wp-content\/uploads\/2024\/02\/alicia-mayoral-la-pampa-768x579.jpg 768w, https:\/\/www.planbnoticias.com.ar\/wp-content\/uploads\/2024\/02\/alicia-mayoral-la-pampa-1170x882.jpg 1170w, https:\/\/www.planbnoticias.com.ar\/wp-content\/uploads\/2024\/02\/alicia-mayoral-la-pampa-585x441.jpg 585w\" sizes=\"(max-width: 1440px) 100vw, 1440px\" \/><\/p>\n<p>Los vicegobernadores enrolados en el Foro Permanente de Vicegobernadores de la Rep\u00fablica Argentina (FOVIRA) lanzaron fuertes cr\u00edticas contra el Presidente y sus medidas econ\u00f3micas.<\/p>\n<p><script async src=\"\/\/pagead2.googlesyndication.com\/pagead\/js\/adsbygoogle.js\"><\/script><br \/>\n<!-- Publi m\u00f3vil interior nota --><br \/>\n<ins class=\"adsbygoogle\" style=\"display: inline-block; width: 320px; height: 100px;\" data-ad-client=\"ca-pub-7250018434179914\" data-ad-slot=\"1040343543\"><\/ins><br \/>\n<script>\n(adsbygoogle = window.adsbygoogle || []).push({});\n<\/script><\/p>\n<p>En medio de la puja entre el Gobierno y las provincias por el recorte de subsidios y la coparticipaci\u00f3n como parte del ajuste, los vicegobernadores de todo el pa\u00eds, entre ellos la pampeana Alicia Mayoral, se manifestaron duramente contra el presidente Javier Milei al que acusaron de obrar por \u00abvenganza pol\u00edtica\u00bb.<\/p>\n<p>En el escrito, que se dio a conocer a trav\u00e9s de las redes sociales, cuestionaron el rumbo econ\u00f3mico y denunciaron el impacto negativo de la quita de fondos para educaci\u00f3n (FONID), transporte, pymes, industrias y otros sectores.<\/p>\n<p>Luego del traspi\u00e9 del Gobierno en el Congreso con la ley \u00f3mnibus, las provincias pusieron pie de guerra frente al Gobierno. En el medio, Milei denunci\u00f3 a diputados y gobernadores por \u00abdelincuentes\u00bb por votar en contra del proyecto de \u00abLey de Bases\u00bb, mientras lleva adelante su gira internacional por Israel e Italia.<\/p>\n<p>El comunicado que se dio a conocer hoy con la firma de los vicegobernadores de todo el pa\u00eds dice: \u00abManifestamos nuestra enorme preocupaci\u00f3n ante la despiadada avanzada del Gobierno nacional, sin precedentes en nuestra historia democr\u00e1tica, en contra de las y los trabajadores de todas las \u00e1reas, empresarios pymes, productores, profesionales, docentes, emprendedores, j\u00f3venes, comerciantes, ni\u00f1as y ni\u00f1os, jubiladas y jubilados, al tiempo que alertamos por la feroz carga sobre la institucionalidad de nuestro pa\u00eds y el desprecio por el sistema federal que nos rige\u00bb.<\/p>\n<p>Adem\u00e1s del repudio al plan econ\u00f3mico del Gobierno, los vicegobernadores apuntaron contra el presidente Javier Milei, quien opera por \u00abvengan pol\u00edtica\u00bb contra las provincias, tras el ajuste y la quita de fondos a los distritos del pa\u00eds.<\/p>\n<p>\u00abEl m\u00e9todo elegido ha sido aumentar las dificultades, privar de derechos, alimentar la inflaci\u00f3n, desproteger a quienes el Estado debe proteger y tomar &#8216;venganzas pol\u00edticas&#8217;, como la decisi\u00f3n de no girar a las provincias los fondos para complementar los salarios docentes y los subsidios para el transporte p\u00fablico de pasajeros, medidas que sufren las vecinas y los vecinos y que no tiene l\u00f3gica ni sentido, m\u00e1s que esa ya enunciada e irracional \u201cvenganza pol\u00edtica\u201d en contra de gobernadores e intendentes responsabilizados por no estar de acuerdo con otorgarle a nadie la suma del poder p\u00fablico\u00bb, advierte el escrito.<\/p>\n<p>El documento lleva las firmas de <strong>Ver\u00f3nica Magario (Buenos Aires), Alicia Mayoral (La Pampa), Rub\u00e9n Dusso (Catamarca), Teresita Madera (La Rioja), Carlos Silva Neder (Santiago del Estero), Antonio Marocco (Salta), Pedri Pesatti (Rio Negro), Eber Solis (Formosa), Lucas Romero Spinelli (Misiones), Alberto Bernis (Jujuy).<\/strong><\/p>\n<blockquote class=\"twitter-tweet\">\n<p dir=\"ltr\" lang=\"es\">COMUNICADO DE VICEGOBERNADORES Y VICEGOBERNADORAS<\/p>\n<p>Repudiamos el avance sin precedentes del Gobierno nacional contra trabajadores, pymes, j\u00f3venes, ni\u00f1os\/as, docentes y jubilados, y alertamos por la carga contra nuestra institucionalidad y el desprecio a nuestro sistema federal. <a href=\"https:\/\/t.co\/PMNX5qz4ow\">pic.twitter.com\/PMNX5qz4ow<\/a><\/p>\n<p>\u2014 Ver\u00f3nica Magario (@magariovero) <a href=\"https:\/\/twitter.com\/magariovero\/status\/1756782641792086309?ref_src=twsrc%5Etfw\">February 11, 2024<\/a><\/p><\/blockquote>\n<p><script async src=\"https:\/\/platform.twitter.com\/widgets.js\" charset=\"utf-8\"><\/script><\/p>\n","protected":false},"excerpt":{"rendered":"<p>Los vicegobernadores enrolados en el Foro Permanente de Vicegobernadores de la Rep\u00fablica Argentina (FOVIRA) lanzaron fuertes cr\u00edticas contra el Presidente y sus medidas econ\u00f3micas. En medio de la puja entre&hellip;<\/p>\n","protected":false},"author":5,"featured_media":403995,"comment_status":"closed","ping_status":"open","sticky":false,"template":"","format":"standard","meta":{"footnotes":""},"categories":[7,12],"tags":[],"class_list":["post-403994","post","type-post","status-publish","format-standard","has-post-thumbnail","hentry","category-destacadas","category-pais"],"jetpack_featured_media_url":"https:\/\/www.planbnoticias.com.ar\/wp-content\/uploads\/2024\/02\/alicia-mayoral-la-pampa.jpg","_links":{"self":[{"href":"https:\/\/www.planbnoticias.com.ar\/index.php\/wp-json\/wp\/v2\/posts\/403994","targetHints":{"allow":["GET"]}}],"collection":[{"href":"https:\/\/www.planbnoticias.com.ar\/index.php\/wp-json\/wp\/v2\/posts"}],"about":[{"href":"https:\/\/www.planbnoticias.com.ar\/index.php\/wp-json\/wp\/v2\/types\/post"}],"author":[{"embeddable":true,"href":"https:\/\/www.planbnoticias.com.ar\/index.php\/wp-json\/wp\/v2\/users\/5"}],"replies":[{"embeddable":true,"href":"https:\/\/www.planbnoticias.com.ar\/index.php\/wp-json\/wp\/v2\/comments?post=403994"}],"version-history":[{"count":1,"href":"https:\/\/www.planbnoticias.com.ar\/index.php\/wp-json\/wp\/v2\/posts\/403994\/revisions"}],"predecessor-version":[{"id":403996,"href":"https:\/\/www.planbnoticias.com.ar\/index.php\/wp-json\/wp\/v2\/posts\/403994\/revisions\/403996"}],"wp:featuredmedia":[{"embeddable":true,"href":"https:\/\/www.planbnoticias.com.ar\/index.php\/wp-json\/wp\/v2\/media\/403995"}],"wp:attachment":[{"href":"https:\/\/www.planbnoticias.com.ar\/index.php\/wp-json\/wp\/v2\/media?parent=403994"}],"wp:term":[{"taxonomy":"category","embeddable":true,"href":"https:\/\/www.planbnoticias.com.ar\/index.php\/wp-json\/wp\/v2\/categories?post=403994"},{"taxonomy":"post_tag","embeddable":true,"href":"https:\/\/www.planbnoticias.com.ar\/index.php\/wp-json\/wp\/v2\/tags?post=403994"}],"curies":[{"name":"wp","href":"https:\/\/api.w.org\/{rel}","templated":true}]}}