{"id":404778,"date":"2024-02-19T10:35:14","date_gmt":"2024-02-19T13:35:14","guid":{"rendered":"https:\/\/www.planbnoticias.com.ar\/?p=404778"},"modified":"2024-02-19T20:35:57","modified_gmt":"2024-02-19T23:35:57","slug":"paritaria-estatal-hay-una-mejora-y-la-vamos-a-pagar-ahora-en-febrero","status":"publish","type":"post","link":"https:\/\/www.planbnoticias.com.ar\/index.php\/2024\/02\/19\/paritaria-estatal-hay-una-mejora-y-la-vamos-a-pagar-ahora-en-febrero\/","title":{"rendered":"Paritaria estatal: \u201chay una mejora y la vamos a pagar ahora en febrero\u201d"},"content":{"rendered":"<p><img fetchpriority=\"high\" decoding=\"async\" class=\"alignnone size-full wp-image-404828\" src=\"https:\/\/www.planbnoticias.com.ar\/wp-content\/uploads\/2024\/02\/marcelo-pedehontaa.jpeg\" alt=\"\" width=\"1600\" height=\"1200\" srcset=\"https:\/\/www.planbnoticias.com.ar\/wp-content\/uploads\/2024\/02\/marcelo-pedehontaa.jpeg 1600w, https:\/\/www.planbnoticias.com.ar\/wp-content\/uploads\/2024\/02\/marcelo-pedehontaa-300x225.jpeg 300w, https:\/\/www.planbnoticias.com.ar\/wp-content\/uploads\/2024\/02\/marcelo-pedehontaa-1024x768.jpeg 1024w, https:\/\/www.planbnoticias.com.ar\/wp-content\/uploads\/2024\/02\/marcelo-pedehontaa-768x576.jpeg 768w, https:\/\/www.planbnoticias.com.ar\/wp-content\/uploads\/2024\/02\/marcelo-pedehontaa-1536x1152.jpeg 1536w, https:\/\/www.planbnoticias.com.ar\/wp-content\/uploads\/2024\/02\/marcelo-pedehontaa-1170x878.jpeg 1170w, https:\/\/www.planbnoticias.com.ar\/wp-content\/uploads\/2024\/02\/marcelo-pedehontaa-585x439.jpeg 585w\" sizes=\"(max-width: 1600px) 100vw, 1600px\" \/><\/p>\n<p>El secretario de trabajo de La Pampa, Marcelo Pedehont\u00e1a, anticip\u00f3 que el gobierno mejorar\u00e1 la propuesta salarial y la pagar\u00e1, independientemente de que la acepten o la rechacen los sindicatos. <strong>Anunci\u00f3 paritarias mensuales por el nivel de inflaci\u00f3n que genera el gobierno de Javier Milei.<\/strong><\/p>\n<p>El gobierno de la Pampa adelant\u00f3 la paritaria para este martes 20 de febrero donde llevar\u00e1 una mejora en la propuesta salarial.<\/p>\n<p><script async src=\"\/\/pagead2.googlesyndication.com\/pagead\/js\/adsbygoogle.js\"><\/script><br \/>\n<!-- Publi m\u00f3vil interior nota --><br \/>\n<ins class=\"adsbygoogle\" style=\"display: inline-block; width: 320px; height: 100px;\" data-ad-client=\"ca-pub-7250018434179914\" data-ad-slot=\"1040343543\"><\/ins><br \/>\n<script>\n(adsbygoogle = window.adsbygoogle || []).push({});\n<\/script><\/p>\n<p>La propuesta ser\u00e1 pagada, independientemente de que los gremios la acepten o la rechacen, para permitir que las familias puedan afrontar los gastos previos al inicio de clases y se fomente el consumo en el comercio pampeano.<\/p>\n<p>\u201cMa\u00f1ana vamos a llevar una oferta, la vamos a poner sobre la mesa, sin tires ni aflojes, pero sabemos que el mes que viene nos vamos a tener que sentar devuelta\u201d, se\u00f1al\u00f3 Marcelo Pedehont\u00e1a.<\/p>\n<p><strong>\u2014 \u00bfLa van a pagar igual, m\u00e1s all\u00e1 de lo que digan los gremios?<\/strong><\/p>\n<p>\u2014 Nosotros la vamos a pagar. Ahora, tambi\u00e9n tiene que entender toda la sociedad, p<strong>orque te puedo asegurar que el comercio est\u00e1 esperando que demos el 100 %<\/strong>, porque es as\u00ed, <strong>hicieron una solicitada en la que manifestaron su rechazo a la marcha y al paro del 24 de enero, pero despu\u00e9s esperan que la Provincia d\u00e9 el 100 % a sus empleados. A la paritaria estatal la est\u00e1n esperando todos los sectores productivos, econ\u00f3micos y de servicios de La Pampa.<\/strong> Vamos a quedar a tiro con la inflaci\u00f3n. La relaci\u00f3n con los trabajadores no la vamos a cortar, la vamos a sostener,\u00a0 por eso estamos pensando en paritarias mensuales.<\/p>\n","protected":false},"excerpt":{"rendered":"<p>El secretario de trabajo de La Pampa, Marcelo Pedehont\u00e1a, anticip\u00f3 que el gobierno mejorar\u00e1 la propuesta salarial y la pagar\u00e1, independientemente de que la acepten o la rechacen los sindicatos.&hellip;<\/p>\n","protected":false},"author":2,"featured_media":404828,"comment_status":"closed","ping_status":"open","sticky":false,"template":"","format":"standard","meta":{"footnotes":""},"categories":[7,9,13],"tags":[],"class_list":["post-404778","post","type-post","status-publish","format-standard","has-post-thumbnail","hentry","category-destacadas","category-gremiales","category-provincia"],"jetpack_featured_media_url":"https:\/\/www.planbnoticias.com.ar\/wp-content\/uploads\/2024\/02\/marcelo-pedehontaa.jpeg","_links":{"self":[{"href":"https:\/\/www.planbnoticias.com.ar\/index.php\/wp-json\/wp\/v2\/posts\/404778","targetHints":{"allow":["GET"]}}],"collection":[{"href":"https:\/\/www.planbnoticias.com.ar\/index.php\/wp-json\/wp\/v2\/posts"}],"about":[{"href":"https:\/\/www.planbnoticias.com.ar\/index.php\/wp-json\/wp\/v2\/types\/post"}],"author":[{"embeddable":true,"href":"https:\/\/www.planbnoticias.com.ar\/index.php\/wp-json\/wp\/v2\/users\/2"}],"replies":[{"embeddable":true,"href":"https:\/\/www.planbnoticias.com.ar\/index.php\/wp-json\/wp\/v2\/comments?post=404778"}],"version-history":[{"count":10,"href":"https:\/\/www.planbnoticias.com.ar\/index.php\/wp-json\/wp\/v2\/posts\/404778\/revisions"}],"predecessor-version":[{"id":404829,"href":"https:\/\/www.planbnoticias.com.ar\/index.php\/wp-json\/wp\/v2\/posts\/404778\/revisions\/404829"}],"wp:featuredmedia":[{"embeddable":true,"href":"https:\/\/www.planbnoticias.com.ar\/index.php\/wp-json\/wp\/v2\/media\/404828"}],"wp:attachment":[{"href":"https:\/\/www.planbnoticias.com.ar\/index.php\/wp-json\/wp\/v2\/media?parent=404778"}],"wp:term":[{"taxonomy":"category","embeddable":true,"href":"https:\/\/www.planbnoticias.com.ar\/index.php\/wp-json\/wp\/v2\/categories?post=404778"},{"taxonomy":"post_tag","embeddable":true,"href":"https:\/\/www.planbnoticias.com.ar\/index.php\/wp-json\/wp\/v2\/tags?post=404778"}],"curies":[{"name":"wp","href":"https:\/\/api.w.org\/{rel}","templated":true}]}}