{"id":415721,"date":"2024-04-29T07:01:07","date_gmt":"2024-04-29T10:01:07","guid":{"rendered":"https:\/\/www.planbnoticias.com.ar\/?p=415721"},"modified":"2024-04-29T07:20:23","modified_gmt":"2024-04-29T10:20:23","slug":"susana-funes-fue-ratificada-en-el-sindicato-de-judiciales","status":"publish","type":"post","link":"https:\/\/www.planbnoticias.com.ar\/index.php\/2024\/04\/29\/susana-funes-fue-ratificada-en-el-sindicato-de-judiciales\/","title":{"rendered":"Susana Funes fue ratificada en el Sindicato de Judiciales"},"content":{"rendered":"<p><img fetchpriority=\"high\" decoding=\"async\" class=\"alignnone size-full wp-image-413481\" src=\"https:\/\/www.planbnoticias.com.ar\/wp-content\/uploads\/2024\/04\/susana-funes.jpeg\" alt=\"\" width=\"1600\" height=\"1200\" srcset=\"https:\/\/www.planbnoticias.com.ar\/wp-content\/uploads\/2024\/04\/susana-funes.jpeg 1600w, https:\/\/www.planbnoticias.com.ar\/wp-content\/uploads\/2024\/04\/susana-funes-300x225.jpeg 300w, https:\/\/www.planbnoticias.com.ar\/wp-content\/uploads\/2024\/04\/susana-funes-1024x768.jpeg 1024w, https:\/\/www.planbnoticias.com.ar\/wp-content\/uploads\/2024\/04\/susana-funes-768x576.jpeg 768w, https:\/\/www.planbnoticias.com.ar\/wp-content\/uploads\/2024\/04\/susana-funes-1536x1152.jpeg 1536w, https:\/\/www.planbnoticias.com.ar\/wp-content\/uploads\/2024\/04\/susana-funes-1170x878.jpeg 1170w, https:\/\/www.planbnoticias.com.ar\/wp-content\/uploads\/2024\/04\/susana-funes-585x439.jpeg 585w\" sizes=\"(max-width: 1600px) 100vw, 1600px\" \/><\/p>\n<p>Encabez\u00f3 la Lista Blanca, de unidad en el Sindicato de Trabajadores Judiciales.<\/p>\n<p>Las y los afiliados del SITRAJ reeligieron a Susana Funes como secretaria General, quien seguir\u00e1 al frente del gremio por dos a\u00f1os.<\/p>\n<p>La comisi\u00f3n directiva del SiTraJ, elegida el 26 de abril, qued\u00f3 conformada de la siguiente manera:<\/p>\n<p>Secretaria General: Funes Susana. Secretaria Adjunta: Miranda Andrea. secretario de Organizaci\u00f3n: Campos Walter. Secretaria Gremial: Jaime Ver\u00f3nica. Secretario de Prensa: D\u00edaz Bruno. Secretario de Actas: Maldonado Juan. Secretario de Finanzas: Reale Sergio. Secretario de Acci\u00f3n Social y Turismo: Pesce Bernardita. Secretaria T\u00e9cnica e Investigaci\u00f3n: Salvador Mar\u00eda Candela.<\/p>\n<p>Vocales: Leduc Dar\u00edo, P\u00e9rez Fabiana, Herrera Silvia, Funes Marina, Dubie Marcos.<\/p>\n<p>Revisores de cuenta: Mercado Mancinelli Diego, Figun Andrea, Alsamendi Claudia, \u00a0Quintero Martin Marianela, Villamayor Roberto.<\/p>\n<p>Tribunal de Disciplina: Raibur Maximiliano, Echegoyen Natacha, Cepeda Martin, Depaolo \u00a0Mar\u00eda Celeste, Iparraguirre Ricardo.<\/p>\n<p>Congresales F.J.A: Funes Susana, Miranda Andrea, Jaime Veronica, y Reale Sergio.<\/p>\n<p>\u201cEjercer democr\u00e1ticamente el voto siempre es una gran satisfacci\u00f3n y ver como se expresa los\/as trabajadoras, con ganas de apoyar la instituci\u00f3n que defiende sus derechos y garant\u00edas laborales\u201d, se\u00f1alaron.<\/p>\n<p>\u201cSabemos que ser\u00e1 un periodo dif\u00edcil donde deberemos defender derechos ya consagrados por la clase trabajadora, as\u00ed mismo el salario de los \/as Judiciales se viene licuando mes a mes y es una lucha constante para no seguir perdiendo poder adquisitivo, es una discusi\u00f3n que no dejamos de dar con el ejecutivo, debemos recomponer el salarios de los\/as campa\u00f1eras. entendiendo que el \u00fanico camino es en unidad, porque si no, quedamos a merced de la patronal, tenemos claro que el trabajador tiene que fortalecerse en su instituci\u00f3n gremial, para juntos resistir y construir, desde el respeto y la confianza en todos los sentidos\u201d, alertaron.<\/p>\n<p>Por eso \u201cestamos muy contentos comenzando este nuevo periodo donde seguiremos luchando y dando lo mejor de cada uno, gestionando, consensuando y si es necesario como lo hemos hecho en otras oportunidades, luchando por el beneficio de todas\/os los trabajadores Judiciales\u201d, finalizaron.<\/p>\n","protected":false},"excerpt":{"rendered":"<p>Encabez\u00f3 la Lista Blanca, de unidad en el Sindicato de Trabajadores Judiciales. Las y los afiliados del SITRAJ reeligieron a Susana Funes como secretaria General, quien seguir\u00e1 al frente del&hellip;<\/p>\n","protected":false},"author":2,"featured_media":413481,"comment_status":"closed","ping_status":"open","sticky":false,"template":"","format":"standard","meta":{"footnotes":""},"categories":[7,9,13],"tags":[],"class_list":["post-415721","post","type-post","status-publish","format-standard","has-post-thumbnail","hentry","category-destacadas","category-gremiales","category-provincia"],"jetpack_featured_media_url":"https:\/\/www.planbnoticias.com.ar\/wp-content\/uploads\/2024\/04\/susana-funes.jpeg","_links":{"self":[{"href":"https:\/\/www.planbnoticias.com.ar\/index.php\/wp-json\/wp\/v2\/posts\/415721","targetHints":{"allow":["GET"]}}],"collection":[{"href":"https:\/\/www.planbnoticias.com.ar\/index.php\/wp-json\/wp\/v2\/posts"}],"about":[{"href":"https:\/\/www.planbnoticias.com.ar\/index.php\/wp-json\/wp\/v2\/types\/post"}],"author":[{"embeddable":true,"href":"https:\/\/www.planbnoticias.com.ar\/index.php\/wp-json\/wp\/v2\/users\/2"}],"replies":[{"embeddable":true,"href":"https:\/\/www.planbnoticias.com.ar\/index.php\/wp-json\/wp\/v2\/comments?post=415721"}],"version-history":[{"count":1,"href":"https:\/\/www.planbnoticias.com.ar\/index.php\/wp-json\/wp\/v2\/posts\/415721\/revisions"}],"predecessor-version":[{"id":415722,"href":"https:\/\/www.planbnoticias.com.ar\/index.php\/wp-json\/wp\/v2\/posts\/415721\/revisions\/415722"}],"wp:featuredmedia":[{"embeddable":true,"href":"https:\/\/www.planbnoticias.com.ar\/index.php\/wp-json\/wp\/v2\/media\/413481"}],"wp:attachment":[{"href":"https:\/\/www.planbnoticias.com.ar\/index.php\/wp-json\/wp\/v2\/media?parent=415721"}],"wp:term":[{"taxonomy":"category","embeddable":true,"href":"https:\/\/www.planbnoticias.com.ar\/index.php\/wp-json\/wp\/v2\/categories?post=415721"},{"taxonomy":"post_tag","embeddable":true,"href":"https:\/\/www.planbnoticias.com.ar\/index.php\/wp-json\/wp\/v2\/tags?post=415721"}],"curies":[{"name":"wp","href":"https:\/\/api.w.org\/{rel}","templated":true}]}}