{"id":463218,"date":"2025-06-18T10:14:18","date_gmt":"2025-06-18T13:14:18","guid":{"rendered":"https:\/\/www.planbnoticias.com.ar\/?p=463218"},"modified":"2025-06-18T10:14:18","modified_gmt":"2025-06-18T13:14:18","slug":"con-supuestos-controles-vehiculares-bullrich-frena-a-los-micros-que-llegan-a-caba-en-apoyo-a-cristina","status":"publish","type":"post","link":"https:\/\/www.planbnoticias.com.ar\/index.php\/2025\/06\/18\/con-supuestos-controles-vehiculares-bullrich-frena-a-los-micros-que-llegan-a-caba-en-apoyo-a-cristina\/","title":{"rendered":"Con supuestos controles vehiculares, Bullrich frena a los micros que llegan a CABA en apoyo a Cristina"},"content":{"rendered":"<p><img fetchpriority=\"high\" decoding=\"async\" class=\"alignnone size-full wp-image-463219\" src=\"https:\/\/www.planbnoticias.com.ar\/wp-content\/uploads\/2025\/06\/controles-caba.jpeg\" alt=\"\" width=\"700\" height=\"467\" srcset=\"https:\/\/www.planbnoticias.com.ar\/wp-content\/uploads\/2025\/06\/controles-caba.jpeg 700w, https:\/\/www.planbnoticias.com.ar\/wp-content\/uploads\/2025\/06\/controles-caba-300x200.jpeg 300w, https:\/\/www.planbnoticias.com.ar\/wp-content\/uploads\/2025\/06\/controles-caba-585x390.jpeg 585w, https:\/\/www.planbnoticias.com.ar\/wp-content\/uploads\/2025\/06\/controles-caba-263x175.jpeg 263w\" sizes=\"(max-width: 700px) 100vw, 700px\" \/><\/p>\n<p>La ministra mont\u00f3 su megaoperativo que incluye requisas a los manifestantes que llegan desde distintos puntos del pa\u00eds para la concentraci\u00f3n en apoyo a la expresidenta.<\/p>\n<p>Con el objetivo de provocar y mermar la movilizaci\u00f3n nacional en rechazo a la proscripci\u00f3n de Cristina Kirchner, el ministerio de Seguridad desat\u00f3 en distintos puntos del pa\u00eds supuestos controles vehiculares que apuntan particularmente a veh\u00edculos que llevan manifestantes hacia la Plaza de Mayo.<\/p>\n<p>El asedio comenz\u00f3 anoche en distintos puntos. En la ruta 9, que une Rosario con Buenos Aires, patrulleros de la Polic\u00eda Federal y de la Gendarmer\u00eda Nacional se colocaron a los costados de las caravanas de micros de larga distancia, oblig\u00e1ndolos a disminuir su velocidad.<\/p>\n<p>Luego instaron a los conductores detenerse y, en medio de la noche y las baj\u00edsimas temperaturas, conminaron a los pasajeros a bajarse para requisar sin garant\u00edas el veh\u00edculo.<\/p>\n<p><script async src=\"\/\/pagead2.googlesyndication.com\/pagead\/js\/adsbygoogle.js\"><\/script><\/p>\n<p><!-- Publi m\u00f3vil interior nota --><\/p>\n<p>&nbsp;<\/p>\n<p><script><\/p>\n<p>(adsbygoogle = window.adsbygoogle || []).push({});<\/p>\n<p><\/script><\/p>\n<p>Requisas a los manifestantes<\/p>\n<p>Uno de los epicentros de los controles policiales que hostigan a los manifestantes es la autopista Ricchieri, una de las v\u00edas que conecta distintos puntos del conurbano bonaerense y del interior de la provincia, con la Ciudad de Buenos Aires.<\/p>\n<p>All\u00ed, los agentes de las distintas fuerzas preferidas de la ministra Patricia Bullrich controlan y hasta ingresan a los micros en b\u00fasqueda de cualquier elemento que pueda incriminar, de modo tal que el veh\u00edculo quede demorado y hasta secuestrado con sus pasajeros a la deriva.<\/p>\n<p>Los operativos no los realizan inspectores de tr\u00e1nsito ni personal dedicado a esos menesteres. Son todos polic\u00edas o gendarmes rasos que suben a los micros en grupos de ocho o diez, entorpeciendo su propio desplazamiento por el interior del veh\u00edculo y sin dar garant\u00edas de que puedan manipular la escena.<\/p>\n<p>En el marco de esos procedimientos, decenas de personas son bajadas y obligadas a esperar a la vera de las rutas. A varias se les exige que expliquen su destino, mientras los choferes deben exhibir la documentaci\u00f3n y los permisos, como nunca antes en ning\u00fan control tur\u00edstico o viaje de rutina.<\/p>\n<p>El asedio policial en nombre de la \u201clibertad\u201d contra los militantes peronistas es tan desproporcionado como infundado. Algunas personas fueron obligadas a mostrar su documentaci\u00f3n y hasta palpadas, como en las razias o redadas aplicadas en per\u00edodos de suspensi\u00f3n de garant\u00edas.<\/p>\n<p>En respuesta a las provocaciones de la Polic\u00eda Federal, los manifestantes responden pac\u00edficamente y sin resistencia. S\u00f3lo agradecen con iron\u00eda y, con los dedos en V en alto, entonan las estrofas de la Marcha Peronista.<\/p>\n<p>\u201cPor cada lugar que pasamos nos sacan fotos y nos filman\u00bb<\/p>\n<p>Algunos militantes que viajaban de la provincia de C\u00f3rdoba hacia Buenos Aires denunciaron que hubo \u201crequisas humillantes\u201d. Durante una comunicaci\u00f3n con Radio Diez, un manifestante llamado Luis cont\u00f3 que \u201cse registraron bolsos, documentaci\u00f3n y hasta se tomaron fotos de las personas que viajaban\u201d.<\/p>\n<p>En la ciudad de Villa Mercedes, provincia de San Luis, al menos cinco micros fueron desviados de la ruta, sin explicaci\u00f3n. \u201cPor cada lugar que pasamos nos sacan fotos y nos filman. Es una persecuci\u00f3n. Es m\u00e1s, cuando salimos de San Luis (capital) subieron gendarmes a pedirnos documentos\u201d, denunci\u00f3 una mujer que public\u00f3 un video en las redes sociales.<\/p>\n<p>Algo similar vivieron personas que viajaron desde Mendoza. \u201cAc\u00e1 no nos dejan viajar, nos tienen encapsulados tanto la Gendarmer\u00eda como la Provincia de San Luis que nos hizo dar vueltas y no nos dejan parar en estaciones de servicios\u201d, relat\u00f3 otra manifestante.<\/p>\n<p>\u201cSabemos que en San Juan han bajado a gente de los colectivos y dejaron a pie. Los volvieron locos y no los dejaron pasar por ning\u00fan lado. No quieren que lleguemos a Buenos Aires\u201d, denunci\u00f3 su pareja.<\/p>\n<p>En tanto, en los lugares de control policial donde se apostaron c\u00e1maras y m\u00f3viles de radio y televisi\u00f3n, todo transcurre con relativa tranquilidad. Hasta el momento no hubo discusiones ni malos tratos filmados. (Fuente: P\u00e1gina\/12).<\/p>\n","protected":false},"excerpt":{"rendered":"<p>La ministra mont\u00f3 su megaoperativo que incluye requisas a los manifestantes que llegan desde distintos puntos del pa\u00eds para la concentraci\u00f3n en apoyo a la expresidenta. Con el objetivo de&hellip;<\/p>\n","protected":false},"author":3,"featured_media":463219,"comment_status":"closed","ping_status":"open","sticky":false,"template":"","format":"standard","meta":{"footnotes":""},"categories":[12],"tags":[],"class_list":["post-463218","post","type-post","status-publish","format-standard","has-post-thumbnail","hentry","category-pais"],"jetpack_featured_media_url":"https:\/\/www.planbnoticias.com.ar\/wp-content\/uploads\/2025\/06\/controles-caba.jpeg","_links":{"self":[{"href":"https:\/\/www.planbnoticias.com.ar\/index.php\/wp-json\/wp\/v2\/posts\/463218","targetHints":{"allow":["GET"]}}],"collection":[{"href":"https:\/\/www.planbnoticias.com.ar\/index.php\/wp-json\/wp\/v2\/posts"}],"about":[{"href":"https:\/\/www.planbnoticias.com.ar\/index.php\/wp-json\/wp\/v2\/types\/post"}],"author":[{"embeddable":true,"href":"https:\/\/www.planbnoticias.com.ar\/index.php\/wp-json\/wp\/v2\/users\/3"}],"replies":[{"embeddable":true,"href":"https:\/\/www.planbnoticias.com.ar\/index.php\/wp-json\/wp\/v2\/comments?post=463218"}],"version-history":[{"count":1,"href":"https:\/\/www.planbnoticias.com.ar\/index.php\/wp-json\/wp\/v2\/posts\/463218\/revisions"}],"predecessor-version":[{"id":463220,"href":"https:\/\/www.planbnoticias.com.ar\/index.php\/wp-json\/wp\/v2\/posts\/463218\/revisions\/463220"}],"wp:featuredmedia":[{"embeddable":true,"href":"https:\/\/www.planbnoticias.com.ar\/index.php\/wp-json\/wp\/v2\/media\/463219"}],"wp:attachment":[{"href":"https:\/\/www.planbnoticias.com.ar\/index.php\/wp-json\/wp\/v2\/media?parent=463218"}],"wp:term":[{"taxonomy":"category","embeddable":true,"href":"https:\/\/www.planbnoticias.com.ar\/index.php\/wp-json\/wp\/v2\/categories?post=463218"},{"taxonomy":"post_tag","embeddable":true,"href":"https:\/\/www.planbnoticias.com.ar\/index.php\/wp-json\/wp\/v2\/tags?post=463218"}],"curies":[{"name":"wp","href":"https:\/\/api.w.org\/{rel}","templated":true}]}}