{"id":506545,"date":"2026-07-12T15:08:02","date_gmt":"2026-07-12T18:08:02","guid":{"rendered":"https:\/\/www.planbnoticias.com.ar\/?p=506545"},"modified":"2026-07-12T15:08:02","modified_gmt":"2026-07-12T18:08:02","slug":"critica-a-milei-victoria-villarruel-respaldo-el-reclamo-salarial-y-pidio-retribucion-acorde-a-los-docentes","status":"publish","type":"post","link":"https:\/\/www.planbnoticias.com.ar\/index.php\/2026\/07\/12\/critica-a-milei-victoria-villarruel-respaldo-el-reclamo-salarial-y-pidio-retribucion-acorde-a-los-docentes\/","title":{"rendered":"Cr\u00edtica a Milei: Victoria Villarruel respald\u00f3 el reclamo salarial y pidi\u00f3 \u201cretribuci\u00f3n acorde\u201d a los docentes"},"content":{"rendered":"<p><img fetchpriority=\"high\" decoding=\"async\" class=\"alignnone size-full wp-image-429606\" src=\"https:\/\/www.planbnoticias.com.ar\/wp-content\/uploads\/2024\/08\/villarruel-1.webp\" alt=\"\" width=\"1135\" height=\"720\" srcset=\"https:\/\/www.planbnoticias.com.ar\/wp-content\/uploads\/2024\/08\/villarruel-1.webp 1135w, https:\/\/www.planbnoticias.com.ar\/wp-content\/uploads\/2024\/08\/villarruel-1-300x190.webp 300w, https:\/\/www.planbnoticias.com.ar\/wp-content\/uploads\/2024\/08\/villarruel-1-1024x650.webp 1024w, https:\/\/www.planbnoticias.com.ar\/wp-content\/uploads\/2024\/08\/villarruel-1-768x487.webp 768w, https:\/\/www.planbnoticias.com.ar\/wp-content\/uploads\/2024\/08\/villarruel-1-585x371.webp 585w\" sizes=\"(max-width: 1135px) 100vw, 1135px\" \/><\/p>\n<p class=\"Normal\"><span class=\"tm5\">La vicepresidenta de la Naci\u00f3n, Victoria Villarruel, afirm\u00f3 hoy que los trabajadores de la educaci\u00f3n \u201cmerecen reconocimiento, respeto y retribuci\u00f3n acordes a la importancia de la tarea que realizan\u201d, en un fuerte posicionamiento p\u00fablico que se produce a menos de un mes de que la Corte Suprema de Justicia de la Naci\u00f3n rechazara un recurso del Poder Ejecutivo y dejara firme una medida cautelar que ordenaba aplicar la Ley de Financiamiento Universitario.<\/span><span class=\"tm5\">\u00a0<\/span><\/p>\n<p class=\"Normal\"><span class=\"tm5\">Las declaraciones de la titular del Senado se dieron en el marco de un saludo oficial por el aniversario del Instituto Social Militar D\u00e1maso Centeno, establecimiento educativo del cual es ex alumna y al que ponder\u00f3 por su rol institucional.<\/span><\/p>\n<p class=\"Normal\"><span class=\"tm5\">A trav\u00e9s de sus canales oficiales, la mandataria visibiliz\u00f3 su postura respecto de la situaci\u00f3n salarial del sector en medio de las tensiones presupuestarias que mantiene la administraci\u00f3n central con las universidades y los gremios docentes.<\/span><\/p>\n<p>\u00a0<script async src=\"\/\/pagead2.googlesyndication.com\/pagead\/js\/adsbygoogle.js\"><\/script><\/p>\n<p><!-- Publi m\u00f3vil interior nota --><\/p>\n<p>&nbsp;<\/p>\n<p><script><\/p>\n<p>(adsbygoogle = window.adsbygoogle || []).push({});<\/p>\n<p><\/script><\/p>\n<p class=\"Normal\"><span class=\"tm5\">La reivindicaci\u00f3n de la funci\u00f3n pedag\u00f3gica form\u00f3 parte de una serie de publicaciones que la funcionaria realiz\u00f3 en la red social X para conmemorar la fecha fundacional de su antigua escuela. \u201cComo egresada del D\u00e1maso, guardo un enorme cari\u00f1o por una instituci\u00f3n que forma parte de mi historia personal. En sus pasillos aprend\u00ed lecciones que iban mucho m\u00e1s all\u00e1 de los libros. Guardo los mejores recuerdos y amistades que trascienden las d\u00e9cadas\u201d, sostuvo Villarruel este domingo para rememorar su paso por las aulas de la entidad socio-militar.<\/span><span class=\"tm5\">\u00a0<\/span><\/p>\n<p>&nbsp;<\/p>\n<blockquote class=\"twitter-tweet\">\n<p dir=\"ltr\" lang=\"es\">El Instituto Social Militar D\u00e1maso Centeno comenz\u00f3 su historia hace m\u00e1s de un siglo con una idea profundamente argentina: brindar educaci\u00f3n, contenci\u00f3n y oportunidades a quienes m\u00e1s lo necesitaban.<\/p>\n<p>Desde entonces, miles de alumnos pasaron por sus aulas y encontraron ah\u00ed una\u2026 <a href=\"https:\/\/t.co\/Q4y3PnFcQl\">pic.twitter.com\/Q4y3PnFcQl<\/a><\/p>\n<p>\u2014 Victoria Villarruel (@VickyVillarruel) <a href=\"https:\/\/x.com\/VickyVillarruel\/status\/2076303636179673493?ref_src=twsrc%5Etfw\">July 12, 2026<\/a><\/p><\/blockquote>\n<p><script async src=\"https:\/\/platform.x.com\/widgets.js\" charset=\"utf-8\"><\/script><\/p>\n<p class=\"Normal\"><span class=\"tm5\">En ese mismo sentido, seg\u00fan supo la Agencia Noticias Argentinas, la funcionaria enfatiz\u00f3 que el impacto formativo de los colegios se sostiene de manera directa sobre el esfuerzo sostenido de las plantas de profesores a lo largo de los a\u00f1os.<\/span><\/p>\n<p class=\"Normal\"><span class=\"tm5\">Al respecto, remarc\u00f3 que \u201cnada de eso ser\u00eda posible sin generaciones de docentes que dedicaron su vida a ense\u00f1ar\u201d y concluy\u00f3 que \u201cquienes eligen la educaci\u00f3n cumplen una misi\u00f3n fundamental para el futuro de la Naci\u00f3n\u201d, vinculando directamente el progreso del pa\u00eds con el otorgamiento de condiciones laborales y salariales dignas para el personal de las escuelas de todo el territorio. (Noticias Argentinas).<\/span><\/p>\n","protected":false},"excerpt":{"rendered":"<p>La vicepresidenta de la Naci\u00f3n, Victoria Villarruel, afirm\u00f3 hoy que los trabajadores de la educaci\u00f3n \u201cmerecen reconocimiento, respeto y retribuci\u00f3n acordes a la importancia de la tarea que realizan\u201d, en&hellip;<\/p>\n","protected":false},"author":3,"featured_media":429606,"comment_status":"closed","ping_status":"open","sticky":false,"template":"","format":"standard","meta":{"footnotes":""},"categories":[12],"tags":[],"class_list":["post-506545","post","type-post","status-publish","format-standard","has-post-thumbnail","hentry","category-pais"],"jetpack_featured_media_url":"https:\/\/www.planbnoticias.com.ar\/wp-content\/uploads\/2024\/08\/villarruel-1.webp","_links":{"self":[{"href":"https:\/\/www.planbnoticias.com.ar\/index.php\/wp-json\/wp\/v2\/posts\/506545","targetHints":{"allow":["GET"]}}],"collection":[{"href":"https:\/\/www.planbnoticias.com.ar\/index.php\/wp-json\/wp\/v2\/posts"}],"about":[{"href":"https:\/\/www.planbnoticias.com.ar\/index.php\/wp-json\/wp\/v2\/types\/post"}],"author":[{"embeddable":true,"href":"https:\/\/www.planbnoticias.com.ar\/index.php\/wp-json\/wp\/v2\/users\/3"}],"replies":[{"embeddable":true,"href":"https:\/\/www.planbnoticias.com.ar\/index.php\/wp-json\/wp\/v2\/comments?post=506545"}],"version-history":[{"count":1,"href":"https:\/\/www.planbnoticias.com.ar\/index.php\/wp-json\/wp\/v2\/posts\/506545\/revisions"}],"predecessor-version":[{"id":506546,"href":"https:\/\/www.planbnoticias.com.ar\/index.php\/wp-json\/wp\/v2\/posts\/506545\/revisions\/506546"}],"wp:featuredmedia":[{"embeddable":true,"href":"https:\/\/www.planbnoticias.com.ar\/index.php\/wp-json\/wp\/v2\/media\/429606"}],"wp:attachment":[{"href":"https:\/\/www.planbnoticias.com.ar\/index.php\/wp-json\/wp\/v2\/media?parent=506545"}],"wp:term":[{"taxonomy":"category","embeddable":true,"href":"https:\/\/www.planbnoticias.com.ar\/index.php\/wp-json\/wp\/v2\/categories?post=506545"},{"taxonomy":"post_tag","embeddable":true,"href":"https:\/\/www.planbnoticias.com.ar\/index.php\/wp-json\/wp\/v2\/tags?post=506545"}],"curies":[{"name":"wp","href":"https:\/\/api.w.org\/{rel}","templated":true}]}}