{"id":511691,"date":"2026-08-29T11:53:21","date_gmt":"2026-08-29T14:53:21","guid":{"rendered":"https:\/\/www.planbnoticias.com.ar\/?p=511691"},"modified":"2026-08-29T11:53:21","modified_gmt":"2026-08-29T14:53:21","slug":"genoni-la-crisis-de-liderazgo-es-en-realidad-una-crisis-de-finalidad","status":"publish","type":"post","link":"https:\/\/www.planbnoticias.com.ar\/index.php\/2026\/08\/29\/genoni-la-crisis-de-liderazgo-es-en-realidad-una-crisis-de-finalidad\/","title":{"rendered":"Genoni: \u201cLa crisis de liderazgo es, en realidad, una crisis de finalidad\u201d"},"content":{"rendered":"<p><img fetchpriority=\"high\" decoding=\"async\" class=\"alignnone size-full wp-image-498529\" src=\"https:\/\/www.planbnoticias.com.ar\/wp-content\/uploads\/2026\/05\/genoni.jpeg\" alt=\"\" width=\"1600\" height=\"1059\" srcset=\"https:\/\/www.planbnoticias.com.ar\/wp-content\/uploads\/2026\/05\/genoni.jpeg 1600w, https:\/\/www.planbnoticias.com.ar\/wp-content\/uploads\/2026\/05\/genoni-300x199.jpeg 300w, https:\/\/www.planbnoticias.com.ar\/wp-content\/uploads\/2026\/05\/genoni-1024x678.jpeg 1024w, https:\/\/www.planbnoticias.com.ar\/wp-content\/uploads\/2026\/05\/genoni-768x508.jpeg 768w, https:\/\/www.planbnoticias.com.ar\/wp-content\/uploads\/2026\/05\/genoni-1536x1017.jpeg 1536w, https:\/\/www.planbnoticias.com.ar\/wp-content\/uploads\/2026\/05\/genoni-1170x774.jpeg 1170w, https:\/\/www.planbnoticias.com.ar\/wp-content\/uploads\/2026\/05\/genoni-780x516.jpeg 780w, https:\/\/www.planbnoticias.com.ar\/wp-content\/uploads\/2026\/05\/genoni-585x387.jpeg 585w, https:\/\/www.planbnoticias.com.ar\/wp-content\/uploads\/2026\/05\/genoni-263x175.jpeg 263w\" sizes=\"(max-width: 1600px) 100vw, 1600px\" \/><\/p>\n<p>El secretario general del Centro Empleados de Comercio de Santa Rosa, Rodrigo Genoni, public\u00f3 una extensa reflexi\u00f3n en la que revis\u00f3 su propia mirada sobre la dirigencia pol\u00edtica y sostuvo que la crisis actual va m\u00e1s all\u00e1 de la falta de liderazgos: \u201cEstamos ante una crisis de finalidad\u201d. Sin mencionar a dirigentes o gobiernos en particular, cuestion\u00f3 la construcci\u00f3n de poder basada en el enfrentamiento y reivindic\u00f3 el rol del Estado, las instituciones y las organizaciones comunitarias para construir un proyecto colectivo.<br \/>\n<script async src=\"\/\/pagead2.googlesyndication.com\/pagead\/js\/adsbygoogle.js\"><\/script><br \/>\n<!-- Publi m\u00f3vil interior nota --><br \/>\n<ins class=\"adsbygoogle\" style=\"display: inline-block; width: 320px; height: 100px;\" data-ad-client=\"ca-pub-7250018434179914\" data-ad-slot=\"1040343543\"><\/ins><br \/>\n<script>\n(adsbygoogle = window.adsbygoogle || []).push({});\n<\/script><br \/>\nEl dirigente textualmente expres\u00f3 lo siguiente:<\/p>\n<p><em>La crisis de liderazgo es, en realidad, una crisis de finalidad<\/em><\/p>\n<p><em>Durante mucho tiempo habl\u00e9 de una crisis de liderazgo. Se\u00f1al\u00e9 la falta de dirigentes con coraje, formaci\u00f3n, sensibilidad y capacidad para interpretar lo que le sucede a nuestra sociedad. Sigo creyendo que esa crisis existe. Pero hoy comprendo que ese diagn\u00f3stico resulta insuficiente.<\/em><\/p>\n<p><em>El problema es m\u00e1s profundo.<\/em><\/p>\n<p><em>No estamos solamente ante una crisis de liderazgo. Estamos ante una crisis de finalidad.<\/em><\/p>\n<p><em>Tal vez no falten personas capaces de conducir. De hecho, el mundo sigue produciendo l\u00edderes que ganan elecciones, concentran poder, dominan la conversaci\u00f3n p\u00fablica y construyen grandes estructuras alrededor de sus nombres. Lo que parece haberse perdido es la respuesta a una pregunta mucho m\u00e1s elemental: \u00bfpara qu\u00e9 se quiere gobernar?<\/em><\/p>\n<p><em>Yo mismo pensaba que necesit\u00e1bamos mejores liderazgos para corregir el rumbo. Hoy me pregunto si alcanza con cambiar a quienes conducen cuando ya no existe claridad sobre el destino hacia el cual queremos avanzar.<\/em><\/p>\n<p><em>Porque construir poder no es lo mismo que construir sociedad.<\/em><\/p>\n<p><em>El poder puede construirse reuniendo votos, cargos, recursos, obediencias y adhesiones. Tambi\u00e9n puede construirse identificando enemigos, alimentando enfrentamientos y transformando el enojo social en una herramienta electoral. Construir sociedad, en cambio, exige generar confianza, organizar solidaridades, fortalecer instituciones y ofrecer un horizonte com\u00fan.<\/em><\/p>\n<p><em>El poder fortalece a quien conduce. La construcci\u00f3n de sociedad debe fortalecer a la comunidad, incluso cuando quien circunstancialmente la conduce ya no est\u00e1.<\/em><\/p>\n<p><em>Hoy abundan dirigentes que saben decirnos contra qui\u00e9n debemos luchar, pero son muy pocos los que pueden explicarnos hacia d\u00f3nde quieren llevarnos. Se construyen mayor\u00edas alrededor del miedo, el resentimiento y la frustraci\u00f3n, pero no alrededor de un proyecto colectivo. La pol\u00edtica se volvi\u00f3 cada vez m\u00e1s eficiente para administrar conflictos y cada vez menos capaz de imaginar un destino.<\/em><\/p>\n<p><em>Esa es la verdadera crisis.<\/em><\/p>\n<p><em>No es \u00fanicamente que falten grandes figuras. Lo que falta es una definici\u00f3n compartida acerca de para qu\u00e9 deben existir el Estado, la econom\u00eda y el poder pol\u00edtico.<\/em><\/p>\n<p><em>Pareciera que ya no resulta evidente que gobernar deber\u00eda servir para que una familia pueda alimentarse, que un trabajador viva dignamente de su salario, que un joven pueda proyectar su futuro y que una persona no quede abandonada frente a la enfermedad, el desempleo o la vejez.<\/em><\/p>\n<p><em>Decir estas cosas, que deber\u00edan constituir el punto de partida de cualquier sociedad, comienza a parecer antiguo, ingenuo o excesivamente ideol\u00f3gico. Como si hablar de comunidad fuera una debilidad y no la raz\u00f3n misma por la cual los seres humanos decidimos organizarnos colectivamente.<\/em><\/p>\n<p><em>La cultura dominante nos ense\u00f1a que cada uno debe salvarse por su cuenta. Que la salud, la educaci\u00f3n, la vivienda, la seguridad y la jubilaci\u00f3n son problemas individuales. Que quien pueda pagarlos los tendr\u00e1 y quien no pueda deber\u00e1 aceptar su destino. De esa manera, la solidaridad se convierte en un costo, el derecho en un privilegio y el ciudadano en un consumidor.<\/em><\/p>\n<p><em>Cuando todo se individualiza, la sociedad desaparece y solamente queda una suma de personas compitiendo entre s\u00ed.<\/em><\/p>\n<p><em>En ese contexto tambi\u00e9n cambi\u00f3 el sentido del liderazgo. Ya no se valora tanto a quien organiza una comunidad como a quien concentra poder. Ya no se busca a quien construye instituciones duraderas, sino a quien impone su voluntad. La crueldad se confunde con firmeza; el insulto, con sinceridad; el autoritarismo, con decisi\u00f3n.<\/em><\/p>\n<p><em>Sin embargo, una sociedad no se construye humillando al m\u00e1s d\u00e9bil ni convirtiendo al diferente en enemigo. Tampoco se construye dici\u00e9ndole a cada persona que su sufrimiento es exclusivamente el resultado de sus propios errores.<\/em><\/p>\n<p><em>Una sociedad se construye cuando existe la certeza de que nadie deber\u00e1 enfrentar completamente solo los momentos m\u00e1s dif\u00edciles de su vida.<\/em><\/p>\n<p><em>Los sindicatos, las mutuales, las cooperativas, las organizaciones comunitarias y el propio Estado nacieron de esa convicci\u00f3n. No fueron creados para reemplazar el esfuerzo individual, sino para reconocer algo muy sencillo: existen problemas que una persona aislada no puede resolver, pero una comunidad organizada s\u00ed.<\/em><\/p>\n<p><em>Por eso hoy entiendo que la discusi\u00f3n no puede limitarse a encontrar nuevos nombres para ocupar los mismos lugares. No alcanza con reclamar mejores dirigentes si no recuperamos primero el sentido del poder.<\/em><\/p>\n<p><em>Necesitamos volver a preguntarnos qu\u00e9 sociedad queremos construir, qu\u00e9 responsabilidades estamos dispuestos a asumir por los dem\u00e1s y qu\u00e9 obligaciones debe tener quien conduce.<\/em><\/p>\n<p><em>Un verdadero liderazgo no se mide solamente por la cantidad de votos que obtiene ni por el tiempo que consigue permanecer en el poder. Se mide por la sociedad que deja detr\u00e1s suyo: por las instituciones que fortaleci\u00f3, por las oportunidades que cre\u00f3, por los derechos que garantiz\u00f3 y por su capacidad para transformar una multitud fragmentada en una comunidad.<\/em><\/p>\n<p><em>Gobernar no deber\u00eda consistir en administrar resignaciones. Mucho menos en convencer a los ciudadanos de que ya no existe un destino com\u00fan.<\/em><\/p>\n<p><em>Gobernar debe ser organizar esperanza.<\/em><\/p>\n<p><em>Quiz\u00e1s por eso la crisis actual produce tanto cansancio y tanta angustia. No se trata solamente de que los dirigentes no est\u00e9n resolviendo los problemas. Se trata de que una parte importante de ellos parece haber renunciado a la idea misma de construir una sociedad.<\/em><\/p>\n<p><em>Durante mucho tiempo cre\u00ed que nuestra principal dificultad era no encontrar los liderazgos adecuados. Hoy comprendo que la pregunta anterior es todav\u00eda m\u00e1s importante: \u00bfliderazgos para hacer qu\u00e9?<\/em><\/p>\n<p><em>Sin una finalidad colectiva, incluso el liderazgo m\u00e1s fuerte puede convertirse en una simple maquinaria de acumulaci\u00f3n de poder.<\/em><\/p>\n<p><em>Recuperar esa finalidad es la tarea pol\u00edtica m\u00e1s importante de nuestro tiempo.<\/em><\/p>\n<p><em>Porque el poder que solamente se utiliza para reproducirse termina inevitablemente vac\u00edo. Y porque, en definitiva, el poder s\u00f3lo tiene sentido cuando sirve para construir una sociedad en la que nadie necesite salvarse solo.<\/em><\/p>\n","protected":false},"excerpt":{"rendered":"<p>El secretario general del Centro Empleados de Comercio de Santa Rosa, Rodrigo Genoni, public\u00f3 una extensa reflexi\u00f3n en la que revis\u00f3 su propia mirada sobre la dirigencia pol\u00edtica y sostuvo&hellip;<\/p>\n","protected":false},"author":4,"featured_media":498529,"comment_status":"closed","ping_status":"open","sticky":false,"template":"","format":"standard","meta":{"footnotes":""},"categories":[9,13],"tags":[],"class_list":["post-511691","post","type-post","status-publish","format-standard","has-post-thumbnail","hentry","category-gremiales","category-provincia"],"jetpack_featured_media_url":"https:\/\/www.planbnoticias.com.ar\/wp-content\/uploads\/2026\/05\/genoni.jpeg","_links":{"self":[{"href":"https:\/\/www.planbnoticias.com.ar\/index.php\/wp-json\/wp\/v2\/posts\/511691","targetHints":{"allow":["GET"]}}],"collection":[{"href":"https:\/\/www.planbnoticias.com.ar\/index.php\/wp-json\/wp\/v2\/posts"}],"about":[{"href":"https:\/\/www.planbnoticias.com.ar\/index.php\/wp-json\/wp\/v2\/types\/post"}],"author":[{"embeddable":true,"href":"https:\/\/www.planbnoticias.com.ar\/index.php\/wp-json\/wp\/v2\/users\/4"}],"replies":[{"embeddable":true,"href":"https:\/\/www.planbnoticias.com.ar\/index.php\/wp-json\/wp\/v2\/comments?post=511691"}],"version-history":[{"count":1,"href":"https:\/\/www.planbnoticias.com.ar\/index.php\/wp-json\/wp\/v2\/posts\/511691\/revisions"}],"predecessor-version":[{"id":511692,"href":"https:\/\/www.planbnoticias.com.ar\/index.php\/wp-json\/wp\/v2\/posts\/511691\/revisions\/511692"}],"wp:featuredmedia":[{"embeddable":true,"href":"https:\/\/www.planbnoticias.com.ar\/index.php\/wp-json\/wp\/v2\/media\/498529"}],"wp:attachment":[{"href":"https:\/\/www.planbnoticias.com.ar\/index.php\/wp-json\/wp\/v2\/media?parent=511691"}],"wp:term":[{"taxonomy":"category","embeddable":true,"href":"https:\/\/www.planbnoticias.com.ar\/index.php\/wp-json\/wp\/v2\/categories?post=511691"},{"taxonomy":"post_tag","embeddable":true,"href":"https:\/\/www.planbnoticias.com.ar\/index.php\/wp-json\/wp\/v2\/tags?post=511691"}],"curies":[{"name":"wp","href":"https:\/\/api.w.org\/{rel}","templated":true}]}}