{"id":511699,"date":"2026-08-29T17:47:30","date_gmt":"2026-08-29T20:47:30","guid":{"rendered":"https:\/\/www.planbnoticias.com.ar\/?p=511699"},"modified":"2026-08-29T17:47:30","modified_gmt":"2026-08-29T20:47:30","slug":"el-teatro-espanol-recibira-el-concierto-lirico-de-primavera","status":"publish","type":"post","link":"https:\/\/www.planbnoticias.com.ar\/index.php\/2026\/08\/29\/el-teatro-espanol-recibira-el-concierto-lirico-de-primavera\/","title":{"rendered":"El Teatro Espa\u00f1ol recibir\u00e1 el Concierto L\u00edrico de Primavera"},"content":{"rendered":"<p><img fetchpriority=\"high\" decoding=\"async\" class=\"alignnone size-full wp-image-504508\" src=\"https:\/\/www.planbnoticias.com.ar\/wp-content\/uploads\/2026\/06\/teatro-espanol.jpeg\" alt=\"\" width=\"800\" height=\"624\" srcset=\"https:\/\/www.planbnoticias.com.ar\/wp-content\/uploads\/2026\/06\/teatro-espanol.jpeg 800w, https:\/\/www.planbnoticias.com.ar\/wp-content\/uploads\/2026\/06\/teatro-espanol-300x234.jpeg 300w, https:\/\/www.planbnoticias.com.ar\/wp-content\/uploads\/2026\/06\/teatro-espanol-768x599.jpeg 768w, https:\/\/www.planbnoticias.com.ar\/wp-content\/uploads\/2026\/06\/teatro-espanol-585x456.jpeg 585w\" sizes=\"(max-width: 800px) 100vw, 800px\" \/><\/p>\n<p>El s\u00e1bado 12 de septiembre a las 21, la Asociaci\u00f3n Cultural Pampa presentar\u00e1 en el Teatro Espa\u00f1ol de Santa Rosa su tradicional Concierto L\u00edrico de Primavera, que este a\u00f1o llevar\u00e1 como t\u00edtulo \u201cAmores de \u00d3pera\u201d. La propuesta reunir\u00e1 a destacados solistas l\u00edricos vinculados al Teatro Col\u00f3n y a la Orquesta L\u00edrica de Buenos Aires, en una noche dedicada al romance y la pasi\u00f3n de dos reconocidas obras.<br \/>\n<script async src=\"\/\/pagead2.googlesyndication.com\/pagead\/js\/adsbygoogle.js\"><\/script><br \/>\n<!-- Publi m\u00f3vil interior nota --><br \/>\n<ins class=\"adsbygoogle\" style=\"display: inline-block; width: 320px; height: 100px;\" data-ad-client=\"ca-pub-7250018434179914\" data-ad-slot=\"1040343543\"><\/ins><br \/>\n<script>\n(adsbygoogle = window.adsbygoogle || []).push({});\n<\/script><br \/>\nEl concierto contar\u00e1 con la participaci\u00f3n del bar\u00edtono Mirko Tom\u00e1s, el tenor Luca Eizaguirre \u2014ambos en su primera presentaci\u00f3n en la ciudad\u2014 y la soprano Cecyn\u00e9s Peralta, quienes estar\u00e1n acompa\u00f1ados por la Orquesta L\u00edrica de Buenos Aires bajo la direcci\u00f3n del maestro Fernando Angulo.<\/p>\n<p>La propuesta estar\u00e1 dividida en dos partes. En la primera, los int\u00e9rpretes ofrecer\u00e1n una selecci\u00f3n de arias y d\u00faos de \u201cLos Pescadores de Perlas\u201d, la reconocida \u00f3pera francesa de Georges Bizet. La segunda estar\u00e1 dedicada a \u201cLa Viuda Alegre\u201d, la rom\u00e1ntica y divertida obra del compositor alem\u00e1n Franz Leh\u00e1r.<\/p>\n<p>El eje del espect\u00e1culo estar\u00e1 puesto en las historias de amor de sus protagonistas. De all\u00ed surge el nombre \u201cAmores de \u00d3pera\u201d, una selecci\u00f3n que permitir\u00e1 recorrer distintos momentos de ambas obras a trav\u00e9s de sus principales arias y d\u00faos.<\/p>\n<p>Aunque las piezas ser\u00e1n interpretadas en sus idiomas originales, franc\u00e9s y alem\u00e1n, el p\u00fablico podr\u00e1 seguir las historias sin inconvenientes gracias al sistema de sobretitulado simult\u00e1neo en espa\u00f1ol, una herramienta que Asociaci\u00f3n Cultural Pampa incorpora habitualmente en sus producciones.<\/p>\n<p><strong>Los protagonistas<\/strong><br \/>\nMirko Tom\u00e1s, bar\u00edtono, es egresado del Instituto Superior de Arte del Teatro Col\u00f3n y cuenta con una extensa trayectoria en escenarios l\u00edricos del pa\u00eds. Integr\u00f3 el Coro Estable del Teatro Argentino de La Plata durante casi tres d\u00e9cadas y particip\u00f3 en numerosas producciones de \u00f3pera en el Teatro Col\u00f3n, el Teatro Argentino, el Teatro Avenida y el Teatro Libertador San Mart\u00edn de C\u00f3rdoba, entre otros escenarios.<\/p>\n<p>Cecyn\u00e9s Peralta, soprano, es Profesora Superior de Piano y Profesora Superior de M\u00fasica. Realiz\u00f3 estudios de perfeccionamiento en Italia, Francia y Austria, y protagoniz\u00f3 numerosos roles de \u00f3pera en Argentina y el exterior. Es fundadora de Asociaci\u00f3n Cultural Pampa, creada en 2003, y de \u00d3pera de La Pampa, instituci\u00f3n que puso en marcha en 2009. En 2025 recibi\u00f3 el premio de la Asociaci\u00f3n de Cr\u00edticos Musicales de la Rep\u00fablica Argentina por su destacada labor art\u00edstica.<\/p>\n<p>Por su parte, Luca Eizaguirre integra el Coro Polif\u00f3nico Nacional y se ha destacado como solista en repertorio sinf\u00f3nico-coral. Particip\u00f3 en producciones del Teatro Col\u00f3n junto a la Orquesta Filarm\u00f3nica de Buenos Aires, en las Galas L\u00edricas 2025\/2026 y como integrante del cuarteto solista del R\u00e9quiem de Mozart. Tambi\u00e9n fue miembro del Opera Studio del Teatro Argentino de La Plata y actualmente es alumno del Instituto Superior de Arte del Teatro Col\u00f3n.<\/p>\n<p>Las entradas numeradas se encuentran disponibles en la boleter\u00eda del Teatro Espa\u00f1ol, de martes a viernes de 8:30 a 12:30, y tambi\u00e9n a trav\u00e9s de la ticketera del teatro.<\/p>\n<p>La cita ser\u00e1 el s\u00e1bado 12 de septiembre a las 21 en el Teatro Espa\u00f1ol, con una propuesta que combinar\u00e1 grandes voces, m\u00fasica orquestal y dos historias de amor llevadas al escenario a trav\u00e9s de la \u00f3pera.<\/p>\n","protected":false},"excerpt":{"rendered":"<p>El s\u00e1bado 12 de septiembre a las 21, la Asociaci\u00f3n Cultural Pampa presentar\u00e1 en el Teatro Espa\u00f1ol de Santa Rosa su tradicional Concierto L\u00edrico de Primavera, que este a\u00f1o llevar\u00e1&hellip;<\/p>\n","protected":false},"author":4,"featured_media":504508,"comment_status":"closed","ping_status":"open","sticky":false,"template":"","format":"standard","meta":{"footnotes":""},"categories":[5],"tags":[],"class_list":["post-511699","post","type-post","status-publish","format-standard","has-post-thumbnail","hentry","category-cultura"],"jetpack_featured_media_url":"https:\/\/www.planbnoticias.com.ar\/wp-content\/uploads\/2026\/06\/teatro-espanol.jpeg","_links":{"self":[{"href":"https:\/\/www.planbnoticias.com.ar\/index.php\/wp-json\/wp\/v2\/posts\/511699","targetHints":{"allow":["GET"]}}],"collection":[{"href":"https:\/\/www.planbnoticias.com.ar\/index.php\/wp-json\/wp\/v2\/posts"}],"about":[{"href":"https:\/\/www.planbnoticias.com.ar\/index.php\/wp-json\/wp\/v2\/types\/post"}],"author":[{"embeddable":true,"href":"https:\/\/www.planbnoticias.com.ar\/index.php\/wp-json\/wp\/v2\/users\/4"}],"replies":[{"embeddable":true,"href":"https:\/\/www.planbnoticias.com.ar\/index.php\/wp-json\/wp\/v2\/comments?post=511699"}],"version-history":[{"count":1,"href":"https:\/\/www.planbnoticias.com.ar\/index.php\/wp-json\/wp\/v2\/posts\/511699\/revisions"}],"predecessor-version":[{"id":511700,"href":"https:\/\/www.planbnoticias.com.ar\/index.php\/wp-json\/wp\/v2\/posts\/511699\/revisions\/511700"}],"wp:featuredmedia":[{"embeddable":true,"href":"https:\/\/www.planbnoticias.com.ar\/index.php\/wp-json\/wp\/v2\/media\/504508"}],"wp:attachment":[{"href":"https:\/\/www.planbnoticias.com.ar\/index.php\/wp-json\/wp\/v2\/media?parent=511699"}],"wp:term":[{"taxonomy":"category","embeddable":true,"href":"https:\/\/www.planbnoticias.com.ar\/index.php\/wp-json\/wp\/v2\/categories?post=511699"},{"taxonomy":"post_tag","embeddable":true,"href":"https:\/\/www.planbnoticias.com.ar\/index.php\/wp-json\/wp\/v2\/tags?post=511699"}],"curies":[{"name":"wp","href":"https:\/\/api.w.org\/{rel}","templated":true}]}}