{"id":511790,"date":"2026-08-30T19:15:41","date_gmt":"2026-08-30T22:15:41","guid":{"rendered":"https:\/\/www.planbnoticias.com.ar\/?p=511790"},"modified":"2026-08-30T19:15:41","modified_gmt":"2026-08-30T22:15:41","slug":"multitudinario-festejo-de-las-infancias-en-el-barrio-ara-san-juan","status":"publish","type":"post","link":"https:\/\/www.planbnoticias.com.ar\/index.php\/2026\/08\/30\/multitudinario-festejo-de-las-infancias-en-el-barrio-ara-san-juan\/","title":{"rendered":"Multitudinario festejo de las infancias en el Barrio Ara San Juan."},"content":{"rendered":"<p><img fetchpriority=\"high\" decoding=\"async\" class=\"alignnone size-full wp-image-511792\" src=\"https:\/\/www.planbnoticias.com.ar\/wp-content\/uploads\/2026\/08\/ub-colonia-escalante3.jpeg\" alt=\"\" width=\"1200\" height=\"1600\" srcset=\"https:\/\/www.planbnoticias.com.ar\/wp-content\/uploads\/2026\/08\/ub-colonia-escalante3.jpeg 1200w, https:\/\/www.planbnoticias.com.ar\/wp-content\/uploads\/2026\/08\/ub-colonia-escalante3-225x300.jpeg 225w, https:\/\/www.planbnoticias.com.ar\/wp-content\/uploads\/2026\/08\/ub-colonia-escalante3-768x1024.jpeg 768w, https:\/\/www.planbnoticias.com.ar\/wp-content\/uploads\/2026\/08\/ub-colonia-escalante3-1152x1536.jpeg 1152w, https:\/\/www.planbnoticias.com.ar\/wp-content\/uploads\/2026\/08\/ub-colonia-escalante3-1170x1560.jpeg 1170w, https:\/\/www.planbnoticias.com.ar\/wp-content\/uploads\/2026\/08\/ub-colonia-escalante3-585x780.jpeg 585w\" sizes=\"(max-width: 1200px) 100vw, 1200px\" \/><\/p>\n<p>Fue organizado por la Unidad B\u00e1sica Colonia Escalante, Escuela de futbol Los Halcones, Consejo Local de Unidades B\u00e1sicas, la JP Santa Rosa y FUP (universitarios peronistas).<\/p>\n<p>En las instalaciones deportivas de la escuela de futbol Los Halcones del Barrio Ara San Juan, se celebr\u00f3 el festejo de las Infancias con una gran concurrencia de ni\u00f1os y ni\u00f1as con sus familiares, que disfrutaron de una tarde colmada de juegos, deporte, premios, m\u00fasica, merienda y diferentes propuestas recreativas.<\/p>\n<p><script async src=\"\/\/pagead2.googlesyndication.com\/pagead\/js\/adsbygoogle.js\"><\/script><br \/>\n<!-- Publi m\u00f3vil interior nota --><br \/>\n<ins class=\"adsbygoogle\" style=\"display: inline-block; width: 320px; height: 100px;\" data-ad-client=\"ca-pub-7250018434179914\" data-ad-slot=\"1040343543\"><\/ins><br \/>\n<script>\n(adsbygoogle = window.adsbygoogle || []).push({});\n<\/script><\/p>\n<p>Durante la Jornada, se realizaron sorteos y entrega de premios, un torneo de penales, un mini torneo de futbol-tenis y juegos de b\u00e1squet, propuestas pensadas para fomentar la actividad deportiva y generar espacios de encuentro y participaci\u00f3n para las familias del barrio.<\/p>\n<p>Adem\u00e1s, los m\u00e1s chicos pudieron disfrutar de un show infantil con Minnie y Adoniceme, una estaci\u00f3n de dibujo y un espacio de maquillaje artistico entre otras actividades.<\/p>\n<p><img decoding=\"async\" class=\"alignnone size-full wp-image-511794\" src=\"https:\/\/www.planbnoticias.com.ar\/wp-content\/uploads\/2026\/08\/ub-colonia-escalante.jpeg\" alt=\"\" width=\"1224\" height=\"816\" srcset=\"https:\/\/www.planbnoticias.com.ar\/wp-content\/uploads\/2026\/08\/ub-colonia-escalante.jpeg 1224w, https:\/\/www.planbnoticias.com.ar\/wp-content\/uploads\/2026\/08\/ub-colonia-escalante-300x200.jpeg 300w, https:\/\/www.planbnoticias.com.ar\/wp-content\/uploads\/2026\/08\/ub-colonia-escalante-1024x683.jpeg 1024w, https:\/\/www.planbnoticias.com.ar\/wp-content\/uploads\/2026\/08\/ub-colonia-escalante-768x512.jpeg 768w, https:\/\/www.planbnoticias.com.ar\/wp-content\/uploads\/2026\/08\/ub-colonia-escalante-1170x780.jpeg 1170w, https:\/\/www.planbnoticias.com.ar\/wp-content\/uploads\/2026\/08\/ub-colonia-escalante-585x390.jpeg 585w, https:\/\/www.planbnoticias.com.ar\/wp-content\/uploads\/2026\/08\/ub-colonia-escalante-263x175.jpeg 263w\" sizes=\"(max-width: 1224px) 100vw, 1224px\" \/><\/p>\n<p>\u201cFue una tarde de alegr\u00eda, integraci\u00f3n, deporte y participaci\u00f3n comunitaria, reafirmando la importancia del trabajo conjunto entre las organizaciones barriales, pol\u00edticas y deportivas para generar espacios destinados a las infancias\u201d, se\u00f1al\u00f3 Daniel Rodr\u00edguez Colipi en un comunicado de prensa.<\/p>\n<p>La jornada conto con la presencia del senador nacional Daniel Bensusan, la diputada Patricia George, el presidente del Consejo Local de Unidades B\u00e1sicas Lucas Ovejero, Fabian Bruna, Javier Weiz Pablo Boleas, Pablo Visciglio, Julia Duran, tambi\u00e9n acompa\u00f1aron los Presidentes de la Unidad B\u00e1sica Zona Norte Ricardo Castro y Villa del Busto Federico Proceti.<\/p>\n<p>\u201cDesde la organizaci\u00f3n queremos agradecer de todo coraz\u00f3n su enorme apoyo y colaboraci\u00f3n. Ver la sonrisa de cada ni\u00f1o fue el mejor premio y nada de esto hubiera sido posible sin ustedes\u201d, finaliz\u00f3 Rodr\u00edguez Colipi.<\/p>\n<p><img decoding=\"async\" class=\"alignnone size-full wp-image-511793\" src=\"https:\/\/www.planbnoticias.com.ar\/wp-content\/uploads\/2026\/08\/ub-colonia-escalante2.jpeg\" alt=\"\" width=\"1080\" height=\"1440\" srcset=\"https:\/\/www.planbnoticias.com.ar\/wp-content\/uploads\/2026\/08\/ub-colonia-escalante2.jpeg 1080w, https:\/\/www.planbnoticias.com.ar\/wp-content\/uploads\/2026\/08\/ub-colonia-escalante2-225x300.jpeg 225w, https:\/\/www.planbnoticias.com.ar\/wp-content\/uploads\/2026\/08\/ub-colonia-escalante2-768x1024.jpeg 768w, https:\/\/www.planbnoticias.com.ar\/wp-content\/uploads\/2026\/08\/ub-colonia-escalante2-585x780.jpeg 585w\" sizes=\"(max-width: 1080px) 100vw, 1080px\" \/><\/p>\n","protected":false},"excerpt":{"rendered":"<p>Fue organizado por la Unidad B\u00e1sica Colonia Escalante, Escuela de futbol Los Halcones, Consejo Local de Unidades B\u00e1sicas, la JP Santa Rosa y FUP (universitarios peronistas). En las instalaciones deportivas&hellip;<\/p>\n","protected":false},"author":2,"featured_media":511793,"comment_status":"closed","ping_status":"open","sticky":false,"template":"","format":"standard","meta":{"footnotes":""},"categories":[4],"tags":[],"class_list":["post-511790","post","type-post","status-publish","format-standard","has-post-thumbnail","hentry","category-ciudad"],"jetpack_featured_media_url":"https:\/\/www.planbnoticias.com.ar\/wp-content\/uploads\/2026\/08\/ub-colonia-escalante2.jpeg","_links":{"self":[{"href":"https:\/\/www.planbnoticias.com.ar\/index.php\/wp-json\/wp\/v2\/posts\/511790","targetHints":{"allow":["GET"]}}],"collection":[{"href":"https:\/\/www.planbnoticias.com.ar\/index.php\/wp-json\/wp\/v2\/posts"}],"about":[{"href":"https:\/\/www.planbnoticias.com.ar\/index.php\/wp-json\/wp\/v2\/types\/post"}],"author":[{"embeddable":true,"href":"https:\/\/www.planbnoticias.com.ar\/index.php\/wp-json\/wp\/v2\/users\/2"}],"replies":[{"embeddable":true,"href":"https:\/\/www.planbnoticias.com.ar\/index.php\/wp-json\/wp\/v2\/comments?post=511790"}],"version-history":[{"count":1,"href":"https:\/\/www.planbnoticias.com.ar\/index.php\/wp-json\/wp\/v2\/posts\/511790\/revisions"}],"predecessor-version":[{"id":511795,"href":"https:\/\/www.planbnoticias.com.ar\/index.php\/wp-json\/wp\/v2\/posts\/511790\/revisions\/511795"}],"wp:featuredmedia":[{"embeddable":true,"href":"https:\/\/www.planbnoticias.com.ar\/index.php\/wp-json\/wp\/v2\/media\/511793"}],"wp:attachment":[{"href":"https:\/\/www.planbnoticias.com.ar\/index.php\/wp-json\/wp\/v2\/media?parent=511790"}],"wp:term":[{"taxonomy":"category","embeddable":true,"href":"https:\/\/www.planbnoticias.com.ar\/index.php\/wp-json\/wp\/v2\/categories?post=511790"},{"taxonomy":"post_tag","embeddable":true,"href":"https:\/\/www.planbnoticias.com.ar\/index.php\/wp-json\/wp\/v2\/tags?post=511790"}],"curies":[{"name":"wp","href":"https:\/\/api.w.org\/{rel}","templated":true}]}}