{"id":511797,"date":"2026-08-30T19:41:55","date_gmt":"2026-08-30T22:41:55","guid":{"rendered":"https:\/\/www.planbnoticias.com.ar\/?p=511797"},"modified":"2026-08-30T19:42:20","modified_gmt":"2026-08-30T22:42:20","slug":"di-napoli-inauguro-la-plaza-de-villa-parque-estoy-muy-contento-feliz-de-lo-que-esta-pasando","status":"publish","type":"post","link":"https:\/\/www.planbnoticias.com.ar\/index.php\/2026\/08\/30\/di-napoli-inauguro-la-plaza-de-villa-parque-estoy-muy-contento-feliz-de-lo-que-esta-pasando\/","title":{"rendered":"Di N\u00e1poli inaugur\u00f3 la plaza de Villa Parque: \u201cestoy muy contento, feliz de lo que est\u00e1 pasando\u201d"},"content":{"rendered":"<p><img fetchpriority=\"high\" decoding=\"async\" class=\"alignnone size-full wp-image-511804\" src=\"https:\/\/www.planbnoticias.com.ar\/wp-content\/uploads\/2026\/08\/villa-parque-5.jpeg\" alt=\"\" width=\"1280\" height=\"960\" srcset=\"https:\/\/www.planbnoticias.com.ar\/wp-content\/uploads\/2026\/08\/villa-parque-5.jpeg 1280w, https:\/\/www.planbnoticias.com.ar\/wp-content\/uploads\/2026\/08\/villa-parque-5-300x225.jpeg 300w, https:\/\/www.planbnoticias.com.ar\/wp-content\/uploads\/2026\/08\/villa-parque-5-1024x768.jpeg 1024w, https:\/\/www.planbnoticias.com.ar\/wp-content\/uploads\/2026\/08\/villa-parque-5-768x576.jpeg 768w, https:\/\/www.planbnoticias.com.ar\/wp-content\/uploads\/2026\/08\/villa-parque-5-1170x878.jpeg 1170w, https:\/\/www.planbnoticias.com.ar\/wp-content\/uploads\/2026\/08\/villa-parque-5-585x439.jpeg 585w\" sizes=\"(max-width: 1280px) 100vw, 1280px\" \/><\/p>\n<p>El intendente de Santa Rosa encabez\u00f3 el acto de inauguraci\u00f3n de la remodelada plaza de Villa Parque y las casi 40 calles de asfalto.<\/p>\n<p>\u201cMuy contento, feliz de lo que est\u00e1 pasando hoy. Estamos inaugurando obras en un d\u00eda muy particular porque es el D\u00eda de las Infancias. Es una plaza nueva, son 36 cuadras de asfalto. Forman parte de las obras que dise\u00f1amos nosotros hasta fin de a\u00f1o\u201d, dijo el jefe comunal a Plan B Noticias.<\/p>\n<p>\u201cY tenemos tambi\u00e9n la reposici\u00f3n integral de la plaza, del espacio p\u00fablico de la calle Villa Parque. As\u00ed que estamos muy contentos con lo que est\u00e1 pasando. La respuesta de la gente la est\u00e1n viendo ustedes ahora\u201d, agreg\u00f3.<br \/>\n<script async src=\"\/\/pagead2.googlesyndication.com\/pagead\/js\/adsbygoogle.js\"><\/script><br \/>\n<!-- Publi m\u00f3vil interior nota --><br \/>\n<ins class=\"adsbygoogle\" style=\"display: inline-block; width: 320px; height: 100px;\" data-ad-client=\"ca-pub-7250018434179914\" data-ad-slot=\"1040343543\"><\/ins><br \/>\n<script>\n(adsbygoogle = window.adsbygoogle || []).push({});\n<\/script><\/p>\n<p>Respecto del plan de obras de recuperaci\u00f3n de los espacios p\u00fablicos agreg\u00f3 que \u201cestamos terminando el Parque lineal. Probablemente en el mes de septiembre, principio de octubre estar\u00edamos en condiciones de inaugurarlo\u201d.<\/p>\n<p>\u201cY despu\u00e9s hay muchas cuadras de asfalto. Recuerden que el plan de obra inclu\u00eda 79 cuadras de asfalto, de las cuales estamos m\u00e1s o menos en un 50%, con estas 36 que hicimos. Ahora nos vamos al Barrio Sur, al Plan 5000, despu\u00e9s al Barrio 42, despu\u00e9s a Villa Elisa, y as\u00ed vamos a completar antes del fin de a\u00f1o el plan de obra que ten\u00edamos\u201d, anticip\u00f3.<\/p>\n<p>\u201cEstamos agradecidos con los vecinos porque en general. Cuando a los vecinos se les ofrece algo de calidad, bien hecho, logran el arraigo, los cuidan. Nos pas\u00f3 en la Plaza Cerati, nos pas\u00f3 en el Barrio Vega Soli, nos pas\u00f3 en Villa Elisa, nos pas\u00f3 en los distintos lugares donde hicimos las intervenciones. Y la verdad que s\u00ed, las han cuidado\u201d, destac\u00f3.<\/p>\n<p><img decoding=\"async\" class=\"alignnone size-full wp-image-511809\" src=\"https:\/\/www.planbnoticias.com.ar\/wp-content\/uploads\/2026\/08\/luciano-parque.jpeg\" alt=\"\" width=\"1280\" height=\"852\" srcset=\"https:\/\/www.planbnoticias.com.ar\/wp-content\/uploads\/2026\/08\/luciano-parque.jpeg 1280w, https:\/\/www.planbnoticias.com.ar\/wp-content\/uploads\/2026\/08\/luciano-parque-300x200.jpeg 300w, https:\/\/www.planbnoticias.com.ar\/wp-content\/uploads\/2026\/08\/luciano-parque-1024x682.jpeg 1024w, https:\/\/www.planbnoticias.com.ar\/wp-content\/uploads\/2026\/08\/luciano-parque-768x511.jpeg 768w, https:\/\/www.planbnoticias.com.ar\/wp-content\/uploads\/2026\/08\/luciano-parque-1170x779.jpeg 1170w, https:\/\/www.planbnoticias.com.ar\/wp-content\/uploads\/2026\/08\/luciano-parque-585x389.jpeg 585w, https:\/\/www.planbnoticias.com.ar\/wp-content\/uploads\/2026\/08\/luciano-parque-263x175.jpeg 263w\" sizes=\"(max-width: 1280px) 100vw, 1280px\" \/><\/p>\n<p><strong>Estado nacional ausente<\/strong><\/p>\n<p>Di N\u00e1poli destac\u00f3 las obras que hace la Municipalidad a pesar del ajuste nacional a las provincias y las comunas. \u201cEn este contexto, estas obras son mucho m\u00e1s importantes porque la verdad es que tenemos un Estado nacional que es ausente, en todo sentido\u201d.<\/p>\n<p>Asever\u00f3 que las obras las pueden hacer porque \u201chemos puesto en el municipio en orden, y hemos podido hacer el plan de obras que nos propusimos. El orden, la gesti\u00f3n, nos da la posibilidad de poder celebrar tambi\u00e9n la vida. Y quiero agradecerles a los vecinos por el cumplimiento que est\u00e1n teniendo, y nosotros, lo administramos con responsabilidad\u201d.<\/p>\n<p><img decoding=\"async\" class=\"alignnone size-full wp-image-511798\" src=\"https:\/\/www.planbnoticias.com.ar\/wp-content\/uploads\/2026\/08\/villa-parque-9.jpeg\" alt=\"\" width=\"1280\" height=\"960\" srcset=\"https:\/\/www.planbnoticias.com.ar\/wp-content\/uploads\/2026\/08\/villa-parque-9.jpeg 1280w, https:\/\/www.planbnoticias.com.ar\/wp-content\/uploads\/2026\/08\/villa-parque-9-300x225.jpeg 300w, https:\/\/www.planbnoticias.com.ar\/wp-content\/uploads\/2026\/08\/villa-parque-9-1024x768.jpeg 1024w, https:\/\/www.planbnoticias.com.ar\/wp-content\/uploads\/2026\/08\/villa-parque-9-768x576.jpeg 768w, https:\/\/www.planbnoticias.com.ar\/wp-content\/uploads\/2026\/08\/villa-parque-9-1170x878.jpeg 1170w, https:\/\/www.planbnoticias.com.ar\/wp-content\/uploads\/2026\/08\/villa-parque-9-585x439.jpeg 585w\" sizes=\"(max-width: 1280px) 100vw, 1280px\" \/> <img loading=\"lazy\" decoding=\"async\" class=\"alignnone size-full wp-image-511799\" src=\"https:\/\/www.planbnoticias.com.ar\/wp-content\/uploads\/2026\/08\/villa-parque.jpeg\" alt=\"\" width=\"1280\" height=\"960\" srcset=\"https:\/\/www.planbnoticias.com.ar\/wp-content\/uploads\/2026\/08\/villa-parque.jpeg 1280w, https:\/\/www.planbnoticias.com.ar\/wp-content\/uploads\/2026\/08\/villa-parque-300x225.jpeg 300w, https:\/\/www.planbnoticias.com.ar\/wp-content\/uploads\/2026\/08\/villa-parque-1024x768.jpeg 1024w, https:\/\/www.planbnoticias.com.ar\/wp-content\/uploads\/2026\/08\/villa-parque-768x576.jpeg 768w, https:\/\/www.planbnoticias.com.ar\/wp-content\/uploads\/2026\/08\/villa-parque-1170x878.jpeg 1170w, https:\/\/www.planbnoticias.com.ar\/wp-content\/uploads\/2026\/08\/villa-parque-585x439.jpeg 585w\" sizes=\"(max-width: 1280px) 100vw, 1280px\" \/> <img loading=\"lazy\" decoding=\"async\" class=\"alignnone size-full wp-image-511800\" src=\"https:\/\/www.planbnoticias.com.ar\/wp-content\/uploads\/2026\/08\/villa-parque-8.jpeg\" alt=\"\" width=\"1280\" height=\"960\" srcset=\"https:\/\/www.planbnoticias.com.ar\/wp-content\/uploads\/2026\/08\/villa-parque-8.jpeg 1280w, https:\/\/www.planbnoticias.com.ar\/wp-content\/uploads\/2026\/08\/villa-parque-8-300x225.jpeg 300w, https:\/\/www.planbnoticias.com.ar\/wp-content\/uploads\/2026\/08\/villa-parque-8-1024x768.jpeg 1024w, https:\/\/www.planbnoticias.com.ar\/wp-content\/uploads\/2026\/08\/villa-parque-8-768x576.jpeg 768w, https:\/\/www.planbnoticias.com.ar\/wp-content\/uploads\/2026\/08\/villa-parque-8-1170x878.jpeg 1170w, https:\/\/www.planbnoticias.com.ar\/wp-content\/uploads\/2026\/08\/villa-parque-8-585x439.jpeg 585w\" sizes=\"(max-width: 1280px) 100vw, 1280px\" \/> <img loading=\"lazy\" decoding=\"async\" class=\"alignnone size-full wp-image-511801\" src=\"https:\/\/www.planbnoticias.com.ar\/wp-content\/uploads\/2026\/08\/villa-parque-7.jpeg\" alt=\"\" width=\"1280\" height=\"960\" srcset=\"https:\/\/www.planbnoticias.com.ar\/wp-content\/uploads\/2026\/08\/villa-parque-7.jpeg 1280w, https:\/\/www.planbnoticias.com.ar\/wp-content\/uploads\/2026\/08\/villa-parque-7-300x225.jpeg 300w, https:\/\/www.planbnoticias.com.ar\/wp-content\/uploads\/2026\/08\/villa-parque-7-1024x768.jpeg 1024w, https:\/\/www.planbnoticias.com.ar\/wp-content\/uploads\/2026\/08\/villa-parque-7-768x576.jpeg 768w, https:\/\/www.planbnoticias.com.ar\/wp-content\/uploads\/2026\/08\/villa-parque-7-1170x878.jpeg 1170w, https:\/\/www.planbnoticias.com.ar\/wp-content\/uploads\/2026\/08\/villa-parque-7-585x439.jpeg 585w\" sizes=\"(max-width: 1280px) 100vw, 1280px\" \/> <img loading=\"lazy\" decoding=\"async\" class=\"alignnone size-full wp-image-511802\" src=\"https:\/\/www.planbnoticias.com.ar\/wp-content\/uploads\/2026\/08\/villa-parque-6.jpeg\" alt=\"\" width=\"1280\" height=\"960\" srcset=\"https:\/\/www.planbnoticias.com.ar\/wp-content\/uploads\/2026\/08\/villa-parque-6.jpeg 1280w, https:\/\/www.planbnoticias.com.ar\/wp-content\/uploads\/2026\/08\/villa-parque-6-300x225.jpeg 300w, https:\/\/www.planbnoticias.com.ar\/wp-content\/uploads\/2026\/08\/villa-parque-6-1024x768.jpeg 1024w, https:\/\/www.planbnoticias.com.ar\/wp-content\/uploads\/2026\/08\/villa-parque-6-768x576.jpeg 768w, https:\/\/www.planbnoticias.com.ar\/wp-content\/uploads\/2026\/08\/villa-parque-6-1170x878.jpeg 1170w, https:\/\/www.planbnoticias.com.ar\/wp-content\/uploads\/2026\/08\/villa-parque-6-585x439.jpeg 585w\" sizes=\"(max-width: 1280px) 100vw, 1280px\" \/> <img loading=\"lazy\" decoding=\"async\" class=\"alignnone size-full wp-image-511803\" src=\"https:\/\/www.planbnoticias.com.ar\/wp-content\/uploads\/2026\/08\/villa-parque-5-carmina.jpeg\" alt=\"\" width=\"1280\" height=\"960\" srcset=\"https:\/\/www.planbnoticias.com.ar\/wp-content\/uploads\/2026\/08\/villa-parque-5-carmina.jpeg 1280w, https:\/\/www.planbnoticias.com.ar\/wp-content\/uploads\/2026\/08\/villa-parque-5-carmina-300x225.jpeg 300w, https:\/\/www.planbnoticias.com.ar\/wp-content\/uploads\/2026\/08\/villa-parque-5-carmina-1024x768.jpeg 1024w, https:\/\/www.planbnoticias.com.ar\/wp-content\/uploads\/2026\/08\/villa-parque-5-carmina-768x576.jpeg 768w, https:\/\/www.planbnoticias.com.ar\/wp-content\/uploads\/2026\/08\/villa-parque-5-carmina-1170x878.jpeg 1170w, https:\/\/www.planbnoticias.com.ar\/wp-content\/uploads\/2026\/08\/villa-parque-5-carmina-585x439.jpeg 585w\" sizes=\"(max-width: 1280px) 100vw, 1280px\" \/> \u00a0\u00a0<img loading=\"lazy\" decoding=\"async\" class=\"alignnone size-full wp-image-511806\" src=\"https:\/\/www.planbnoticias.com.ar\/wp-content\/uploads\/2026\/08\/villa-parque-3.jpeg\" alt=\"\" width=\"1280\" height=\"960\" srcset=\"https:\/\/www.planbnoticias.com.ar\/wp-content\/uploads\/2026\/08\/villa-parque-3.jpeg 1280w, https:\/\/www.planbnoticias.com.ar\/wp-content\/uploads\/2026\/08\/villa-parque-3-300x225.jpeg 300w, https:\/\/www.planbnoticias.com.ar\/wp-content\/uploads\/2026\/08\/villa-parque-3-1024x768.jpeg 1024w, https:\/\/www.planbnoticias.com.ar\/wp-content\/uploads\/2026\/08\/villa-parque-3-768x576.jpeg 768w, https:\/\/www.planbnoticias.com.ar\/wp-content\/uploads\/2026\/08\/villa-parque-3-1170x878.jpeg 1170w, https:\/\/www.planbnoticias.com.ar\/wp-content\/uploads\/2026\/08\/villa-parque-3-585x439.jpeg 585w\" sizes=\"(max-width: 1280px) 100vw, 1280px\" \/> <img loading=\"lazy\" decoding=\"async\" class=\"alignnone size-full wp-image-511807\" src=\"https:\/\/www.planbnoticias.com.ar\/wp-content\/uploads\/2026\/08\/villa-parque-2.jpeg\" alt=\"\" width=\"1280\" height=\"960\" srcset=\"https:\/\/www.planbnoticias.com.ar\/wp-content\/uploads\/2026\/08\/villa-parque-2.jpeg 1280w, https:\/\/www.planbnoticias.com.ar\/wp-content\/uploads\/2026\/08\/villa-parque-2-300x225.jpeg 300w, https:\/\/www.planbnoticias.com.ar\/wp-content\/uploads\/2026\/08\/villa-parque-2-1024x768.jpeg 1024w, https:\/\/www.planbnoticias.com.ar\/wp-content\/uploads\/2026\/08\/villa-parque-2-768x576.jpeg 768w, https:\/\/www.planbnoticias.com.ar\/wp-content\/uploads\/2026\/08\/villa-parque-2-1170x878.jpeg 1170w, https:\/\/www.planbnoticias.com.ar\/wp-content\/uploads\/2026\/08\/villa-parque-2-585x439.jpeg 585w\" sizes=\"(max-width: 1280px) 100vw, 1280px\" \/> <img loading=\"lazy\" decoding=\"async\" class=\"alignnone size-full wp-image-511808\" src=\"https:\/\/www.planbnoticias.com.ar\/wp-content\/uploads\/2026\/08\/villa-parque-1.jpeg\" alt=\"\" width=\"1280\" height=\"960\" srcset=\"https:\/\/www.planbnoticias.com.ar\/wp-content\/uploads\/2026\/08\/villa-parque-1.jpeg 1280w, https:\/\/www.planbnoticias.com.ar\/wp-content\/uploads\/2026\/08\/villa-parque-1-300x225.jpeg 300w, https:\/\/www.planbnoticias.com.ar\/wp-content\/uploads\/2026\/08\/villa-parque-1-1024x768.jpeg 1024w, https:\/\/www.planbnoticias.com.ar\/wp-content\/uploads\/2026\/08\/villa-parque-1-768x576.jpeg 768w, https:\/\/www.planbnoticias.com.ar\/wp-content\/uploads\/2026\/08\/villa-parque-1-1170x878.jpeg 1170w, https:\/\/www.planbnoticias.com.ar\/wp-content\/uploads\/2026\/08\/villa-parque-1-585x439.jpeg 585w\" sizes=\"(max-width: 1280px) 100vw, 1280px\" \/><\/p>\n","protected":false},"excerpt":{"rendered":"<p>El intendente de Santa Rosa encabez\u00f3 el acto de inauguraci\u00f3n de la remodelada plaza de Villa Parque y las casi 40 calles de asfalto. \u201cMuy contento, feliz de lo que&hellip;<\/p>\n","protected":false},"author":2,"featured_media":511804,"comment_status":"closed","ping_status":"open","sticky":false,"template":"","format":"standard","meta":{"footnotes":""},"categories":[4],"tags":[],"class_list":["post-511797","post","type-post","status-publish","format-standard","has-post-thumbnail","hentry","category-ciudad"],"jetpack_featured_media_url":"https:\/\/www.planbnoticias.com.ar\/wp-content\/uploads\/2026\/08\/villa-parque-5.jpeg","_links":{"self":[{"href":"https:\/\/www.planbnoticias.com.ar\/index.php\/wp-json\/wp\/v2\/posts\/511797","targetHints":{"allow":["GET"]}}],"collection":[{"href":"https:\/\/www.planbnoticias.com.ar\/index.php\/wp-json\/wp\/v2\/posts"}],"about":[{"href":"https:\/\/www.planbnoticias.com.ar\/index.php\/wp-json\/wp\/v2\/types\/post"}],"author":[{"embeddable":true,"href":"https:\/\/www.planbnoticias.com.ar\/index.php\/wp-json\/wp\/v2\/users\/2"}],"replies":[{"embeddable":true,"href":"https:\/\/www.planbnoticias.com.ar\/index.php\/wp-json\/wp\/v2\/comments?post=511797"}],"version-history":[{"count":2,"href":"https:\/\/www.planbnoticias.com.ar\/index.php\/wp-json\/wp\/v2\/posts\/511797\/revisions"}],"predecessor-version":[{"id":511811,"href":"https:\/\/www.planbnoticias.com.ar\/index.php\/wp-json\/wp\/v2\/posts\/511797\/revisions\/511811"}],"wp:featuredmedia":[{"embeddable":true,"href":"https:\/\/www.planbnoticias.com.ar\/index.php\/wp-json\/wp\/v2\/media\/511804"}],"wp:attachment":[{"href":"https:\/\/www.planbnoticias.com.ar\/index.php\/wp-json\/wp\/v2\/media?parent=511797"}],"wp:term":[{"taxonomy":"category","embeddable":true,"href":"https:\/\/www.planbnoticias.com.ar\/index.php\/wp-json\/wp\/v2\/categories?post=511797"},{"taxonomy":"post_tag","embeddable":true,"href":"https:\/\/www.planbnoticias.com.ar\/index.php\/wp-json\/wp\/v2\/tags?post=511797"}],"curies":[{"name":"wp","href":"https:\/\/api.w.org\/{rel}","templated":true}]}}