{"id":511812,"date":"2026-08-30T19:40:13","date_gmt":"2026-08-30T22:40:13","guid":{"rendered":"https:\/\/www.planbnoticias.com.ar\/?p=511812"},"modified":"2026-08-30T20:57:47","modified_gmt":"2026-08-30T23:57:47","slug":"milei-viajara-a-chile-este-jueves-para-reunirse-con-kast","status":"publish","type":"post","link":"https:\/\/www.planbnoticias.com.ar\/index.php\/2026\/08\/30\/milei-viajara-a-chile-este-jueves-para-reunirse-con-kast\/","title":{"rendered":"Milei viajar\u00e1 a Chile este jueves para reunirse con Kast"},"content":{"rendered":"<p><img fetchpriority=\"high\" decoding=\"async\" class=\"alignnone size-full wp-image-508166\" src=\"https:\/\/www.planbnoticias.com.ar\/wp-content\/uploads\/2026\/07\/milei-1.avif\" alt=\"\" width=\"778\" height=\"540\" srcset=\"https:\/\/www.planbnoticias.com.ar\/wp-content\/uploads\/2026\/07\/milei-1.avif 778w, https:\/\/www.planbnoticias.com.ar\/wp-content\/uploads\/2026\/07\/milei-1-300x208.avif 300w, https:\/\/www.planbnoticias.com.ar\/wp-content\/uploads\/2026\/07\/milei-1-768x533.avif 768w, https:\/\/www.planbnoticias.com.ar\/wp-content\/uploads\/2026\/07\/milei-1-585x406.avif 585w\" sizes=\"(max-width: 778px) 100vw, 778px\" \/><\/p>\n<p>El presidente Javier Milei iniciar\u00e1 ma\u00f1ana una semana repartida entre Buenos Aires y Chile: el lunes abrir\u00e1 el Congreso Americano de la Federaci\u00f3n Internacional del Autom\u00f3vil (FIA); al d\u00eda siguiente encabezar\u00e1 una nueva reuni\u00f3n de Gabinete y el jueves viajar\u00e1 a Chile donde se reunir\u00e1 con su par Jos\u00e9 Antonio Kast.<br \/>\n<script async src=\"\/\/pagead2.googlesyndication.com\/pagead\/js\/adsbygoogle.js\"><\/script><br \/>\n<!-- Publi m\u00f3vil interior nota --><br \/>\n<ins class=\"adsbygoogle\" style=\"display: inline-block; width: 320px; height: 100px;\" data-ad-client=\"ca-pub-7250018434179914\" data-ad-slot=\"1040343543\"><\/ins><br \/>\n<script>\n(adsbygoogle = window.adsbygoogle || []).push({});\n<\/script><\/p>\n<p>El Congreso Americano de la FIA es un evento clave para el automovilismo regional y vuelve a realizarse en Argentina despu\u00e9s de 15 a\u00f1os, en la sede central del Autom\u00f3vil Club Argentino (ACA) de Buenos Aires, hasta el mi\u00e9rcoles 2 de septiembre.<\/p>\n<p>La inauguraci\u00f3n ser\u00e1 a las 11.30 hs. y estar\u00e1 a cargo del Presidente, quien oficializar\u00e1 las jornadas siguientes; contar\u00e1 con la asistencia de Mohammed Ben Sulayem, titular de la FIA, y delegados de 35 clubes de automovilismo de Sudam\u00e9rica, el Caribe y Norteam\u00e9rica. Se espera que, al d\u00eda siguiente, participen de la cena de gala el jefe de Gabinete, Diego Santilli, y el canciller, Pablo Quirno.<\/p>\n<p>El martes 1\u00ba de septiembre, Milei encabezar\u00e1 una nueva reuni\u00f3n de Gabinete, a las 10 hs. y tres horas despu\u00e9s se dar\u00e1 paso a la habitual Mesa Pol\u00edtica de cada semana. Ese mismo d\u00eda, por la tarde, el vocero presidencial Adri\u00e1n Ravier brindar\u00e1 su conferencia de prensa en Casa de Gobierno.<\/p>\n<p>El mi\u00e9rcoles a las 18 hs. participar\u00e1 del encuentro \u201cVientos de Cambio: Avanza la Libertad en Argentina y las Am\u00e9ricas\u201d, organizado por el Archbridge Institute, Libertad y Progreso y Reason, en el Hotel Sheraton de Buenos Aires, donde los expositores libertarios debatir\u00e1n sobre pol\u00edtica, econom\u00eda y el avance de las ideas de la libertad en el pa\u00eds y el continente.<\/p>\n<p>Cerca del final de la semana, Milei partir\u00e1 el jueves a las 7.00 hs. hacia Santiago de Chile para participar, a las 9.30 hs., en el Foro Madrid, organizado por la Fundaci\u00f3n Disenso, en el Centro de Eventos San Carlos de Apoquindo.<\/p>\n<p>Dos horas despu\u00e9s, se producir\u00e1 el encuentro con el presidente de Chile, Jos\u00e9 Antonio Kast, en el Palacio de La Moneda. Al d\u00eda siguiente, a las 15.30 hs., el mandatario argentino viajar\u00e1 a Puerto Iguaz\u00fa, en la provincia de Misiones, donde participar\u00e1 de la Convenci\u00f3n Anual del Instituto Argentino de Ejecutivos de Finanzas (IAEF).<\/p>\n<p>Caputo y Quirno con agenda completa<\/p>\n<p>Este lunes, el ministro de Econom\u00eda, Luis Caputo, estar\u00e1 presente en la reuni\u00f3n de ministros de Finanzas y presidentes de Bancos Centrales del G20 en Asheville, Carolina del Norte, Estados Unidos, mientras que el canciller Pablo Quirno recibir\u00e1 a su par paraguayo, Rub\u00e9n Ram\u00edrez Lezcano, para mantener un encuentro bilateral en el Palacio San Mart\u00edn.<\/p>\n<p>El mi\u00e9rcoles 2 de septiembre, a las 14.30 hs., Caputo asistir\u00e1 al encuentro \u201cVientos de Cambio: Avanza la Libertad en Argentina y las Am\u00e9ricas\u201d y, paralelamente, el canciller argentino estar\u00e1 presente en una reuni\u00f3n informal de Cancilleres del Mercosur en Montevideo, Uruguay.<\/p>\n<p>Para finalizar, el viernes, tanto Quirno como el ministro de Econom\u00eda participar\u00e1n a las 13 hs. y a las 17.45 respectivamente, en la Convenci\u00f3n Anual del Instituto Argentino de Ejecutivos de Finanzas (IAEF).<\/p>\n","protected":false},"excerpt":{"rendered":"<p>El presidente Javier Milei iniciar\u00e1 ma\u00f1ana una semana repartida entre Buenos Aires y Chile: el lunes abrir\u00e1 el Congreso Americano de la Federaci\u00f3n Internacional del Autom\u00f3vil (FIA); al d\u00eda siguiente&hellip;<\/p>\n","protected":false},"author":2,"featured_media":508166,"comment_status":"closed","ping_status":"open","sticky":false,"template":"","format":"standard","meta":{"footnotes":""},"categories":[12],"tags":[],"class_list":["post-511812","post","type-post","status-publish","format-standard","has-post-thumbnail","hentry","category-pais"],"jetpack_featured_media_url":"https:\/\/www.planbnoticias.com.ar\/wp-content\/uploads\/2026\/07\/milei-1.avif","_links":{"self":[{"href":"https:\/\/www.planbnoticias.com.ar\/index.php\/wp-json\/wp\/v2\/posts\/511812","targetHints":{"allow":["GET"]}}],"collection":[{"href":"https:\/\/www.planbnoticias.com.ar\/index.php\/wp-json\/wp\/v2\/posts"}],"about":[{"href":"https:\/\/www.planbnoticias.com.ar\/index.php\/wp-json\/wp\/v2\/types\/post"}],"author":[{"embeddable":true,"href":"https:\/\/www.planbnoticias.com.ar\/index.php\/wp-json\/wp\/v2\/users\/2"}],"replies":[{"embeddable":true,"href":"https:\/\/www.planbnoticias.com.ar\/index.php\/wp-json\/wp\/v2\/comments?post=511812"}],"version-history":[{"count":1,"href":"https:\/\/www.planbnoticias.com.ar\/index.php\/wp-json\/wp\/v2\/posts\/511812\/revisions"}],"predecessor-version":[{"id":511813,"href":"https:\/\/www.planbnoticias.com.ar\/index.php\/wp-json\/wp\/v2\/posts\/511812\/revisions\/511813"}],"wp:featuredmedia":[{"embeddable":true,"href":"https:\/\/www.planbnoticias.com.ar\/index.php\/wp-json\/wp\/v2\/media\/508166"}],"wp:attachment":[{"href":"https:\/\/www.planbnoticias.com.ar\/index.php\/wp-json\/wp\/v2\/media?parent=511812"}],"wp:term":[{"taxonomy":"category","embeddable":true,"href":"https:\/\/www.planbnoticias.com.ar\/index.php\/wp-json\/wp\/v2\/categories?post=511812"},{"taxonomy":"post_tag","embeddable":true,"href":"https:\/\/www.planbnoticias.com.ar\/index.php\/wp-json\/wp\/v2\/tags?post=511812"}],"curies":[{"name":"wp","href":"https:\/\/api.w.org\/{rel}","templated":true}]}}