{"id":511823,"date":"2026-08-30T20:33:11","date_gmt":"2026-08-30T23:33:11","guid":{"rendered":"https:\/\/www.planbnoticias.com.ar\/?p=511823"},"modified":"2026-08-30T20:57:21","modified_gmt":"2026-08-30T23:57:21","slug":"de-la-ola-virtual-al-desgaste-el-desplome-del-interes-digital-sobre-milei","status":"publish","type":"post","link":"https:\/\/www.planbnoticias.com.ar\/index.php\/2026\/08\/30\/de-la-ola-virtual-al-desgaste-el-desplome-del-interes-digital-sobre-milei\/","title":{"rendered":"De la ola virtual al desgaste: el desplome del inter\u00e9s digital sobre Milei"},"content":{"rendered":"<p><img fetchpriority=\"high\" decoding=\"async\" class=\"alignnone size-full wp-image-510791\" src=\"https:\/\/www.planbnoticias.com.ar\/wp-content\/uploads\/2026\/08\/milei-celular.jpg\" alt=\"\" width=\"1200\" height=\"675\" srcset=\"https:\/\/www.planbnoticias.com.ar\/wp-content\/uploads\/2026\/08\/milei-celular.jpg 1200w, https:\/\/www.planbnoticias.com.ar\/wp-content\/uploads\/2026\/08\/milei-celular-300x169.jpg 300w, https:\/\/www.planbnoticias.com.ar\/wp-content\/uploads\/2026\/08\/milei-celular-1024x576.jpg 1024w, https:\/\/www.planbnoticias.com.ar\/wp-content\/uploads\/2026\/08\/milei-celular-768x432.jpg 768w, https:\/\/www.planbnoticias.com.ar\/wp-content\/uploads\/2026\/08\/milei-celular-1170x658.jpg 1170w, https:\/\/www.planbnoticias.com.ar\/wp-content\/uploads\/2026\/08\/milei-celular-585x329.jpg 585w\" sizes=\"(max-width: 1200px) 100vw, 1200px\" \/><\/p>\n<p>Esc\u00e1ndalos, fallas t\u00e9cnicas y la falta de empat\u00eda con la agenda p\u00fablica aceleran la p\u00e9rdida de terreno del oficialismo en la red.<\/p>\n<p>La hegemon\u00eda comunicacional que llev\u00f3 a Javier Milei a la presidencia atraviesa su momento de mayor desgaste debido a una ca\u00edda consistente de su relevancia en el ecosistema digital.<\/p>\n<p>Un an\u00e1lisis de la conversaci\u00f3n virtual revel\u00f3 una p\u00e9rdida de conexi\u00f3n entre la agenda del Gobierno y las preocupaciones de la sociedad, un fen\u00f3meno que funciona como s\u00edntoma de un debilitamiento en la opini\u00f3n p\u00fablica.<br \/>\n<script async src=\"\/\/pagead2.googlesyndication.com\/pagead\/js\/adsbygoogle.js\"><\/script><br \/>\n<!-- Publi m\u00f3vil interior nota --><br \/>\n<ins class=\"adsbygoogle\" style=\"display: inline-block; width: 320px; height: 100px;\" data-ad-client=\"ca-pub-7250018434179914\" data-ad-slot=\"1040343543\"><\/ins><br \/>\n<script>\n(adsbygoogle = window.adsbygoogle || []).push({});\n<\/script><\/p>\n<p>Seg\u00fan explic\u00f3 el especialista Kevin Grunbaum, esta p\u00e9rdida de inter\u00e9s se manifiesta en una reducci\u00f3n dr\u00e1stica de interacciones, me gusta, compartidos y comentarios. \u00abLa fatiga del fen\u00f3meno libertario responde a la falta de empat\u00eda tem\u00e1tica, a fallas en la estrategia de comunicaci\u00f3n y al impacto de diversos esc\u00e1ndalos que erosionaron la narrativa antisistema\u00bb, explic\u00f3.<\/p>\n<p>Pese a que el Poder Ejecutivo perdi\u00f3 la capacidad de imponer sus propios temas, la oposici\u00f3n a\u00fan no logra capitalizar el descontento ni estructurar una figura con un volumen de conversaci\u00f3n equiparable.<\/p>\n<p>El ecosistema digital registr\u00f3 una desaceleraci\u00f3n en el volumen de menciones al mandatario durante los \u00faltimos doce meses. De acuerdo con Grunbaum, \u00abhay una ca\u00edda consistente, es decir, cada vez aparece menos el gobierno\u00bb, lo cual refleja que la conversaci\u00f3n sobre el Presidente \u00abgenera menos inter\u00e9s\u00bb.<\/p>\n<p>Por Radio Rivadavia, el consultor remarc\u00f3 que, a diferencia de la campa\u00f1a electoral de 2023 donde el discurso sobre la casta y la motosierra interpretaba el clima de \u00e9poca, \u00aba Milei se lo empieza a percibir como uno m\u00e1s\u00bb y \u00ablos temas de los que habla el gobierno no son necesariamente los temas que le son relevantes a una sociedad en este momento\u00bb.<\/p>\n<p>A esta desconexi\u00f3n se sum\u00f3 la repercusi\u00f3n de episodios pol\u00e9micos como el caso Libra, Andis, Espert y Adorni, sobre los cuales el especialista advirti\u00f3 que \u00ablos casos de corrupci\u00f3n le quitaron a Milei ese distintivo que ten\u00eda \u00e9l de bueno, no es un pol\u00edtico m\u00e1s\u00bb.<\/p>\n<p>Seg\u00fan supo la Agencia Noticias Argentinas, la impericia t\u00e9cnica en el manejo de la estrategia virtual tambi\u00e9n afect\u00f3 la capilaridad del mensaje oficialista. Tras el alejamiento de Fernando Cerimedo de las redes libertarias y la asunci\u00f3n de Santiago Oria en la batalla cultural digital, la detecci\u00f3n de errores en el uso de bots para viralizar publicaciones da\u00f1\u00f3 la distribuci\u00f3n org\u00e1nica.<\/p>\n<p>Esta impericia expuso al mandatario a un posible Shadow Ban por parte de los algoritmos de las plataformas, reduciendo el alcance de sus contenidos. Grunbaum detall\u00f3 que la capilaridad que permit\u00eda a la militancia replicar los mensajes \u00abest\u00e1 da\u00f1ada hoy\u00bb debido a las internas operativas y a \u00abla dificultad de encontrar temas que efectivamente conecten con la sociedad\u00bb, lo que oblig\u00f3 al Gobierno a actuar de forma reactiva en debates como la ley de extranjerizaci\u00f3n de tierras y la situaci\u00f3n de los deudores morosos.<\/p>\n<p>A pesar de la contracci\u00f3n en los niveles de interacci\u00f3n y del estancamiento de la imagen presidencial en las encuestas, la oposici\u00f3n no logr\u00f3 embanderarse con los reclamos sociales ni desplazar la centralidad del oficialismo.<\/p>\n<p>El especialista concluy\u00f3 que Milei mantiene un volumen de conversaci\u00f3n superior al de cualquier otro pol\u00edtico del plano local e incluso al de diversos l\u00edderes internacionales, pero remarc\u00f3 que el escenario cambi\u00f3 porque \u00abMilei cambi\u00f3\u00bb al convertirse en parte del sistema.<\/p>\n<p>En este contexto de necesidades econ\u00f3micas insatisfechas, los esc\u00e1ndalos desnudaron los problemas de gesti\u00f3n de un Gobierno que hoy enfrenta severas dificultades para fijar la agenda p\u00fablica y conectar con las demandas de la ciudadan\u00eda.<\/p>\n","protected":false},"excerpt":{"rendered":"<p>Esc\u00e1ndalos, fallas t\u00e9cnicas y la falta de empat\u00eda con la agenda p\u00fablica aceleran la p\u00e9rdida de terreno del oficialismo en la red. La hegemon\u00eda comunicacional que llev\u00f3 a Javier Milei&hellip;<\/p>\n","protected":false},"author":2,"featured_media":510791,"comment_status":"closed","ping_status":"open","sticky":false,"template":"","format":"standard","meta":{"footnotes":""},"categories":[12],"tags":[],"class_list":["post-511823","post","type-post","status-publish","format-standard","has-post-thumbnail","hentry","category-pais"],"jetpack_featured_media_url":"https:\/\/www.planbnoticias.com.ar\/wp-content\/uploads\/2026\/08\/milei-celular.jpg","_links":{"self":[{"href":"https:\/\/www.planbnoticias.com.ar\/index.php\/wp-json\/wp\/v2\/posts\/511823","targetHints":{"allow":["GET"]}}],"collection":[{"href":"https:\/\/www.planbnoticias.com.ar\/index.php\/wp-json\/wp\/v2\/posts"}],"about":[{"href":"https:\/\/www.planbnoticias.com.ar\/index.php\/wp-json\/wp\/v2\/types\/post"}],"author":[{"embeddable":true,"href":"https:\/\/www.planbnoticias.com.ar\/index.php\/wp-json\/wp\/v2\/users\/2"}],"replies":[{"embeddable":true,"href":"https:\/\/www.planbnoticias.com.ar\/index.php\/wp-json\/wp\/v2\/comments?post=511823"}],"version-history":[{"count":2,"href":"https:\/\/www.planbnoticias.com.ar\/index.php\/wp-json\/wp\/v2\/posts\/511823\/revisions"}],"predecessor-version":[{"id":511825,"href":"https:\/\/www.planbnoticias.com.ar\/index.php\/wp-json\/wp\/v2\/posts\/511823\/revisions\/511825"}],"wp:featuredmedia":[{"embeddable":true,"href":"https:\/\/www.planbnoticias.com.ar\/index.php\/wp-json\/wp\/v2\/media\/510791"}],"wp:attachment":[{"href":"https:\/\/www.planbnoticias.com.ar\/index.php\/wp-json\/wp\/v2\/media?parent=511823"}],"wp:term":[{"taxonomy":"category","embeddable":true,"href":"https:\/\/www.planbnoticias.com.ar\/index.php\/wp-json\/wp\/v2\/categories?post=511823"},{"taxonomy":"post_tag","embeddable":true,"href":"https:\/\/www.planbnoticias.com.ar\/index.php\/wp-json\/wp\/v2\/tags?post=511823"}],"curies":[{"name":"wp","href":"https:\/\/api.w.org\/{rel}","templated":true}]}}