{"id":511827,"date":"2026-08-31T06:37:43","date_gmt":"2026-08-31T09:37:43","guid":{"rendered":"https:\/\/www.planbnoticias.com.ar\/?p=511827"},"modified":"2026-08-31T07:00:23","modified_gmt":"2026-08-31T10:00:23","slug":"ziliotto-y-kicillof-firman-convenios-de-colaboracion-en-la-pampa","status":"publish","type":"post","link":"https:\/\/www.planbnoticias.com.ar\/index.php\/2026\/08\/31\/ziliotto-y-kicillof-firman-convenios-de-colaboracion-en-la-pampa\/","title":{"rendered":"Ziliotto y Kicillof firman convenios de colaboraci\u00f3n en La Pampa"},"content":{"rendered":"<p><img fetchpriority=\"high\" decoding=\"async\" class=\"alignnone size-full wp-image-511313\" src=\"https:\/\/www.planbnoticias.com.ar\/wp-content\/uploads\/2026\/08\/kicillof-ziliotto-scaled.avif\" alt=\"\" width=\"2560\" height=\"1707\" srcset=\"https:\/\/www.planbnoticias.com.ar\/wp-content\/uploads\/2026\/08\/kicillof-ziliotto-scaled.avif 2560w, https:\/\/www.planbnoticias.com.ar\/wp-content\/uploads\/2026\/08\/kicillof-ziliotto-300x200.avif 300w, https:\/\/www.planbnoticias.com.ar\/wp-content\/uploads\/2026\/08\/kicillof-ziliotto-1024x683.avif 1024w, https:\/\/www.planbnoticias.com.ar\/wp-content\/uploads\/2026\/08\/kicillof-ziliotto-768x512.avif 768w, https:\/\/www.planbnoticias.com.ar\/wp-content\/uploads\/2026\/08\/kicillof-ziliotto-1536x1024.avif 1536w, https:\/\/www.planbnoticias.com.ar\/wp-content\/uploads\/2026\/08\/kicillof-ziliotto-2048x1365.avif 2048w, https:\/\/www.planbnoticias.com.ar\/wp-content\/uploads\/2026\/08\/kicillof-ziliotto-1170x780.avif 1170w, https:\/\/www.planbnoticias.com.ar\/wp-content\/uploads\/2026\/08\/kicillof-ziliotto-585x390.avif 585w, https:\/\/www.planbnoticias.com.ar\/wp-content\/uploads\/2026\/08\/kicillof-ziliotto-263x175.avif 263w\" sizes=\"(max-width: 2560px) 100vw, 2560px\" \/><\/p>\n<p>El gobernador de Buenos Aires y el de La Pampa firman convenios para coordinar acciones de prevenci\u00f3n por el fen\u00f3meno clim\u00e1tico denominado \u201cEl Ni\u00f1o Oscilaci\u00f3n Sur\u201d.<\/p>\n<p>Esta ma\u00f1ana los gobernadores firmar\u00e1n convenios de colaboraci\u00f3n en el Sal\u00f3n de Acuerdos de Casa de Gobierno. La llegada del bonaerense viene a ser una continuidad de los convenios firmados en 2024.<br \/>\n<script async src=\"\/\/pagead2.googlesyndication.com\/pagead\/js\/adsbygoogle.js\"><\/script><br \/>\n<!-- Publi m\u00f3vil interior nota --><br \/>\n<ins class=\"adsbygoogle\" style=\"display: inline-block; width: 320px; height: 100px;\" data-ad-client=\"ca-pub-7250018434179914\" data-ad-slot=\"1040343543\"><\/ins><br \/>\n<script>\n(adsbygoogle = window.adsbygoogle || []).push({});\n<\/script><\/p>\n<p>El que est\u00e1 relacionado con \u201cEl ni\u00f1o\u201d busca que ambas provincias puedan coordinar acciones para morigerar los efectos del fen\u00f3meno clim\u00e1tico y poder planificar respuestas conjuntas.<\/p>\n<p>El convenio se suma a la determinaci\u00f3n que ya tom\u00f3 el gobernador Sergio Zlioitto en el marco del Comit\u00e9 Interjurisdiccional de la Regi\u00f3n H\u00eddrica del Noroeste de la Llanura Pampeana (Cirhnop), para implementar un sistema de alertas tempranas.<\/p>\n<p><strong>No ser\u00e1 el \u00fanico.<\/strong><\/p>\n<p>Tambi\u00e9n firmar\u00e1n acuerdos que le dar\u00e1n continuidad a los convenios establecidos en junio de 2024, cuando Axel Kicillof visit\u00f3 La Pampa por primera vez en misi\u00f3n oficial como gobernador bonaerense.<\/p>\n","protected":false},"excerpt":{"rendered":"<p>El gobernador de Buenos Aires y el de La Pampa firman convenios para coordinar acciones de prevenci\u00f3n por el fen\u00f3meno clim\u00e1tico denominado \u201cEl Ni\u00f1o Oscilaci\u00f3n Sur\u201d. Esta ma\u00f1ana los gobernadores&hellip;<\/p>\n","protected":false},"author":2,"featured_media":511313,"comment_status":"closed","ping_status":"open","sticky":false,"template":"","format":"standard","meta":{"footnotes":""},"categories":[13,15],"tags":[],"class_list":["post-511827","post","type-post","status-publish","format-standard","has-post-thumbnail","hentry","category-provincia","category-tapa"],"jetpack_featured_media_url":"https:\/\/www.planbnoticias.com.ar\/wp-content\/uploads\/2026\/08\/kicillof-ziliotto-scaled.avif","_links":{"self":[{"href":"https:\/\/www.planbnoticias.com.ar\/index.php\/wp-json\/wp\/v2\/posts\/511827","targetHints":{"allow":["GET"]}}],"collection":[{"href":"https:\/\/www.planbnoticias.com.ar\/index.php\/wp-json\/wp\/v2\/posts"}],"about":[{"href":"https:\/\/www.planbnoticias.com.ar\/index.php\/wp-json\/wp\/v2\/types\/post"}],"author":[{"embeddable":true,"href":"https:\/\/www.planbnoticias.com.ar\/index.php\/wp-json\/wp\/v2\/users\/2"}],"replies":[{"embeddable":true,"href":"https:\/\/www.planbnoticias.com.ar\/index.php\/wp-json\/wp\/v2\/comments?post=511827"}],"version-history":[{"count":2,"href":"https:\/\/www.planbnoticias.com.ar\/index.php\/wp-json\/wp\/v2\/posts\/511827\/revisions"}],"predecessor-version":[{"id":511829,"href":"https:\/\/www.planbnoticias.com.ar\/index.php\/wp-json\/wp\/v2\/posts\/511827\/revisions\/511829"}],"wp:featuredmedia":[{"embeddable":true,"href":"https:\/\/www.planbnoticias.com.ar\/index.php\/wp-json\/wp\/v2\/media\/511313"}],"wp:attachment":[{"href":"https:\/\/www.planbnoticias.com.ar\/index.php\/wp-json\/wp\/v2\/media?parent=511827"}],"wp:term":[{"taxonomy":"category","embeddable":true,"href":"https:\/\/www.planbnoticias.com.ar\/index.php\/wp-json\/wp\/v2\/categories?post=511827"},{"taxonomy":"post_tag","embeddable":true,"href":"https:\/\/www.planbnoticias.com.ar\/index.php\/wp-json\/wp\/v2\/tags?post=511827"}],"curies":[{"name":"wp","href":"https:\/\/api.w.org\/{rel}","templated":true}]}}