{"id":511833,"date":"2026-08-31T06:59:05","date_gmt":"2026-08-31T09:59:05","guid":{"rendered":"https:\/\/www.planbnoticias.com.ar\/?p=511833"},"modified":"2026-08-31T06:59:47","modified_gmt":"2026-08-31T09:59:47","slug":"ucr-como-sera-posible-cogobernar-con-fuerzas-politicas-autocraticas-autoritarias-y-personalistas","status":"publish","type":"post","link":"https:\/\/www.planbnoticias.com.ar\/index.php\/2026\/08\/31\/ucr-como-sera-posible-cogobernar-con-fuerzas-politicas-autocraticas-autoritarias-y-personalistas\/","title":{"rendered":"UCR: \u201cc\u00f3mo ser\u00e1 posible cogobernar con fuerzas pol\u00edticas autocr\u00e1ticas, autoritarias y personalistas\u201d"},"content":{"rendered":"<p><img fetchpriority=\"high\" decoding=\"async\" class=\"alignnone size-full wp-image-511834\" src=\"https:\/\/www.planbnoticias.com.ar\/wp-content\/uploads\/2026\/08\/ucr-salas.jpg\" alt=\"\" width=\"461\" height=\"683\" srcset=\"https:\/\/www.planbnoticias.com.ar\/wp-content\/uploads\/2026\/08\/ucr-salas.jpg 461w, https:\/\/www.planbnoticias.com.ar\/wp-content\/uploads\/2026\/08\/ucr-salas-202x300.jpg 202w\" sizes=\"(max-width: 461px) 100vw, 461px\" \/><\/p>\n<p>El pr\u00f3ximo s\u00e1bado 5 de septiembre la Uni\u00f3n C\u00edvica Radical realiza la Convenci\u00f3n partidaria que decidir\u00e1 el marco de alianzas para las elecciones de 2027. El dirigente Pedro Salas pone en discusi\u00f3n la idea de conformar un frente amplio para ganar, independientemente de los acuerdos pol\u00edticos para gobernar.<br \/>\n<script async src=\"\/\/pagead2.googlesyndication.com\/pagead\/js\/adsbygoogle.js\"><\/script><br \/>\n<!-- Publi m\u00f3vil interior nota --><br \/>\n<ins class=\"adsbygoogle\" style=\"display: inline-block; width: 320px; height: 100px;\" data-ad-client=\"ca-pub-7250018434179914\" data-ad-slot=\"1040343543\"><\/ins><br \/>\n<script>\n(adsbygoogle = window.adsbygoogle || []).push({});\n<\/script><\/p>\n<p>Pedro Salas escribi\u00f3:<\/p>\n<p><em>La UCR de La Pampa ha convocado a Asamblea Extraordinaria para debatir acerca de la posibilidad de aliarse con otras fuerzas pol\u00edticas nacionales y provinciales, en mira a las elecciones del a\u00f1o 2027.<\/em><\/p>\n<p><em>La coincidencia un\u00e1nime dentro del radicalismo es la vocaci\u00f3n de ganar la pr\u00f3xima elecci\u00f3n provincial y acceder al Gobierno de La Pampa, logrando una alternancia con quienes gobiernan desde el retorno de la Democracia.<\/em><\/p>\n<p><em>Las fuertes confrontaciones internas se presentan al momento de plantear cu\u00e1l es el camino a seguir para el logro de ese objetivo. La discusi\u00f3n siempre ha pasado por conformar un frente electoral o no, y hoy ciertamente las discrepancias internas giran en torno a la amplitud de ese frente electoral y de los objetivos que se espera que ese frente satisfaga.<\/em><\/p>\n<p><em>Con la presunta certeza de que los pampeanos reclaman y esperan un cambio, hay una marcada exposici\u00f3n p\u00fablica de sectores que plantean la necesidad de integrar \u201cel m\u00e1s amplio frente opositor posible\u201d, al punto de alentar la esperanza de que el elector se encuentre en el cuarto oscuro s\u00f3lo con dos boletas electorales capaces de alcanzar un rotundo triunfo en 2027.<\/em><\/p>\n<p><em>Esta posici\u00f3n sostiene que lo importante es ganar y que debe ser la UCR quien encabece esa amplia alianza opositora. A ese fin, a\u00fan cuando no hay un programa de gobierno expl\u00edcito desde el radicalismo, se plantea la posibilidad cierta de acordar previamente una decena de acciones de gobierno a llevar adelante en caso de acceder al Gobierno Provincial.<\/em><\/p>\n<p><em>Por lo contrario, hay mujeres y hombres con larga militancia en el radicalismo que nos resistimos a ese pragmatismo especulativo y sostenemos que el amontonamiento indiscriminado es un grave error pol\u00edtico. A nuestro criterio, los frentes electorales, que son una herramienta \u00fatil para unificar la oferta electoral que permita \u201cganar\u201d una elecci\u00f3n, son necesarios luego del triunfo para asegurar \u201ccohesi\u00f3n en la gesti\u00f3n de gobierno\u201d que facilite implementar las pol\u00edticas p\u00fablicas propuestas a la sociedad.<\/em><\/p>\n<p><em>Algunos radicales no advertimos c\u00f3mo eso ser\u00eda posible con fuerzas pol\u00edticas nacionales y provinciales que sustentan, proclaman y ejecutan pol\u00edticas absolutamente contrarias a sostenidas hist\u00f3ricamente por el radicalismo; c\u00f3mo ser\u00eda posible al radicalismo cogobernar asociado a fuerzas pol\u00edticas autocr\u00e1ticas, autoritarias y personalistas que pretenden la desarticulaci\u00f3n del Estado, menosprecian la educaci\u00f3n y la salud p\u00fablicas, ignoran el federalismo y la defensa de los recursos estrat\u00e9gicos.<\/em><\/p>\n<p><em>Y no se trata de ser ortodoxos; se trata de una imposibilidad \u00e9tica, moral y pol\u00edtica de acompa\u00f1ar pr\u00e1cticas de gobierno que lesionan permanentemente valores por los que el radicalismo lucha hist\u00f3ricamente.<\/em><\/p>\n<p><em>Lo que el radicalismo debe hacer es elaborar y proponer un programa de gobierno que tienda al bienestar de los pampeanos a trav\u00e9s del desarrollo productivo de la provincia y del resguardo de sus recursos, con un estado eficiente y con el fortalecimiento de sus municipios. Debe dejar de lado las ambig\u00fcedades, fijar claramente sus posiciones en cada tema que involucre los intereses de La Pampa, ofrecer los mejores candidatos y persuadir a los electores de que es posible hacerlo con su voto de confianza.<\/em><\/p>\n","protected":false},"excerpt":{"rendered":"<p>El pr\u00f3ximo s\u00e1bado 5 de septiembre la Uni\u00f3n C\u00edvica Radical realiza la Convenci\u00f3n partidaria que decidir\u00e1 el marco de alianzas para las elecciones de 2027. El dirigente Pedro Salas pone&hellip;<\/p>\n","protected":false},"author":2,"featured_media":511834,"comment_status":"closed","ping_status":"open","sticky":false,"template":"","format":"standard","meta":{"footnotes":""},"categories":[13],"tags":[],"class_list":["post-511833","post","type-post","status-publish","format-standard","has-post-thumbnail","hentry","category-provincia"],"jetpack_featured_media_url":"https:\/\/www.planbnoticias.com.ar\/wp-content\/uploads\/2026\/08\/ucr-salas.jpg","_links":{"self":[{"href":"https:\/\/www.planbnoticias.com.ar\/index.php\/wp-json\/wp\/v2\/posts\/511833","targetHints":{"allow":["GET"]}}],"collection":[{"href":"https:\/\/www.planbnoticias.com.ar\/index.php\/wp-json\/wp\/v2\/posts"}],"about":[{"href":"https:\/\/www.planbnoticias.com.ar\/index.php\/wp-json\/wp\/v2\/types\/post"}],"author":[{"embeddable":true,"href":"https:\/\/www.planbnoticias.com.ar\/index.php\/wp-json\/wp\/v2\/users\/2"}],"replies":[{"embeddable":true,"href":"https:\/\/www.planbnoticias.com.ar\/index.php\/wp-json\/wp\/v2\/comments?post=511833"}],"version-history":[{"count":2,"href":"https:\/\/www.planbnoticias.com.ar\/index.php\/wp-json\/wp\/v2\/posts\/511833\/revisions"}],"predecessor-version":[{"id":511836,"href":"https:\/\/www.planbnoticias.com.ar\/index.php\/wp-json\/wp\/v2\/posts\/511833\/revisions\/511836"}],"wp:featuredmedia":[{"embeddable":true,"href":"https:\/\/www.planbnoticias.com.ar\/index.php\/wp-json\/wp\/v2\/media\/511834"}],"wp:attachment":[{"href":"https:\/\/www.planbnoticias.com.ar\/index.php\/wp-json\/wp\/v2\/media?parent=511833"}],"wp:term":[{"taxonomy":"category","embeddable":true,"href":"https:\/\/www.planbnoticias.com.ar\/index.php\/wp-json\/wp\/v2\/categories?post=511833"},{"taxonomy":"post_tag","embeddable":true,"href":"https:\/\/www.planbnoticias.com.ar\/index.php\/wp-json\/wp\/v2\/tags?post=511833"}],"curies":[{"name":"wp","href":"https:\/\/api.w.org\/{rel}","templated":true}]}}