{"id":511839,"date":"2026-08-31T07:09:50","date_gmt":"2026-08-31T10:09:50","guid":{"rendered":"https:\/\/www.planbnoticias.com.ar\/?p=511839"},"modified":"2026-08-31T07:09:50","modified_gmt":"2026-08-31T10:09:50","slug":"sturzenegger-reconocio-perdida-de-empleo-registrado-se-compensa-con-el-monotributo","status":"publish","type":"post","link":"https:\/\/www.planbnoticias.com.ar\/index.php\/2026\/08\/31\/sturzenegger-reconocio-perdida-de-empleo-registrado-se-compensa-con-el-monotributo\/","title":{"rendered":"Sturzenegger reconoci\u00f3 p\u00e9rdida de empleo registrado: \u201cse compensa con el monotributo\u201d"},"content":{"rendered":"<p><img fetchpriority=\"high\" decoding=\"async\" class=\"alignnone size-full wp-image-489644\" src=\"https:\/\/www.planbnoticias.com.ar\/wp-content\/uploads\/2026\/02\/sturzenegger.webp\" alt=\"\" width=\"1280\" height=\"720\" srcset=\"https:\/\/www.planbnoticias.com.ar\/wp-content\/uploads\/2026\/02\/sturzenegger.webp 1280w, https:\/\/www.planbnoticias.com.ar\/wp-content\/uploads\/2026\/02\/sturzenegger-300x169.webp 300w, https:\/\/www.planbnoticias.com.ar\/wp-content\/uploads\/2026\/02\/sturzenegger-1024x576.webp 1024w, https:\/\/www.planbnoticias.com.ar\/wp-content\/uploads\/2026\/02\/sturzenegger-768x432.webp 768w, https:\/\/www.planbnoticias.com.ar\/wp-content\/uploads\/2026\/02\/sturzenegger-1170x658.webp 1170w, https:\/\/www.planbnoticias.com.ar\/wp-content\/uploads\/2026\/02\/sturzenegger-585x329.webp 585w\" sizes=\"(max-width: 1280px) 100vw, 1280px\" \/><\/p>\n<p>El ministro de Desregulaci\u00f3n y Transformaci\u00f3n del Estado, Federico Sturzenegger, reconoci\u00f3 la p\u00e9rdida de empleo formal en la Argentina. Sin embarg\u00f3 asegur\u00f3 que se \u00abcompensa\u00bb con el crecimiento del monotributo.<\/p>\n<p>Federico Sturzenegger admiti\u00f3 el retroceso de los asalariados formales privados en la gesti\u00f3n libertaria pero puntualiz\u00f3 en el cambio del mercado laboral y de la legislaci\u00f3n como propulsores de una migraci\u00f3n al monotributo.<\/p>\n<p>En este sentido, al analizar el panorama laboral argentino en una columna de opini\u00f3n para La Naci\u00f3n, indic\u00f3 que \u201crespecto a que caen los asalariados formales aun cuando se hayan sumado 500.000 empleos, es cierto\u201d y argument\u00f3 que \u201cuna explicaci\u00f3n posible es la ampliaci\u00f3n del monotributo aprobada por el Congreso en la Ley Bases que facilit\u00f3 que la gente migrara a esta modalidad m\u00e1s flexible y con menos carga tributaria\u00bb.<\/p>\n<p>Lejos de considerarlo un fen\u00f3meno nuevo, el funcionario lo enmarc\u00f3 en una tendencia de largo plazo al se\u00f1alar que \u201cla monotributizaci\u00f3n que viene, dicho sea de paso, desde el 2012, es la respuesta del mercado buscando modalidades m\u00e1s flexibles de trabajo\u201d.<\/p>\n<p>El ministro puntualiz\u00f3 que \u00aben los \u00faltimos tres a\u00f1os el mercado laboral sum\u00f3 medio mill\u00f3n de puestos de trabajo\u00bb y frente a las cr\u00edticas sobre la calidad de esta ocupaci\u00f3n, aclar\u00f3 que la expansi\u00f3n \u00abtampoco fue simplemente m\u00e1s empleo informal\u00bb.<\/p>\n<p>Si bien detall\u00f3 que se sumaron 190.000 asalariados no registrados, destac\u00f3 que los puestos no asalariados aumentaron en 491.000, traccionados principalmente por monotributistas. Sobre este \u00faltimo grupo, Sturzenegger rescat\u00f3 que \u201clos sueldos de los monotributistas no son muy diferentes a los de los asalariados\u00bb.<\/p>\n<p>Al analizar los ingresos, el ministro reconoci\u00f3 la existencia de datos diversos seg\u00fan metodolog\u00edas de fuentes como el SIPA, el INDEC Salarios y la Cuenta de Generaci\u00f3n de Ingresos. Al discriminar por sector, los resultados muestran distintos grados de recuperaci\u00f3n frente a los niveles del a\u00f1o pasado.<\/p>\n<p>En relaci\u00f3n a los trabajadores informales, detall\u00f3 que \u201cmuestran un aumento significativo en sus remuneraciones reales: 64% por arriba del promedio del 2023\u201d. Para los monotributistas, reconoci\u00f3 que \u201cese aumento es menor, solo del 4%, pero tambi\u00e9n avanzan respecto de 2023\u201d.<\/p>\n<p>Para los asalariados formales, tomando los datos del SIPA y de INDEC Salarios, aport\u00f3 que \u201clos n\u00fameros son dis\u00edmiles, aunque ambos dan aumentos importantes respecto de diciembre 2023 (8% y 13% a marzo, \u00faltimo dato disponible en SIPA), uno da arriba y el otro abajo del promedio de 2023\u201d y expres\u00f3 que \u201cese grupo tuvo un movimiento m\u00e1s lateral sin replicar el comportamiento de los otros dos segmentos\u201d.<\/p>\n<p>El ministro de Desregulaci\u00f3n y Transformaci\u00f3n del Estado, Federico Sturzenegger, rechaz\u00f3 categ\u00f3ricamente una intervenci\u00f3n estatal ante el nivel de endeudamiento de los hogares e inculp\u00f3 a los \u00abbancos y tarjetas no bancarias\u00bb, a quienes calific\u00f3 como \u00abgente grande que sabe lo que hizo y a qui\u00e9n le prest\u00f3\u00bb.<\/p>\n<p>Ahora Sturzenegger tuvo que reconocer la p\u00e9rdida de empleo formal en la era libertaria<\/p>\n<p>A trav\u00e9s de una columna firmada en el diario La Naci\u00f3n, el funcionario desestim\u00f3 las advertencias opositoras y remarc\u00f3: \u00abSi ahora no les pagan, el problema principal es de ellos. Pero con tal de pegarle al Gobierno, vale cualquier cosa\u00bb.<\/p>\n<p>En esa l\u00ednea, puntualiz\u00f3 que \u00abmientras todo el financiamiento bancario al sector privado representa apenas el 12% del PBI (contra m\u00e1s del 70% en Chile y Brasil), la totalidad de la cartera irregular no alcanza el 1% del producto\u00bb.<\/p>\n<p>La postura del titular de la cartera desreguladora sostuvo la intangibilidad del marco regulatorio del cr\u00e9dito para garantizar el financiamiento a largo plazo. \u00abEn los \u00faltimos dos a\u00f1os, casi 4 millones de personas accedieron por primera vez al cr\u00e9dito\u00bb, enfatiz\u00f3 el ministro, al tiempo que justific\u00f3 la inacci\u00f3n oficial al se\u00f1alar que \u00abes, pensando en los millones de argentinos que van a necesitar un pr\u00e9stamo en los pr\u00f3ximos a\u00f1os, por lo que Argentina no puede estar modificando las reglas de juego en cada esquina. Es lo que hicimos siempre, y as\u00ed nos fue\u00bb.<\/p>\n<p>Seg\u00fan supo la Agencia Noticias Argentinas, en el texto publicado en el medio nacional, Sturzenegger reivindic\u00f3 la marcha general de la econom\u00eda y acus\u00f3 a la oposici\u00f3n de pretender estructurar un \u00abrelato negativo\u00bb frente a los indicadores oficiales.<\/p>\n<p>En ese sentido, destac\u00f3 que \u00abeste gobierno ha puesto a la econom\u00eda en un sendero de crecimiento luego de 12 a\u00f1os de estancamiento\u00bb y repas\u00f3 la baja de la pobreza del 42% al 28%, la generaci\u00f3n de 500.000 puestos de trabajo y el sostenimiento del super\u00e1vit fiscal durante tres a\u00f1os consecutivos. Asimismo, adjudic\u00f3 el desempe\u00f1o del sector externo a que \u00abtenemos un boom de exportaciones\u00bb promovido por las reformas estructurales fijadas en la Ley Bases.<\/p>\n<p>Fuente: infogremiales.com.ar<\/p>\n","protected":false},"excerpt":{"rendered":"<p>El ministro de Desregulaci\u00f3n y Transformaci\u00f3n del Estado, Federico Sturzenegger, reconoci\u00f3 la p\u00e9rdida de empleo formal en la Argentina. Sin embarg\u00f3 asegur\u00f3 que se \u00abcompensa\u00bb con el crecimiento del monotributo.&hellip;<\/p>\n","protected":false},"author":2,"featured_media":489453,"comment_status":"closed","ping_status":"open","sticky":false,"template":"","format":"standard","meta":{"footnotes":""},"categories":[12],"tags":[],"class_list":["post-511839","post","type-post","status-publish","format-standard","has-post-thumbnail","hentry","category-pais"],"jetpack_featured_media_url":"https:\/\/www.planbnoticias.com.ar\/wp-content\/uploads\/2026\/02\/sturzenneger.jpg","_links":{"self":[{"href":"https:\/\/www.planbnoticias.com.ar\/index.php\/wp-json\/wp\/v2\/posts\/511839","targetHints":{"allow":["GET"]}}],"collection":[{"href":"https:\/\/www.planbnoticias.com.ar\/index.php\/wp-json\/wp\/v2\/posts"}],"about":[{"href":"https:\/\/www.planbnoticias.com.ar\/index.php\/wp-json\/wp\/v2\/types\/post"}],"author":[{"embeddable":true,"href":"https:\/\/www.planbnoticias.com.ar\/index.php\/wp-json\/wp\/v2\/users\/2"}],"replies":[{"embeddable":true,"href":"https:\/\/www.planbnoticias.com.ar\/index.php\/wp-json\/wp\/v2\/comments?post=511839"}],"version-history":[{"count":1,"href":"https:\/\/www.planbnoticias.com.ar\/index.php\/wp-json\/wp\/v2\/posts\/511839\/revisions"}],"predecessor-version":[{"id":511840,"href":"https:\/\/www.planbnoticias.com.ar\/index.php\/wp-json\/wp\/v2\/posts\/511839\/revisions\/511840"}],"wp:featuredmedia":[{"embeddable":true,"href":"https:\/\/www.planbnoticias.com.ar\/index.php\/wp-json\/wp\/v2\/media\/489453"}],"wp:attachment":[{"href":"https:\/\/www.planbnoticias.com.ar\/index.php\/wp-json\/wp\/v2\/media?parent=511839"}],"wp:term":[{"taxonomy":"category","embeddable":true,"href":"https:\/\/www.planbnoticias.com.ar\/index.php\/wp-json\/wp\/v2\/categories?post=511839"},{"taxonomy":"post_tag","embeddable":true,"href":"https:\/\/www.planbnoticias.com.ar\/index.php\/wp-json\/wp\/v2\/tags?post=511839"}],"curies":[{"name":"wp","href":"https:\/\/api.w.org\/{rel}","templated":true}]}}