{"id":511844,"date":"2026-08-31T12:13:23","date_gmt":"2026-08-31T15:13:23","guid":{"rendered":"https:\/\/www.planbnoticias.com.ar\/?p=511844"},"modified":"2026-08-31T14:11:11","modified_gmt":"2026-08-31T17:11:11","slug":"cooperacion-entre-provincias-ziliotto-y-kicillof-suscriben-acuerdos-en-casa-de-gobierno","status":"publish","type":"post","link":"https:\/\/www.planbnoticias.com.ar\/index.php\/2026\/08\/31\/cooperacion-entre-provincias-ziliotto-y-kicillof-suscriben-acuerdos-en-casa-de-gobierno\/","title":{"rendered":"Ziliotto y Kicillof suscribieron acuerdos para coordinar acciones por el fen\u00f3meno de El Ni\u00f1o"},"content":{"rendered":"<p><img fetchpriority=\"high\" decoding=\"async\" class=\"alignnone size-full wp-image-511883\" src=\"https:\/\/www.planbnoticias.com.ar\/wp-content\/uploads\/2026\/08\/kicillof-ziliotto-1.jpeg\" alt=\"\" width=\"1280\" height=\"960\" srcset=\"https:\/\/www.planbnoticias.com.ar\/wp-content\/uploads\/2026\/08\/kicillof-ziliotto-1.jpeg 1280w, https:\/\/www.planbnoticias.com.ar\/wp-content\/uploads\/2026\/08\/kicillof-ziliotto-1-300x225.jpeg 300w, https:\/\/www.planbnoticias.com.ar\/wp-content\/uploads\/2026\/08\/kicillof-ziliotto-1-1024x768.jpeg 1024w, https:\/\/www.planbnoticias.com.ar\/wp-content\/uploads\/2026\/08\/kicillof-ziliotto-1-768x576.jpeg 768w, https:\/\/www.planbnoticias.com.ar\/wp-content\/uploads\/2026\/08\/kicillof-ziliotto-1-1170x878.jpeg 1170w, https:\/\/www.planbnoticias.com.ar\/wp-content\/uploads\/2026\/08\/kicillof-ziliotto-1-585x439.jpeg 585w\" sizes=\"(max-width: 1280px) 100vw, 1280px\" \/><br \/>\nEl gobernador de La Pampa, Sergio Ziliotto, y su par de la provincia de Buenos Aires, Axel Kicillof, encabezan un acto en el Sal\u00f3n de Acuerdos de Casa de Gobierno, donde firmar\u00e1n distintos convenios de cooperaci\u00f3n destinados a fortalecer la coordinaci\u00f3n entre ambas jurisdicciones en \u00e1reas de inter\u00e9s com\u00fan.<br \/>\n<script async src=\"\/\/pagead2.googlesyndication.com\/pagead\/js\/adsbygoogle.js\"><\/script><br \/>\n<!-- Publi m\u00f3vil interior nota --><br \/>\n<ins class=\"adsbygoogle\" style=\"display: inline-block; width: 320px; height: 100px;\" data-ad-client=\"ca-pub-7250018434179914\" data-ad-slot=\"1040343543\"><\/ins><br \/>\n<script>\n(adsbygoogle = window.adsbygoogle || []).push({});\n<\/script><\/p>\n<p>Los gobernadores Sergio Ziliotto y Axel Kicillof encabezaron en Casa de Gobierno la firma de una serie de acuerdos que profundizan el trabajo conjunto entre ambas provincias. Adem\u00e1s del convenio de cooperaci\u00f3n h\u00eddrica ante el escenario de El Ni\u00f1o 2026\/27, avanzaron en pol\u00edticas sociales, salud, turismo, seguridad y banca p\u00fablica y prorrogaron por otros dos a\u00f1os el marco de colaboraci\u00f3n vigente desde 2024.<\/p>\n<p>La Pampa y Buenos Aires profundizaron la agenda de cooperaci\u00f3n institucional que vienen desarrollando desde 2024 mediante nuevos acuerdos destinados a compartir herramientas, experiencias y capacidades de gesti\u00f3n en distintas \u00e1reas del Estado.<\/p>\n<p><img decoding=\"async\" class=\"alignnone size-full wp-image-511885\" src=\"https:\/\/www.planbnoticias.com.ar\/wp-content\/uploads\/2026\/08\/kicillof-ziliotto-5.jpeg\" alt=\"\" width=\"1280\" height=\"960\" srcset=\"https:\/\/www.planbnoticias.com.ar\/wp-content\/uploads\/2026\/08\/kicillof-ziliotto-5.jpeg 1280w, https:\/\/www.planbnoticias.com.ar\/wp-content\/uploads\/2026\/08\/kicillof-ziliotto-5-300x225.jpeg 300w, https:\/\/www.planbnoticias.com.ar\/wp-content\/uploads\/2026\/08\/kicillof-ziliotto-5-1024x768.jpeg 1024w, https:\/\/www.planbnoticias.com.ar\/wp-content\/uploads\/2026\/08\/kicillof-ziliotto-5-768x576.jpeg 768w, https:\/\/www.planbnoticias.com.ar\/wp-content\/uploads\/2026\/08\/kicillof-ziliotto-5-1170x878.jpeg 1170w, https:\/\/www.planbnoticias.com.ar\/wp-content\/uploads\/2026\/08\/kicillof-ziliotto-5-585x439.jpeg 585w\" sizes=\"(max-width: 1280px) 100vw, 1280px\" \/><\/p>\n<p>Durante el acto realizado en el Sal\u00f3n de Acuerdos de Casa de Gobierno, Ziliotto y Kicillof ratificaron la continuidad del Convenio Marco de Colaboraci\u00f3n suscripto el 28 de junio de 2024 y avanzaron con acuerdos espec\u00edficos en desarrollo social, salud, turismo, seguridad y cooperaci\u00f3n entre los bancos p\u00fablicos de ambas jurisdicciones.<\/p>\n<p>El acuerdo marco, que fue prorrogado por otros 24 meses, establece mecanismos de colaboraci\u00f3n, cooperaci\u00f3n y asistencia rec\u00edproca en \u00e1reas como gobierno, seguridad, salud, educaci\u00f3n, formaci\u00f3n y capacitaci\u00f3n, ciencia y tecnolog\u00eda, gobierno digital, conectividad y modernizaci\u00f3n.<\/p>\n<p>Ziliotto destac\u00f3 que los convenios ratifican institucionalmente una modalidad de trabajo que ambas provincias vienen sosteniendo desde hace dos a\u00f1os. \u201cAs\u00ed entendemos lo que defendemos del federalismo. El pa\u00eds es un todo y todos tenemos que luchar por un objetivo com\u00fan, un desarrollo arm\u00f3nico en cada rinc\u00f3n de nuestra querida Rep\u00fablica Argentina\u201d, afirm\u00f3.<\/p>\n<p>Kicillof coincidi\u00f3 en que los acuerdos no representan el inicio de la cooperaci\u00f3n, sino que formalizan acciones que ya se encuentran en marcha. \u201cEsto es la coronaci\u00f3n de un trabajo previo, no es el inicio, simplemente le estamos dando este marco\u201d, sostuvo.<\/p>\n<p><strong>La experiencia pampeana de PILQUEN llega a Buenos Aires<\/strong><br \/>\nUno de los convenios permitir\u00e1 transferir a Buenos Aires la experiencia desarrollada por La Pampa con el Sistema PILQUEN, herramienta utilizada para registrar, gestionar y sistematizar informaci\u00f3n destinada al dise\u00f1o, ejecuci\u00f3n, seguimiento y evaluaci\u00f3n de las pol\u00edticas sociales.<\/p>\n<p>A partir del acuerdo, el Ministerio de Desarrollo Social y Derechos Humanos de La Pampa brindar\u00e1 asistencia t\u00e9cnica, asesoramiento y capacitaci\u00f3n al Ministerio de Desarrollo de la Comunidad bonaerense sobre el funcionamiento operativo, l\u00f3gico y metodol\u00f3gico del sistema.<\/p>\n<p>La transferencia permitir\u00e1 que la experiencia pampeana funcione como modelo de referencia para que Buenos Aires pueda desarrollar de manera aut\u00f3noma su propia herramienta inform\u00e1tica de gesti\u00f3n de pol\u00edticas p\u00fablicas.<\/p>\n<p>Kicillof destac\u00f3 especialmente este acuerdo y record\u00f3 que PILQUEN fue desarrollado en La Pampa cuando Ziliotto se encontraba al frente del \u00e1rea social provincial. \u201cLa Pampa lo invent\u00f3, lo aplica, Buenos Aires lo adopta\u201d, sintetiz\u00f3 el mandatario bonaerense.<\/p>\n<p><strong>Cooperaci\u00f3n entre los bancos p\u00fablicos<\/strong><br \/>\nEl Banco de La Pampa y el Banco de la Provincia de Buenos Aires suscribieron, adem\u00e1s, un Convenio Marco de Colaboraci\u00f3n y Cooperaci\u00f3n Institucional para intercambiar conocimientos, experiencias, metodolog\u00edas, herramientas de gesti\u00f3n, procesos operativos y buenas pr\u00e1cticas.<\/p>\n<p>Kicillof reivindic\u00f3 el papel que ambas entidades cumplen en el actual contexto econ\u00f3mico y defini\u00f3 a la banca p\u00fablica como \u201cun instrumento de desarrollo\u201d y una herramienta para intervenir frente a las dificultades que atraviesan familias y empresas.<\/p>\n<p>El Gobernador bonaerense destac\u00f3 que tanto el Banco de La Pampa como el Banco Provincia constituyen \u201cdos redes de contenci\u00f3n fundamentales\u201d frente a la ca\u00edda del consumo y las dificultades de la actividad econ\u00f3mica.<\/p>\n<p>El convenio contempla intercambio de informaci\u00f3n y experiencias, innovaci\u00f3n y estudios comparativos que permitan fortalecer las capacidades de ambas instituciones financieras p\u00fablicas.<\/p>\n<p><strong>Trabajo conjunto en seguridad<\/strong><br \/>\nLa agenda incluy\u00f3 tambi\u00e9n la pr\u00f3rroga por otros 24 meses del convenio espec\u00edfico de colaboraci\u00f3n entre el Ministerio de Seguridad y Justicia de La Pampa y el Ministerio de Seguridad bonaerense.<\/p>\n<p>Ziliotto destac\u00f3 particularmente los resultados alcanzados en la lucha contra el delito rural y record\u00f3 el trabajo realizado en territorio pampeano con equipamiento tecnol\u00f3gico aportado por Buenos Aires.<\/p>\n<p>Kicillof explic\u00f3 que la cooperaci\u00f3n permite superar las dificultades que genera el l\u00edmite jurisdiccional cuando un delito cometido en una provincia contin\u00faa en territorio de la otra. Entre las herramientas compartidas mencion\u00f3 el uso de drones de gran capacidad, capacitaci\u00f3n y mecanismos espec\u00edficos para combatir delitos rurales.<\/p>\n<p><strong>Salud: emergencias y salud mental<\/strong><br \/>\nLos ministerios de Salud de ambas provincias firmaron dos protocolos adicionales.<\/p>\n<p>El primero establece un marco de cooperaci\u00f3n t\u00e9cnica y de investigaci\u00f3n para brindar respuestas inmediatas y coordinadas frente a emergencias sanitarias que puedan afectar a ambas jurisdicciones.<\/p>\n<p>Comprende capacitaciones e intercambio de conocimientos, modelos de planes de respuesta del sector Salud, protocolos de Evaluaci\u00f3n de Da\u00f1os y An\u00e1lisis de Necesidades en Salud (EDAN), Centros de Operaciones de Emergencia y Comit\u00e9s Hospitalarios de Emergencia, adem\u00e1s de la elaboraci\u00f3n conjunta de gu\u00edas y documentos.<br \/>\nEl segundo acuerdo apunta a profundizar la cooperaci\u00f3n en salud mental mediante procesos de formaci\u00f3n para trabajadores y trabajadoras, intercambios entre ambas provincias y asistencia t\u00e9cnica para fortalecer un modelo de atenci\u00f3n con base comunitaria.<\/p>\n<p>Tambi\u00e9n contempla un banco de rotaci\u00f3n para residencias en salud mental y la articulaci\u00f3n entre efectores sanitarios pr\u00f3ximos territorialmente para facilitar el acceso de la poblaci\u00f3n y mejorar la integraci\u00f3n de los sistemas de cuidado.<\/p>\n<p><strong>Turismo<\/strong><br \/>\nEn materia tur\u00edstica, La Pampa y Buenos Aires acordaron desarrollar planes de actuaci\u00f3n conjunta, promover la coordinaci\u00f3n entre organismos municipales y regionales y generar nuevos espacios de cooperaci\u00f3n.<\/p>\n<p>El convenio contempla adem\u00e1s acciones de capacitaci\u00f3n y asistencia rec\u00edproca y la planificaci\u00f3n del desarrollo tur\u00edstico desde una perspectiva complementaria.<\/p>\n<p>Kicillof se\u00f1al\u00f3 que Buenos Aires viene desarrollando experiencias de promoci\u00f3n conjunta con otras provincias y destac\u00f3 particularmente las posibilidades de convertir fiestas locales y populares en herramientas para incrementar la actividad tur\u00edstica.<\/p>\n<p>&nbsp;<\/p>\n","protected":false},"excerpt":{"rendered":"<p>El gobernador de La Pampa, Sergio Ziliotto, y su par de la provincia de Buenos Aires, Axel Kicillof, encabezan un acto en el Sal\u00f3n de Acuerdos de Casa de Gobierno,&hellip;<\/p>\n","protected":false},"author":4,"featured_media":511885,"comment_status":"closed","ping_status":"open","sticky":false,"template":"","format":"standard","meta":{"footnotes":""},"categories":[13,15],"tags":[],"class_list":["post-511844","post","type-post","status-publish","format-standard","has-post-thumbnail","hentry","category-provincia","category-tapa"],"jetpack_featured_media_url":"https:\/\/www.planbnoticias.com.ar\/wp-content\/uploads\/2026\/08\/kicillof-ziliotto-5.jpeg","_links":{"self":[{"href":"https:\/\/www.planbnoticias.com.ar\/index.php\/wp-json\/wp\/v2\/posts\/511844","targetHints":{"allow":["GET"]}}],"collection":[{"href":"https:\/\/www.planbnoticias.com.ar\/index.php\/wp-json\/wp\/v2\/posts"}],"about":[{"href":"https:\/\/www.planbnoticias.com.ar\/index.php\/wp-json\/wp\/v2\/types\/post"}],"author":[{"embeddable":true,"href":"https:\/\/www.planbnoticias.com.ar\/index.php\/wp-json\/wp\/v2\/users\/4"}],"replies":[{"embeddable":true,"href":"https:\/\/www.planbnoticias.com.ar\/index.php\/wp-json\/wp\/v2\/comments?post=511844"}],"version-history":[{"count":6,"href":"https:\/\/www.planbnoticias.com.ar\/index.php\/wp-json\/wp\/v2\/posts\/511844\/revisions"}],"predecessor-version":[{"id":511901,"href":"https:\/\/www.planbnoticias.com.ar\/index.php\/wp-json\/wp\/v2\/posts\/511844\/revisions\/511901"}],"wp:featuredmedia":[{"embeddable":true,"href":"https:\/\/www.planbnoticias.com.ar\/index.php\/wp-json\/wp\/v2\/media\/511885"}],"wp:attachment":[{"href":"https:\/\/www.planbnoticias.com.ar\/index.php\/wp-json\/wp\/v2\/media?parent=511844"}],"wp:term":[{"taxonomy":"category","embeddable":true,"href":"https:\/\/www.planbnoticias.com.ar\/index.php\/wp-json\/wp\/v2\/categories?post=511844"},{"taxonomy":"post_tag","embeddable":true,"href":"https:\/\/www.planbnoticias.com.ar\/index.php\/wp-json\/wp\/v2\/tags?post=511844"}],"curies":[{"name":"wp","href":"https:\/\/api.w.org\/{rel}","templated":true}]}}