{"id":511846,"date":"2026-08-31T08:27:00","date_gmt":"2026-08-31T11:27:00","guid":{"rendered":"https:\/\/www.planbnoticias.com.ar\/?p=511846"},"modified":"2026-08-31T08:27:27","modified_gmt":"2026-08-31T11:27:27","slug":"audisio-advirtio-que-la-situacion-de-las-universidades-se-hace-insostenible","status":"publish","type":"post","link":"https:\/\/www.planbnoticias.com.ar\/index.php\/2026\/08\/31\/audisio-advirtio-que-la-situacion-de-las-universidades-se-hace-insostenible\/","title":{"rendered":"Audisio advirti\u00f3 que la situaci\u00f3n de las universidades \u201cse hace insostenible\u201d"},"content":{"rendered":"<p><img fetchpriority=\"high\" decoding=\"async\" class=\"alignnone size-full wp-image-502785\" src=\"https:\/\/www.planbnoticias.com.ar\/wp-content\/uploads\/2026\/06\/adu-unlpam-audisio.jpeg\" alt=\"\" width=\"1280\" height=\"960\" srcset=\"https:\/\/www.planbnoticias.com.ar\/wp-content\/uploads\/2026\/06\/adu-unlpam-audisio.jpeg 1280w, https:\/\/www.planbnoticias.com.ar\/wp-content\/uploads\/2026\/06\/adu-unlpam-audisio-300x225.jpeg 300w, https:\/\/www.planbnoticias.com.ar\/wp-content\/uploads\/2026\/06\/adu-unlpam-audisio-1024x768.jpeg 1024w, https:\/\/www.planbnoticias.com.ar\/wp-content\/uploads\/2026\/06\/adu-unlpam-audisio-768x576.jpeg 768w, https:\/\/www.planbnoticias.com.ar\/wp-content\/uploads\/2026\/06\/adu-unlpam-audisio-1170x878.jpeg 1170w, https:\/\/www.planbnoticias.com.ar\/wp-content\/uploads\/2026\/06\/adu-unlpam-audisio-585x439.jpeg 585w\" sizes=\"(max-width: 1280px) 100vw, 1280px\" \/><\/p>\n<p>Santiago Audisio, dirigente de la Asociaci\u00f3n de Docentes Universitarios (ADU) La Pampa, cuestion\u00f3 al Gobierno nacional por la falta de aplicaci\u00f3n de la ley de financiamiento universitario y asegur\u00f3 que ya transcurrieron 310 d\u00edas sin que se cumpla la norma. El planteo se produjo luego del paro de 48 horas que realizaron los docentes de las universidades nacionales y en la previa de la reuni\u00f3n paritaria convocada para este martes 1 de septiembre.<br \/>\n<script async src=\"\/\/pagead2.googlesyndication.com\/pagead\/js\/adsbygoogle.js\"><\/script><br \/>\n<!-- Publi m\u00f3vil interior nota --><br \/>\n<ins class=\"adsbygoogle\" style=\"display: inline-block; width: 320px; height: 100px;\" data-ad-client=\"ca-pub-7250018434179914\" data-ad-slot=\"1040343543\"><\/ins><br \/>\n<script>\n(adsbygoogle = window.adsbygoogle || []).push({});\n<\/script><br \/>\nAudisio explic\u00f3 que la ley atraves\u00f3 todas las instancias legislativas: fue aprobada por ambas c\u00e1maras del Congreso, posteriormente vetada por el Poder Ejecutivo y finalmente ratificada luego de que diputados y senadores rechazaran el veto. Adem\u00e1s, se\u00f1al\u00f3 que el Consejo Interuniversitario Nacional (CIN) present\u00f3 un amparo y que la Justicia orden\u00f3 al Ejecutivo avanzar con su aplicaci\u00f3n.<\/p>\n<p>\u201cEs una ley que fue votada por Senado, por diputados, fue vetada, fue rechazado el veto otra vez por Senado y diputados. La Justicia manda al Gobierno a que aplique la ley de financiamiento y todav\u00eda despu\u00e9s de 310 d\u00edas no pasa nada\u201d, sostuvo.<\/p>\n<p>El dirigente de ADU record\u00f3 que durante agosto se llevaron adelante distintas medidas de fuerza en reclamo de mejoras salariales y mayor presupuesto para el sistema universitario. Tambi\u00e9n mencion\u00f3 la audiencia de conciliaci\u00f3n realizada entre el CIN y la Secretar\u00eda de Pol\u00edtica Universitaria, en la que, seg\u00fan afirm\u00f3, no hubo avances respecto del cumplimiento de la norma.<\/p>\n<p>En este contexto, las expectativas est\u00e1n puestas en la reuni\u00f3n paritaria convocada para este martes, que, de acuerdo con Audisio, ser\u00e1 la primera despu\u00e9s de dos a\u00f1os. El gremio aguardar\u00e1 conocer la propuesta del Gobierno antes de resolver c\u00f3mo continuar\u00e1 el plan de lucha.<\/p>\n<p>\u201cLas primeras reuniones no hay que estar adelantando situaciones. Igual va a llamar primero a un congreso, primero va a ser la consulta y despu\u00e9s vamos a dar una respuesta\u201d, explic\u00f3.<\/p>\n<p>Uno de los puntos centrales del reclamo es la recomposici\u00f3n salarial. Audisio indic\u00f3 que exist\u00eda un atraso del 55% y que el Gobierno otorg\u00f3 un 24,5%, por lo que los docentes universitarios sostienen que todav\u00eda resta recuperar un 32,5%.<\/p>\n<p>El referente gremial afirm\u00f3 adem\u00e1s que hab\u00edan sido anunciadas mejoras destinadas al funcionamiento de las universidades, los hospitales escuela y las becas estudiantiles, pero asegur\u00f3 que esos compromisos tampoco se concretaron.<\/p>\n<p>\u201cEl Gobierno nos ha desfinanciado de tal forma a las universidades que estamos atrasados estos salarios con un 55%. Y la situaci\u00f3n se hace insostenible\u201d, expres\u00f3.<\/p>\n<p>El conflicto alcanza a cerca de 180 mil docentes universitarios en todo el pa\u00eds. En el caso de la Universidad Nacional de La Pampa, Audisio estim\u00f3 que son alrededor de 1.800 docentes, aunque aclar\u00f3 que muchos cuentan con m\u00e1s de un cargo.<\/p>\n<p>Finalmente, reconoci\u00f3 el impacto que tienen las medidas de fuerza sobre los estudiantes, pero sostuvo que el reclamo debe analizarse desde una perspectiva m\u00e1s amplia y de largo plazo. \u201cHay que ser un poco emp\u00e1tico, no solamente con las generaciones actuales sino con las que vendr\u00e1n\u201d, plante\u00f3.<\/p>\n<p>Para Audisio, la discusi\u00f3n excede la cuesti\u00f3n salarial y alcanza al futuro del sistema p\u00fablico de educaci\u00f3n superior y su aporte al desarrollo cient\u00edfico, tecnol\u00f3gico y econ\u00f3mico. \u201cEstamos hablando del futuro de la universidad\u201d, concluy\u00f3.<\/p>\n<p>Fuente: Infopico.com<\/p>\n","protected":false},"excerpt":{"rendered":"<p>Santiago Audisio, dirigente de la Asociaci\u00f3n de Docentes Universitarios (ADU) La Pampa, cuestion\u00f3 al Gobierno nacional por la falta de aplicaci\u00f3n de la ley de financiamiento universitario y asegur\u00f3 que&hellip;<\/p>\n","protected":false},"author":4,"featured_media":502785,"comment_status":"closed","ping_status":"open","sticky":false,"template":"","format":"standard","meta":{"footnotes":""},"categories":[9,13],"tags":[],"class_list":["post-511846","post","type-post","status-publish","format-standard","has-post-thumbnail","hentry","category-gremiales","category-provincia"],"jetpack_featured_media_url":"https:\/\/www.planbnoticias.com.ar\/wp-content\/uploads\/2026\/06\/adu-unlpam-audisio.jpeg","_links":{"self":[{"href":"https:\/\/www.planbnoticias.com.ar\/index.php\/wp-json\/wp\/v2\/posts\/511846","targetHints":{"allow":["GET"]}}],"collection":[{"href":"https:\/\/www.planbnoticias.com.ar\/index.php\/wp-json\/wp\/v2\/posts"}],"about":[{"href":"https:\/\/www.planbnoticias.com.ar\/index.php\/wp-json\/wp\/v2\/types\/post"}],"author":[{"embeddable":true,"href":"https:\/\/www.planbnoticias.com.ar\/index.php\/wp-json\/wp\/v2\/users\/4"}],"replies":[{"embeddable":true,"href":"https:\/\/www.planbnoticias.com.ar\/index.php\/wp-json\/wp\/v2\/comments?post=511846"}],"version-history":[{"count":2,"href":"https:\/\/www.planbnoticias.com.ar\/index.php\/wp-json\/wp\/v2\/posts\/511846\/revisions"}],"predecessor-version":[{"id":511848,"href":"https:\/\/www.planbnoticias.com.ar\/index.php\/wp-json\/wp\/v2\/posts\/511846\/revisions\/511848"}],"wp:featuredmedia":[{"embeddable":true,"href":"https:\/\/www.planbnoticias.com.ar\/index.php\/wp-json\/wp\/v2\/media\/502785"}],"wp:attachment":[{"href":"https:\/\/www.planbnoticias.com.ar\/index.php\/wp-json\/wp\/v2\/media?parent=511846"}],"wp:term":[{"taxonomy":"category","embeddable":true,"href":"https:\/\/www.planbnoticias.com.ar\/index.php\/wp-json\/wp\/v2\/categories?post=511846"},{"taxonomy":"post_tag","embeddable":true,"href":"https:\/\/www.planbnoticias.com.ar\/index.php\/wp-json\/wp\/v2\/tags?post=511846"}],"curies":[{"name":"wp","href":"https:\/\/api.w.org\/{rel}","templated":true}]}}