{"id":511857,"date":"2026-08-31T09:49:55","date_gmt":"2026-08-31T12:49:55","guid":{"rendered":"https:\/\/www.planbnoticias.com.ar\/?p=511857"},"modified":"2026-08-31T09:49:55","modified_gmt":"2026-08-31T12:49:55","slug":"asambleas-electorales-la-cpe-renueva-el-cuerpo-de-delegados","status":"publish","type":"post","link":"https:\/\/www.planbnoticias.com.ar\/index.php\/2026\/08\/31\/asambleas-electorales-la-cpe-renueva-el-cuerpo-de-delegados\/","title":{"rendered":"Asambleas Electorales: La CPE renueva el cuerpo de delegados"},"content":{"rendered":"<p><img fetchpriority=\"high\" decoding=\"async\" class=\"alignnone size-full wp-image-511859\" src=\"https:\/\/www.planbnoticias.com.ar\/wp-content\/uploads\/2026\/08\/Asamblea-Primaria-CPE-1.jpg\" alt=\"\" width=\"979\" height=\"762\" srcset=\"https:\/\/www.planbnoticias.com.ar\/wp-content\/uploads\/2026\/08\/Asamblea-Primaria-CPE-1.jpg 979w, https:\/\/www.planbnoticias.com.ar\/wp-content\/uploads\/2026\/08\/Asamblea-Primaria-CPE-1-300x234.jpg 300w, https:\/\/www.planbnoticias.com.ar\/wp-content\/uploads\/2026\/08\/Asamblea-Primaria-CPE-1-768x598.jpg 768w, https:\/\/www.planbnoticias.com.ar\/wp-content\/uploads\/2026\/08\/Asamblea-Primaria-CPE-1-585x455.jpg 585w\" sizes=\"(max-width: 979px) 100vw, 979px\" \/><\/p>\n<p>Las Asambleas Electorales de Distrito para la renovaci\u00f3n del Cuerpo de Delegados y Delegadas de la CPE se realizar\u00e1n el pr\u00f3ximo s\u00e1bado 19 septiembre, de acuerdo a la convocatoria del Consejo de Administraci\u00f3n. Los asociados y asociadas elegir\u00e1n 107 representantes titulares y 59 suplentes de todas las localidades donde la Cooperativa Popular de Electricidad brinda servicios.<br \/>\n<script async src=\"\/\/pagead2.googlesyndication.com\/pagead\/js\/adsbygoogle.js\"><\/script><br \/>\n<!-- Publi m\u00f3vil interior nota --><br \/>\n<ins class=\"adsbygoogle\" style=\"display: inline-block; width: 320px; height: 100px;\" data-ad-client=\"ca-pub-7250018434179914\" data-ad-slot=\"1040343543\"><\/ins><br \/>\n<script>\n(adsbygoogle = window.adsbygoogle || []).push({});\n<\/script><br \/>\nLa convocatoria se realiza en el marco de la Ley Nacional 20337 de Cooperativas, el Estatuto de la CPE y el Reglamento de Elecciones. La presentaci\u00f3n de listas de candidatos\/as se podr\u00e1 realizar hasta el 6 de septiembre inclusive, en Ra\u00fal B. D\u00edaz 218 \u2014direcci\u00f3n de acceso al Consejo de Administraci\u00f3n\u2014, de lunes a viernes de 9 a 13 horas y el mismo domingo 6, de 21 a 24 horas.<\/p>\n<p>Se elegir\u00e1n 86 delegados\/as titulares y 43 suplentes de Santa Rosa; 11 titulares y 6 suplentes de Toay; 3 titulares y 3 suplentes de Catril\u00f3; 2 titulares y 2 suplentes de Anguil e igual cantidad de Lonquimay; y 1 delegado\/a titular y 1 suplente por Ataliva Roca, Mauricio Mayer y Uriburu respectivamente.<\/p>\n<p><strong>Lugares y horarios<\/strong><\/p>\n<p>En Santa Rosa se podr\u00e1 votar desde las 8 a las 18 horas en cuatro lugares: la Usina (sobre 1\u00b0 de Mayo 540); Centro de Atenci\u00f3n \u201cCarlos Lorenzo\u201d (en Jos\u00e9 Luro y Per\u00fa); sede del Club Penales (Pueyrred\u00f3n 555) y SUM de la Escuela 180 (sobre Lope de Vega e\/ Roque S. Pe\u00f1a y Leguizam\u00f3n).<\/p>\n<p>En Toay se podr\u00e1 votar de 8 a 18 horas en el sal\u00f3n \u201cPedrucho Tamborini\u201d (Roque S. Pe\u00f1a 1330). En el resto de los distritos, la votaci\u00f3n tendr\u00e1 lugar desde las 9 a las 14 horas, en todos los casos en la sede de la Cooperativa de cada localidad.<\/p>\n<p><strong>Requisitos<\/strong><\/p>\n<p>Seg\u00fan lo establecido por el art\u00edculo 11\u00ba del Estatuto y 4\u00ba del Reglamento de Elecciones, tanto para integrar listas como para poder ejercer el voto, los asociados\/as deber\u00e1n haberse incorporado como tales antes del cierre del Ejercicio finalizado el 30 de junio de 2026, y no tener facturas vencidas impagas de ning\u00fan servicio, ni saldos, al d\u00eda 6 de septiembre de 2026, salvo que lo adeudado sea igual o menor a $ 6.500 (seis mil quinientos pesos), valor hist\u00f3rico.<\/p>\n<p>El plazo m\u00e1ximo para regularizar los pagos y estar al d\u00eda para poder votar vence el mismo 6 de septiembre, y podr\u00e1 realizarse en las sedes de la Cooperativa: en la Usina, en 1\u00ba de Mayo 540 (de lunes a viernes, de 7:30 a 13:30); Centro \u201cCarlos Lorenzo\u201d, en Jos\u00e9 Luro y Per\u00fa (de lunes a viernes, de 7:30 a 13:30); en Art\u00edculos del Hogar, en Ra\u00fal B. D\u00edaz 214 (de lunes a viernes, de 8 a 12 y de 16 a 20 horas). En las localidades interconectadas, los pagos podr\u00e1n regularizarse en cada sede, en los horarios habituales de atenci\u00f3n al p\u00fablico. Asimismo, podr\u00e1n efectuarse los pagos a trav\u00e9s de la p\u00e1gina web de la CPE (www.cpe.coop.ar), oficina virtual de Telecomunicaciones (www.cpe.coop.ar), Aplicaciones CPE para tel\u00e9fonos celulares, Rapipago, Pampa Pagos y Pago F\u00e1cil.<\/p>\n<p>Desde el jueves 10 de septiembre se podr\u00e1 consultar en www.cpe.coop.ar si un asociado\/a est\u00e1 en condiciones de votar y en cu\u00e1l distrito se encuentra habilitado\/a para hacerlo.<\/p>\n","protected":false},"excerpt":{"rendered":"<p>Las Asambleas Electorales de Distrito para la renovaci\u00f3n del Cuerpo de Delegados y Delegadas de la CPE se realizar\u00e1n el pr\u00f3ximo s\u00e1bado 19 septiembre, de acuerdo a la convocatoria del&hellip;<\/p>\n","protected":false},"author":4,"featured_media":511859,"comment_status":"closed","ping_status":"open","sticky":false,"template":"","format":"standard","meta":{"footnotes":""},"categories":[4],"tags":[],"class_list":["post-511857","post","type-post","status-publish","format-standard","has-post-thumbnail","hentry","category-ciudad"],"jetpack_featured_media_url":"https:\/\/www.planbnoticias.com.ar\/wp-content\/uploads\/2026\/08\/Asamblea-Primaria-CPE-1.jpg","_links":{"self":[{"href":"https:\/\/www.planbnoticias.com.ar\/index.php\/wp-json\/wp\/v2\/posts\/511857","targetHints":{"allow":["GET"]}}],"collection":[{"href":"https:\/\/www.planbnoticias.com.ar\/index.php\/wp-json\/wp\/v2\/posts"}],"about":[{"href":"https:\/\/www.planbnoticias.com.ar\/index.php\/wp-json\/wp\/v2\/types\/post"}],"author":[{"embeddable":true,"href":"https:\/\/www.planbnoticias.com.ar\/index.php\/wp-json\/wp\/v2\/users\/4"}],"replies":[{"embeddable":true,"href":"https:\/\/www.planbnoticias.com.ar\/index.php\/wp-json\/wp\/v2\/comments?post=511857"}],"version-history":[{"count":1,"href":"https:\/\/www.planbnoticias.com.ar\/index.php\/wp-json\/wp\/v2\/posts\/511857\/revisions"}],"predecessor-version":[{"id":511860,"href":"https:\/\/www.planbnoticias.com.ar\/index.php\/wp-json\/wp\/v2\/posts\/511857\/revisions\/511860"}],"wp:featuredmedia":[{"embeddable":true,"href":"https:\/\/www.planbnoticias.com.ar\/index.php\/wp-json\/wp\/v2\/media\/511859"}],"wp:attachment":[{"href":"https:\/\/www.planbnoticias.com.ar\/index.php\/wp-json\/wp\/v2\/media?parent=511857"}],"wp:term":[{"taxonomy":"category","embeddable":true,"href":"https:\/\/www.planbnoticias.com.ar\/index.php\/wp-json\/wp\/v2\/categories?post=511857"},{"taxonomy":"post_tag","embeddable":true,"href":"https:\/\/www.planbnoticias.com.ar\/index.php\/wp-json\/wp\/v2\/tags?post=511857"}],"curies":[{"name":"wp","href":"https:\/\/api.w.org\/{rel}","templated":true}]}}