{"id":511861,"date":"2026-08-31T10:04:15","date_gmt":"2026-08-31T13:04:15","guid":{"rendered":"https:\/\/www.planbnoticias.com.ar\/?p=511861"},"modified":"2026-08-31T10:04:15","modified_gmt":"2026-08-31T13:04:15","slug":"arca-amplio-la-factura-electronica-obligatoria-a-nuevos-contribuyentes","status":"publish","type":"post","link":"https:\/\/www.planbnoticias.com.ar\/index.php\/2026\/08\/31\/arca-amplio-la-factura-electronica-obligatoria-a-nuevos-contribuyentes\/","title":{"rendered":"ARCA ampli\u00f3 la factura electr\u00f3nica obligatoria a nuevos contribuyentes"},"content":{"rendered":"<p><img fetchpriority=\"high\" decoding=\"async\" class=\"alignnone size-full wp-image-511862\" src=\"https:\/\/www.planbnoticias.com.ar\/wp-content\/uploads\/2026\/08\/arca-monotributo22.avif\" alt=\"\" width=\"960\" height=\"540\" srcset=\"https:\/\/www.planbnoticias.com.ar\/wp-content\/uploads\/2026\/08\/arca-monotributo22.avif 960w, https:\/\/www.planbnoticias.com.ar\/wp-content\/uploads\/2026\/08\/arca-monotributo22-300x169.avif 300w, https:\/\/www.planbnoticias.com.ar\/wp-content\/uploads\/2026\/08\/arca-monotributo22-768x432.avif 768w, https:\/\/www.planbnoticias.com.ar\/wp-content\/uploads\/2026\/08\/arca-monotributo22-585x329.avif 585w\" sizes=\"(max-width: 960px) 100vw, 960px\" \/><\/p>\n<p>La Agencia de Recaudaci\u00f3n y Control Aduanero (ARCA) ampli\u00f3 la obligaci\u00f3n de emitir comprobantes electr\u00f3nicos o utilizar controladores fiscales a nuevos grupos de contribuyentes. La medida fue establecida mediante la Resoluci\u00f3n General 5893\/2026, publicada este lunes en el Bolet\u00edn Oficial.<br \/>\n<script async src=\"\/\/pagead2.googlesyndication.com\/pagead\/js\/adsbygoogle.js\"><\/script><br \/>\n<!-- Publi m\u00f3vil interior nota --><br \/>\n<ins class=\"adsbygoogle\" style=\"display: inline-block; width: 320px; height: 100px;\" data-ad-client=\"ca-pub-7250018434179914\" data-ad-slot=\"1040343543\"><\/ins><br \/>\n<script>\n(adsbygoogle = window.adsbygoogle || []).push({});\n<\/script><br \/>\nDesde el 1\u00b0 de noviembre de 2026, la obligaci\u00f3n alcanzar\u00e1 a determinados peque\u00f1os contribuyentes inscriptos en el R\u00e9gimen de Inclusi\u00f3n Social y Promoci\u00f3n del Trabajo Independiente.<\/p>\n<p>La disposici\u00f3n tambi\u00e9n comprende a los contribuyentes incorporados al Registro Nacional de Efectores de Desarrollo Local y Econom\u00eda Social.<\/p>\n<p>En una segunda etapa, desde el 1\u00b0 de marzo de 2027, deber\u00e1n emitir comprobantes electr\u00f3nicos los sujetos que no est\u00e9n alcanzados por el Impuesto al Valor Agregado (IVA).<\/p>\n<p>Los contribuyentes comprendidos podr\u00e1n utilizar los sistemas habilitados por ARCA para generar facturas y dem\u00e1s documentos respaldatorios de sus operaciones.<\/p>\n<p>Los comprobantes impresos quedar\u00e1n reservados como mecanismo de contingencia para los casos en los que no sea posible utilizar los medios electr\u00f3nicos autorizados.<\/p>\n<p>La medida ampl\u00eda la digitalizaci\u00f3n de las operaciones y la trazabilidad fiscal de sectores que hasta ahora contaban con excepciones al r\u00e9gimen general.<\/p>\n<p>Funte y foto: Agencia NA<\/p>\n","protected":false},"excerpt":{"rendered":"<p>La Agencia de Recaudaci\u00f3n y Control Aduanero (ARCA) ampli\u00f3 la obligaci\u00f3n de emitir comprobantes electr\u00f3nicos o utilizar controladores fiscales a nuevos grupos de contribuyentes. La medida fue establecida mediante la&hellip;<\/p>\n","protected":false},"author":4,"featured_media":511862,"comment_status":"closed","ping_status":"open","sticky":false,"template":"","format":"standard","meta":{"footnotes":""},"categories":[12],"tags":[],"class_list":["post-511861","post","type-post","status-publish","format-standard","has-post-thumbnail","hentry","category-pais"],"jetpack_featured_media_url":"https:\/\/www.planbnoticias.com.ar\/wp-content\/uploads\/2026\/08\/arca-monotributo22.avif","_links":{"self":[{"href":"https:\/\/www.planbnoticias.com.ar\/index.php\/wp-json\/wp\/v2\/posts\/511861","targetHints":{"allow":["GET"]}}],"collection":[{"href":"https:\/\/www.planbnoticias.com.ar\/index.php\/wp-json\/wp\/v2\/posts"}],"about":[{"href":"https:\/\/www.planbnoticias.com.ar\/index.php\/wp-json\/wp\/v2\/types\/post"}],"author":[{"embeddable":true,"href":"https:\/\/www.planbnoticias.com.ar\/index.php\/wp-json\/wp\/v2\/users\/4"}],"replies":[{"embeddable":true,"href":"https:\/\/www.planbnoticias.com.ar\/index.php\/wp-json\/wp\/v2\/comments?post=511861"}],"version-history":[{"count":1,"href":"https:\/\/www.planbnoticias.com.ar\/index.php\/wp-json\/wp\/v2\/posts\/511861\/revisions"}],"predecessor-version":[{"id":511863,"href":"https:\/\/www.planbnoticias.com.ar\/index.php\/wp-json\/wp\/v2\/posts\/511861\/revisions\/511863"}],"wp:featuredmedia":[{"embeddable":true,"href":"https:\/\/www.planbnoticias.com.ar\/index.php\/wp-json\/wp\/v2\/media\/511862"}],"wp:attachment":[{"href":"https:\/\/www.planbnoticias.com.ar\/index.php\/wp-json\/wp\/v2\/media?parent=511861"}],"wp:term":[{"taxonomy":"category","embeddable":true,"href":"https:\/\/www.planbnoticias.com.ar\/index.php\/wp-json\/wp\/v2\/categories?post=511861"},{"taxonomy":"post_tag","embeddable":true,"href":"https:\/\/www.planbnoticias.com.ar\/index.php\/wp-json\/wp\/v2\/tags?post=511861"}],"curies":[{"name":"wp","href":"https:\/\/api.w.org\/{rel}","templated":true}]}}