{"id":511865,"date":"2026-08-31T10:28:06","date_gmt":"2026-08-31T13:28:06","guid":{"rendered":"https:\/\/www.planbnoticias.com.ar\/?p=511865"},"modified":"2026-08-31T10:28:06","modified_gmt":"2026-08-31T13:28:06","slug":"principio-de-incendio-en-una-parrilla","status":"publish","type":"post","link":"https:\/\/www.planbnoticias.com.ar\/index.php\/2026\/08\/31\/principio-de-incendio-en-una-parrilla\/","title":{"rendered":"Principio de incendio en una parrilla"},"content":{"rendered":"<p><img fetchpriority=\"high\" decoding=\"async\" class=\"alignnone size-full wp-image-511866\" src=\"https:\/\/www.planbnoticias.com.ar\/wp-content\/uploads\/2026\/08\/incendio-pico.jpeg\" alt=\"\" width=\"1280\" height=\"720\" srcset=\"https:\/\/www.planbnoticias.com.ar\/wp-content\/uploads\/2026\/08\/incendio-pico.jpeg 1280w, https:\/\/www.planbnoticias.com.ar\/wp-content\/uploads\/2026\/08\/incendio-pico-300x169.jpeg 300w, https:\/\/www.planbnoticias.com.ar\/wp-content\/uploads\/2026\/08\/incendio-pico-1024x576.jpeg 1024w, https:\/\/www.planbnoticias.com.ar\/wp-content\/uploads\/2026\/08\/incendio-pico-768x432.jpeg 768w, https:\/\/www.planbnoticias.com.ar\/wp-content\/uploads\/2026\/08\/incendio-pico-1170x658.jpeg 1170w, https:\/\/www.planbnoticias.com.ar\/wp-content\/uploads\/2026\/08\/incendio-pico-585x329.jpeg 585w\" sizes=\"(max-width: 1280px) 100vw, 1280px\" \/><\/p>\n<p>Un principio de incendio gener\u00f3 alerta en la reconocida parrilla local El Fog\u00f3n, ubicada en la intersecci\u00f3n de las calles 18 y 23 de General Pico. El siniestro demand\u00f3 la r\u00e1pida intervenci\u00f3n del personal de emergencias para evitar que el fuego pasara a mayores en el comercio gastron\u00f3mico.<br \/>\n<script async src=\"\/\/pagead2.googlesyndication.com\/pagead\/js\/adsbygoogle.js\"><\/script><br \/>\n<!-- Publi m\u00f3vil interior nota --><br \/>\n<ins class=\"adsbygoogle\" style=\"display: inline-block; width: 320px; height: 100px;\" data-ad-client=\"ca-pub-7250018434179914\" data-ad-slot=\"1040343543\"><\/ins><br \/>\n<script>\n(adsbygoogle = window.adsbygoogle || []).push({});\n<\/script><br \/>\nSeg\u00fan la informaci\u00f3n recabada en el lugar, el incidente se origin\u00f3 cuando se prendi\u00f3 fuego el tiraje de la parrilla. La situaci\u00f3n provoc\u00f3 un gran susto a los trabajadores que se encontraban en el establecimiento en ese momento, especialmente al observar que las llamas comenzaban a salir por la chimenea de las instalaciones.<\/p>\n<p><strong>El accionar del personal de emergencias<\/strong><br \/>\nAnte la urgencia del caso, se dio aviso inmediato a los Bomberos Voluntarios de la ciudad. A los pocos minutos, una dotaci\u00f3n completa con su respectivo autobomba se hizo presente en la c\u00e9ntrica esquina para tomar el control de la situaci\u00f3n.<\/p>\n<p>Tal como se pudo observar durante el operativo, el personal bomberil debi\u00f3 desplegar una escalera para acceder al techo del local y trabajar directamente sobre el conducto de ventilaci\u00f3n. Gracias a este r\u00e1pido y profesional despliegue, lograron sofocar el foco \u00edgneo, enfriar el \u00e1rea y llevar tranquilidad tanto a la empleada del lugar como a los transe\u00fantes y vecinos del sector.<\/p>\n<p>Fuente y foto: infopico.com<\/p>\n","protected":false},"excerpt":{"rendered":"<p>Un principio de incendio gener\u00f3 alerta en la reconocida parrilla local El Fog\u00f3n, ubicada en la intersecci\u00f3n de las calles 18 y 23 de General Pico. El siniestro demand\u00f3 la&hellip;<\/p>\n","protected":false},"author":4,"featured_media":511866,"comment_status":"closed","ping_status":"open","sticky":false,"template":"","format":"standard","meta":{"footnotes":""},"categories":[13],"tags":[],"class_list":["post-511865","post","type-post","status-publish","format-standard","has-post-thumbnail","hentry","category-provincia"],"jetpack_featured_media_url":"https:\/\/www.planbnoticias.com.ar\/wp-content\/uploads\/2026\/08\/incendio-pico.jpeg","_links":{"self":[{"href":"https:\/\/www.planbnoticias.com.ar\/index.php\/wp-json\/wp\/v2\/posts\/511865","targetHints":{"allow":["GET"]}}],"collection":[{"href":"https:\/\/www.planbnoticias.com.ar\/index.php\/wp-json\/wp\/v2\/posts"}],"about":[{"href":"https:\/\/www.planbnoticias.com.ar\/index.php\/wp-json\/wp\/v2\/types\/post"}],"author":[{"embeddable":true,"href":"https:\/\/www.planbnoticias.com.ar\/index.php\/wp-json\/wp\/v2\/users\/4"}],"replies":[{"embeddable":true,"href":"https:\/\/www.planbnoticias.com.ar\/index.php\/wp-json\/wp\/v2\/comments?post=511865"}],"version-history":[{"count":1,"href":"https:\/\/www.planbnoticias.com.ar\/index.php\/wp-json\/wp\/v2\/posts\/511865\/revisions"}],"predecessor-version":[{"id":511867,"href":"https:\/\/www.planbnoticias.com.ar\/index.php\/wp-json\/wp\/v2\/posts\/511865\/revisions\/511867"}],"wp:featuredmedia":[{"embeddable":true,"href":"https:\/\/www.planbnoticias.com.ar\/index.php\/wp-json\/wp\/v2\/media\/511866"}],"wp:attachment":[{"href":"https:\/\/www.planbnoticias.com.ar\/index.php\/wp-json\/wp\/v2\/media?parent=511865"}],"wp:term":[{"taxonomy":"category","embeddable":true,"href":"https:\/\/www.planbnoticias.com.ar\/index.php\/wp-json\/wp\/v2\/categories?post=511865"},{"taxonomy":"post_tag","embeddable":true,"href":"https:\/\/www.planbnoticias.com.ar\/index.php\/wp-json\/wp\/v2\/tags?post=511865"}],"curies":[{"name":"wp","href":"https:\/\/api.w.org\/{rel}","templated":true}]}}