{"id":511874,"date":"2026-08-31T11:34:24","date_gmt":"2026-08-31T14:34:24","guid":{"rendered":"https:\/\/www.planbnoticias.com.ar\/?p=511874"},"modified":"2026-08-31T11:35:13","modified_gmt":"2026-08-31T14:35:13","slug":"lezcano-a-di-napoli-hoy-reniega-del-mismo-mecanismo-que-lo-llevo-a-la-intendencia","status":"publish","type":"post","link":"https:\/\/www.planbnoticias.com.ar\/index.php\/2026\/08\/31\/lezcano-a-di-napoli-hoy-reniega-del-mismo-mecanismo-que-lo-llevo-a-la-intendencia\/","title":{"rendered":"Lezcano a Di N\u00e1poli: \u201cHoy reniega del mismo mecanismo que lo llev\u00f3 a la Intendencia\u201d"},"content":{"rendered":"<p><img fetchpriority=\"high\" decoding=\"async\" src=\"https:\/\/www.planbnoticias.com.ar\/wp-content\/uploads\/2026\/06\/lezcano.jpeg\" alt=\"\" width=\"1600\" height=\"1066\" class=\"alignnone size-full wp-image-503372\" srcset=\"https:\/\/www.planbnoticias.com.ar\/wp-content\/uploads\/2026\/06\/lezcano.jpeg 1600w, https:\/\/www.planbnoticias.com.ar\/wp-content\/uploads\/2026\/06\/lezcano-300x200.jpeg 300w, https:\/\/www.planbnoticias.com.ar\/wp-content\/uploads\/2026\/06\/lezcano-1024x682.jpeg 1024w, https:\/\/www.planbnoticias.com.ar\/wp-content\/uploads\/2026\/06\/lezcano-768x512.jpeg 768w, https:\/\/www.planbnoticias.com.ar\/wp-content\/uploads\/2026\/06\/lezcano-1536x1023.jpeg 1536w, https:\/\/www.planbnoticias.com.ar\/wp-content\/uploads\/2026\/06\/lezcano-1170x780.jpeg 1170w, https:\/\/www.planbnoticias.com.ar\/wp-content\/uploads\/2026\/06\/lezcano-585x390.jpeg 585w, https:\/\/www.planbnoticias.com.ar\/wp-content\/uploads\/2026\/06\/lezcano-263x175.jpeg 263w\" sizes=\"(max-width: 1600px) 100vw, 1600px\" \/><br \/>\nEl dirigente de Identidad Peronista, Jorge Lezcano, sali\u00f3 al cruce de las declaraciones de Luciano di N\u00e1poli, quien hab\u00eda cuestionado la falta de \u201cgarant\u00edas\u201d para participar de una interna del Partido Justicialista. Lezcano record\u00f3 las elecciones internas de 2011 y 2019, plante\u00f3 que ambas dejaron \u201cdudas que nunca se terminaron de despejar\u201d y cuestion\u00f3 que el actual intendente de Santa Rosa reniegue ahora del mismo mecanismo partidario que, seg\u00fan remarc\u00f3, le permiti\u00f3 llegar a la Intendencia.<br \/>\n<script async src=\"\/\/pagead2.googlesyndication.com\/pagead\/js\/adsbygoogle.js\"><\/script><br \/>\n<!-- Publi m\u00f3vil interior nota --><br \/>\n<ins class=\"adsbygoogle\" style=\"display: inline-block; width: 320px; height: 100px;\" data-ad-client=\"ca-pub-7250018434179914\" data-ad-slot=\"1040343543\"><\/ins><br \/>\n<script>\n(adsbygoogle = window.adsbygoogle || []).push({});\n<\/script><br \/>\nLezcano se refiri\u00f3 a las declaraciones de di N\u00e1poli en las que expres\u00f3 que en las internas del peronismo \u201cno hay garant\u00edas\u201c, sobre esto declar\u00f3 que: \u201cMe llama la atenci\u00f3n escuchar a di N\u00e1poli decir que no est\u00e1n dadas las garant\u00edas para participar de una interna. Desde Identidad Peronista vivimos dos internas muy dif\u00edciles de explicar pol\u00edticamente, la de 2011 y la de 2019. En ambas casos llegamos como favoritos, tanto por lo que mostraban las encuestas como por lo que se percib\u00eda en la calle y, sin embargo, terminamos perdiendo. En 2019, adem\u00e1s, di N\u00e1poli fue proclamado ganador por menos de 100 votos. Esas circunstancias dejaron dudas que nunca se terminaron de despejar\u201d.<\/p>\n<p>Detall\u00f3 que \u00abPor eso, que hoy sea el propio di N\u00e1poli, que result\u00f3 ganador en 2019, quien diga que no existen garant\u00edas para volver a competir, no es un dato menor. Sus palabras terminan d\u00e1ndole una enorme fuerza a lo que nosotros venimos sosteniendo desde hace a\u00f1os sobre aquellas internas. Evidentemente, nuestras dudas ten\u00edan fundamentos, y hoy las termina poniendo sobre la mesa alguien que, en aquel momento, estuvo del lado de los ganadores\u201d.<\/p>\n<p>Lezcano avanz\u00f3 en su an\u00e1lisis diciendo: \u201cse suma a la vieja costumbre de la pol\u00edtica de llamar \u201cfalta de garant\u00edas\u201d al momento en el que se pierde seguridad sobre el resultado. Luciano di N\u00e1poli dice ahora que en el Partido Justicialista no hay garant\u00edas, pero la \u00fanica vez que particip\u00f3 en una interna, gan\u00f3. Cuando los dirigentes tradicionales acompa\u00f1an, cuando los que aseguran el poder desde adentro de la estructura est\u00e1n detr\u00e1s de su candidatura, present\u00e1ndolo, acompa\u00f1\u00e1ndolo y abri\u00e9ndole camino, parece que las garant\u00edas funcionan. Nadie escuch\u00f3 entonces quejas sobre el sistema.<\/p>\n<p>El verdadero valor pol\u00edtico est\u00e1 en asumir las candidaturas internas sin padrinazgos. Pero hay una regla todav\u00eda m\u00e1s antigua en pol\u00edtica: siempre conviene tener memoria.<\/p>\n<p>Y avanzando sobre su concepto, el dirigente de Identidad dijo: \u201cUno puede discutir con quienes lo acompa\u00f1aron, cambiar de sector, construir otra mayor\u00eda y hasta aspirar a conducir. Todo eso forma parte de la pol\u00edtica. Lo que resulta bastante menos elegante es renegar del mecanismo que lo llev\u00f3 a uno hasta donde est\u00e1 una vez que ese mecanismo deja de garantizarle el pr\u00f3ximo escal\u00f3n.<\/p>\n<p>Di N\u00e1poli deber\u00eda saberlo mejor que nadie. Su primer mandato como intendente naci\u00f3 de una interna. De una competencia dentro del peronismo. De esas mismas bases partidarias que hoy parecen transformarse, repentinamente, en un espacio sin garant\u00edas. Las bases son las que no vienen con garant\u00eda institucional. Nosotros elegimos respetarlas siempre, aunque eso signifique perder\u201d.<\/p>\n<p>Y Lezcano defini\u00f3: \u201cHace tiempo venimos diciendo que las traiciones importantes en pol\u00edtica no ocurren entre dirigentes. Los dirigentes se juntan, se separan, acuerdan, discuten y vuelven a encontrarse. Las verdaderas traiciones son a las causas. Por eso, antes de preocuparse tanto por las garant\u00edas que ofrece el Partido Justicialista, quiz\u00e1 convendr\u00eda revisar otra garant\u00eda mucho m\u00e1s importante, la que representa la causa que el peronismo sostuvo en toda su historia de militancia.<\/p>\n<p>Finalmente, expres\u00f3 que \u00abPorque en pol\u00edtica se puede cambiar de estrategia. Se puede cambiar de aliados. Se puede, incluso, cambiar de vereda. Lo que resulta dif\u00edcil es cambiar la historia. Y la historia tiene una mala costumbre, se acuerda de todo. Nos debemos a la responsabilidad de cuidar el bienestar del pueblo de La Pampa por encima de cualquier apetito personal de poder. Esa es la \u00fanica garant\u00eda que necesitamos sostener a partir de la convicci\u00f3n que nos dice que somos peronistas\u201d.<\/p>\n","protected":false},"excerpt":{"rendered":"<p>El dirigente de Identidad Peronista, Jorge Lezcano, sali\u00f3 al cruce de las declaraciones de Luciano di N\u00e1poli, quien hab\u00eda cuestionado la falta de \u201cgarant\u00edas\u201d para participar de una interna del&hellip;<\/p>\n","protected":false},"author":4,"featured_media":503372,"comment_status":"closed","ping_status":"open","sticky":false,"template":"","format":"standard","meta":{"footnotes":""},"categories":[4],"tags":[],"class_list":["post-511874","post","type-post","status-publish","format-standard","has-post-thumbnail","hentry","category-ciudad"],"jetpack_featured_media_url":"https:\/\/www.planbnoticias.com.ar\/wp-content\/uploads\/2026\/06\/lezcano.jpeg","_links":{"self":[{"href":"https:\/\/www.planbnoticias.com.ar\/index.php\/wp-json\/wp\/v2\/posts\/511874","targetHints":{"allow":["GET"]}}],"collection":[{"href":"https:\/\/www.planbnoticias.com.ar\/index.php\/wp-json\/wp\/v2\/posts"}],"about":[{"href":"https:\/\/www.planbnoticias.com.ar\/index.php\/wp-json\/wp\/v2\/types\/post"}],"author":[{"embeddable":true,"href":"https:\/\/www.planbnoticias.com.ar\/index.php\/wp-json\/wp\/v2\/users\/4"}],"replies":[{"embeddable":true,"href":"https:\/\/www.planbnoticias.com.ar\/index.php\/wp-json\/wp\/v2\/comments?post=511874"}],"version-history":[{"count":1,"href":"https:\/\/www.planbnoticias.com.ar\/index.php\/wp-json\/wp\/v2\/posts\/511874\/revisions"}],"predecessor-version":[{"id":511875,"href":"https:\/\/www.planbnoticias.com.ar\/index.php\/wp-json\/wp\/v2\/posts\/511874\/revisions\/511875"}],"wp:featuredmedia":[{"embeddable":true,"href":"https:\/\/www.planbnoticias.com.ar\/index.php\/wp-json\/wp\/v2\/media\/503372"}],"wp:attachment":[{"href":"https:\/\/www.planbnoticias.com.ar\/index.php\/wp-json\/wp\/v2\/media?parent=511874"}],"wp:term":[{"taxonomy":"category","embeddable":true,"href":"https:\/\/www.planbnoticias.com.ar\/index.php\/wp-json\/wp\/v2\/categories?post=511874"},{"taxonomy":"post_tag","embeddable":true,"href":"https:\/\/www.planbnoticias.com.ar\/index.php\/wp-json\/wp\/v2\/tags?post=511874"}],"curies":[{"name":"wp","href":"https:\/\/api.w.org\/{rel}","templated":true}]}}