{"id":511876,"date":"2026-08-31T11:40:13","date_gmt":"2026-08-31T14:40:13","guid":{"rendered":"https:\/\/www.planbnoticias.com.ar\/?p=511876"},"modified":"2026-08-31T12:00:18","modified_gmt":"2026-08-31T15:00:18","slug":"callejero-fino-continua-incomunicado-y-debera-declarar-ante-la-justicia","status":"publish","type":"post","link":"https:\/\/www.planbnoticias.com.ar\/index.php\/2026\/08\/31\/callejero-fino-continua-incomunicado-y-debera-declarar-ante-la-justicia\/","title":{"rendered":"Callejero Fino contin\u00faa incomunicado y deber\u00e1 declarar ante la Justicia"},"content":{"rendered":"<p><img fetchpriority=\"high\" decoding=\"async\" class=\"alignnone size-full wp-image-511877\" src=\"https:\/\/www.planbnoticias.com.ar\/wp-content\/uploads\/2026\/08\/callejero-fino56.jpg\" alt=\"\" width=\"780\" height=\"480\" srcset=\"https:\/\/www.planbnoticias.com.ar\/wp-content\/uploads\/2026\/08\/callejero-fino56.jpg 780w, https:\/\/www.planbnoticias.com.ar\/wp-content\/uploads\/2026\/08\/callejero-fino56-300x185.jpg 300w, https:\/\/www.planbnoticias.com.ar\/wp-content\/uploads\/2026\/08\/callejero-fino56-768x473.jpg 768w, https:\/\/www.planbnoticias.com.ar\/wp-content\/uploads\/2026\/08\/callejero-fino56-585x360.jpg 585w\" sizes=\"(max-width: 780px) 100vw, 780px\" \/><\/p>\n<p>El cantante de m\u00fasica RKT Sim\u00f3n Alvarenga, conocido art\u00edsticamente como Callejero Fino, fue detenido el domingo por la ma\u00f1ana por conducir un veh\u00edculo sin la patente correspondiente en la zona de Villa La \u00d1ata, partido de Tigre.<br \/>\n<script async src=\"\/\/pagead2.googlesyndication.com\/pagead\/js\/adsbygoogle.js\"><\/script><br \/>\n<!-- Publi m\u00f3vil interior nota --><br \/>\n<ins class=\"adsbygoogle\" style=\"display: inline-block; width: 320px; height: 100px;\" data-ad-client=\"ca-pub-7250018434179914\" data-ad-slot=\"1040343543\"><\/ins><br \/>\n<script>\n(adsbygoogle = window.adsbygoogle || []).push({});\n<\/script><br \/>\nAdem\u00e1s, efectivos policiales le encontraron un arma de guerra con la numeraci\u00f3n limada dentro del mismo.<\/p>\n<p>Seg\u00fan supo la Agencia Noticias Argentinas, el artista contin\u00faa incomunicado en la Comisar\u00eda Tigre 4\u00b0 &#8211; Benav\u00eddez, donde pas\u00f3 la noche, y hoy deber\u00e1 declarar en la Justicia.<\/p>\n<p>De acuerdo con la informaci\u00f3n que trascendi\u00f3, Callejero Fino y su acompa\u00f1ante, identificado como Steven Joel Ricca, circulaban en una Volkswagen Amarok sin patente, cuando fueron detenidos durante un control vehicular llevado a cabo por la Patrulla Municipal de Tigre, en un recorrido preventivo en calle Italia y Ruta 27.<\/p>\n<p>Seg\u00fan mencionaron algunos medios, iban camino al cumplea\u00f1os del cantante y novio de Mar\u00eda Becerra, J. Rei, que se celebraba en una quinta en aquella zona.<\/p>\n<p>La falta de patente en el veh\u00edculo llev\u00f3 a que los efectivos policiales lo inspeccionaran. Durante la requisa, encontraron una pistola Glock calibre .40 con la numeraci\u00f3n suprimida, por lo que ambos quedaron imputados por la portaci\u00f3n ilegal de un arma de guerra.<\/p>\n<p>El abogado del cantante declar\u00f3 a la prensa que el veh\u00edculo circulaba sin patente porque Callejero Fino \u00abestaba grabando un videoclip\u00bb y se la quit\u00f3 para evitar que se viera el n\u00famero en el mismo.<\/p>\n<p>El artista est\u00e1 a la espera de prestar su declaraci\u00f3n en la Justicia en el establecimiento donde est\u00e1 detenido y recibi\u00f3 la visita de su c\u00edrculo \u00edntimo. La pena por portaci\u00f3n ilegal de armas tiene una pena m\u00ednima de 3 a\u00f1os y 6 meses. Adem\u00e1s, es un delito no excarcelable.<\/p>\n<p>A\u00f1os atr\u00e1s, Callejero Fino ya hab\u00eda sido condenado a seis a\u00f1os de prisi\u00f3n por un robo cuando ten\u00eda 20 a\u00f1os. En aquel entonces estuvo cinco meses detenido en un penal y luego continu\u00f3 cumpliendo la pena bajo arresto domiciliario.<\/p>\n<p>Fuente y foto: Agencia NA<\/p>\n","protected":false},"excerpt":{"rendered":"<p>El cantante de m\u00fasica RKT Sim\u00f3n Alvarenga, conocido art\u00edsticamente como Callejero Fino, fue detenido el domingo por la ma\u00f1ana por conducir un veh\u00edculo sin la patente correspondiente en la zona&hellip;<\/p>\n","protected":false},"author":4,"featured_media":511877,"comment_status":"closed","ping_status":"open","sticky":false,"template":"","format":"standard","meta":{"footnotes":""},"categories":[12],"tags":[],"class_list":["post-511876","post","type-post","status-publish","format-standard","has-post-thumbnail","hentry","category-pais"],"jetpack_featured_media_url":"https:\/\/www.planbnoticias.com.ar\/wp-content\/uploads\/2026\/08\/callejero-fino56.jpg","_links":{"self":[{"href":"https:\/\/www.planbnoticias.com.ar\/index.php\/wp-json\/wp\/v2\/posts\/511876","targetHints":{"allow":["GET"]}}],"collection":[{"href":"https:\/\/www.planbnoticias.com.ar\/index.php\/wp-json\/wp\/v2\/posts"}],"about":[{"href":"https:\/\/www.planbnoticias.com.ar\/index.php\/wp-json\/wp\/v2\/types\/post"}],"author":[{"embeddable":true,"href":"https:\/\/www.planbnoticias.com.ar\/index.php\/wp-json\/wp\/v2\/users\/4"}],"replies":[{"embeddable":true,"href":"https:\/\/www.planbnoticias.com.ar\/index.php\/wp-json\/wp\/v2\/comments?post=511876"}],"version-history":[{"count":1,"href":"https:\/\/www.planbnoticias.com.ar\/index.php\/wp-json\/wp\/v2\/posts\/511876\/revisions"}],"predecessor-version":[{"id":511878,"href":"https:\/\/www.planbnoticias.com.ar\/index.php\/wp-json\/wp\/v2\/posts\/511876\/revisions\/511878"}],"wp:featuredmedia":[{"embeddable":true,"href":"https:\/\/www.planbnoticias.com.ar\/index.php\/wp-json\/wp\/v2\/media\/511877"}],"wp:attachment":[{"href":"https:\/\/www.planbnoticias.com.ar\/index.php\/wp-json\/wp\/v2\/media?parent=511876"}],"wp:term":[{"taxonomy":"category","embeddable":true,"href":"https:\/\/www.planbnoticias.com.ar\/index.php\/wp-json\/wp\/v2\/categories?post=511876"},{"taxonomy":"post_tag","embeddable":true,"href":"https:\/\/www.planbnoticias.com.ar\/index.php\/wp-json\/wp\/v2\/tags?post=511876"}],"curies":[{"name":"wp","href":"https:\/\/api.w.org\/{rel}","templated":true}]}}