{"id":511879,"date":"2026-08-31T12:09:38","date_gmt":"2026-08-31T15:09:38","guid":{"rendered":"https:\/\/www.planbnoticias.com.ar\/?p=511879"},"modified":"2026-08-31T12:10:09","modified_gmt":"2026-08-31T15:10:09","slug":"que-tun-que-tan-llega-a-cheje-con-una-propuesta-musical-para-las-infancias","status":"publish","type":"post","link":"https:\/\/www.planbnoticias.com.ar\/index.php\/2026\/08\/31\/que-tun-que-tan-llega-a-cheje-con-una-propuesta-musical-para-las-infancias\/","title":{"rendered":"\u201cQue Tun Que Tan\u201d llega a Cheje con una propuesta musical para las infancias"},"content":{"rendered":"<p><img fetchpriority=\"high\" decoding=\"async\" class=\"alignnone size-full wp-image-511880\" src=\"https:\/\/www.planbnoticias.com.ar\/wp-content\/uploads\/2026\/08\/que-tun-que-tan4.jpg\" alt=\"\" width=\"720\" height=\"594\" srcset=\"https:\/\/www.planbnoticias.com.ar\/wp-content\/uploads\/2026\/08\/que-tun-que-tan4.jpg 720w, https:\/\/www.planbnoticias.com.ar\/wp-content\/uploads\/2026\/08\/que-tun-que-tan4-300x248.jpg 300w, https:\/\/www.planbnoticias.com.ar\/wp-content\/uploads\/2026\/08\/que-tun-que-tan4-585x483.jpg 585w\" sizes=\"(max-width: 720px) 100vw, 720px\" \/><\/p>\n<p>El d\u00fao \u201cQue Tun Que Tan\u201d, integrado por las m\u00fasicas, cantantes y docentes de m\u00fasica Ver\u00f3nica Baraybar y Analia Arrieta, se presentar\u00e1 este s\u00e1bado 5 de septiembre a las 17 en Cheje Casa Cultural, ubicada en Alvear 455, con un espect\u00e1culo pensado especialmente para las infancias y para disfrutar en familia.<br \/>\n<script async src=\"\/\/pagead2.googlesyndication.com\/pagead\/js\/adsbygoogle.js\"><\/script><br \/>\n<!-- Publi m\u00f3vil interior nota --><br \/>\n<ins class=\"adsbygoogle\" style=\"display: inline-block; width: 320px; height: 100px;\" data-ad-client=\"ca-pub-7250018434179914\" data-ad-slot=\"1040343543\"><\/ins><br \/>\n<script>\n(adsbygoogle = window.adsbygoogle || []).push({});\n<\/script><br \/>\nLa propuesta combina canciones propias y un repertorio conocido por los ni\u00f1os, junto con juegos y relatos sonoros que buscan generar un espacio de encuentro, imaginaci\u00f3n y exploraci\u00f3n a trav\u00e9s de la m\u00fasica.<\/p>\n<p>Baraybar y Arrieta son docentes de m\u00fasica y desarrollan una propuesta art\u00edstica inspirada en las infancias, con un concierto participativo que invita a los m\u00e1s chicos a involucrarse y disfrutar de diferentes experiencias sonoras.<\/p>\n<p>El espect\u00e1culo est\u00e1 pensado para toda la familia y tendr\u00e1 lugar el s\u00e1bado a partir de las 17.<\/p>\n<p>Las entradas anticipadas tienen un valor de $8.000 y tambi\u00e9n se ofrecen promociones de 3&#215;2 y 4&#215;3. Para realizar reservas o consultar por las promociones, se puede contactar a Analia Arrieta al 2954-864580.<\/p>\n","protected":false},"excerpt":{"rendered":"<p>El d\u00fao \u201cQue Tun Que Tan\u201d, integrado por las m\u00fasicas, cantantes y docentes de m\u00fasica Ver\u00f3nica Baraybar y Analia Arrieta, se presentar\u00e1 este s\u00e1bado 5 de septiembre a las 17&hellip;<\/p>\n","protected":false},"author":4,"featured_media":511880,"comment_status":"closed","ping_status":"open","sticky":false,"template":"","format":"standard","meta":{"footnotes":""},"categories":[5],"tags":[],"class_list":["post-511879","post","type-post","status-publish","format-standard","has-post-thumbnail","hentry","category-cultura"],"jetpack_featured_media_url":"https:\/\/www.planbnoticias.com.ar\/wp-content\/uploads\/2026\/08\/que-tun-que-tan4.jpg","_links":{"self":[{"href":"https:\/\/www.planbnoticias.com.ar\/index.php\/wp-json\/wp\/v2\/posts\/511879","targetHints":{"allow":["GET"]}}],"collection":[{"href":"https:\/\/www.planbnoticias.com.ar\/index.php\/wp-json\/wp\/v2\/posts"}],"about":[{"href":"https:\/\/www.planbnoticias.com.ar\/index.php\/wp-json\/wp\/v2\/types\/post"}],"author":[{"embeddable":true,"href":"https:\/\/www.planbnoticias.com.ar\/index.php\/wp-json\/wp\/v2\/users\/4"}],"replies":[{"embeddable":true,"href":"https:\/\/www.planbnoticias.com.ar\/index.php\/wp-json\/wp\/v2\/comments?post=511879"}],"version-history":[{"count":1,"href":"https:\/\/www.planbnoticias.com.ar\/index.php\/wp-json\/wp\/v2\/posts\/511879\/revisions"}],"predecessor-version":[{"id":511881,"href":"https:\/\/www.planbnoticias.com.ar\/index.php\/wp-json\/wp\/v2\/posts\/511879\/revisions\/511881"}],"wp:featuredmedia":[{"embeddable":true,"href":"https:\/\/www.planbnoticias.com.ar\/index.php\/wp-json\/wp\/v2\/media\/511880"}],"wp:attachment":[{"href":"https:\/\/www.planbnoticias.com.ar\/index.php\/wp-json\/wp\/v2\/media?parent=511879"}],"wp:term":[{"taxonomy":"category","embeddable":true,"href":"https:\/\/www.planbnoticias.com.ar\/index.php\/wp-json\/wp\/v2\/categories?post=511879"},{"taxonomy":"post_tag","embeddable":true,"href":"https:\/\/www.planbnoticias.com.ar\/index.php\/wp-json\/wp\/v2\/tags?post=511879"}],"curies":[{"name":"wp","href":"https:\/\/api.w.org\/{rel}","templated":true}]}}