{"id":511888,"date":"2026-08-31T12:34:45","date_gmt":"2026-08-31T15:34:45","guid":{"rendered":"https:\/\/www.planbnoticias.com.ar\/?p=511888"},"modified":"2026-08-31T12:34:45","modified_gmt":"2026-08-31T15:34:45","slug":"gobbi-el-agua-no-conoce-de-limites-administrativos-y-debemos-planificar-en-conjunto","status":"publish","type":"post","link":"https:\/\/www.planbnoticias.com.ar\/index.php\/2026\/08\/31\/gobbi-el-agua-no-conoce-de-limites-administrativos-y-debemos-planificar-en-conjunto\/","title":{"rendered":"Gobbi: \u201cEl agua no conoce de l\u00edmites administrativos y debemos planificar en conjunto\u201d"},"content":{"rendered":"<p><img fetchpriority=\"high\" decoding=\"async\" class=\"alignnone size-full wp-image-511889\" src=\"https:\/\/www.planbnoticias.com.ar\/wp-content\/uploads\/2026\/08\/gobbi123.jpeg\" alt=\"\" width=\"1280\" height=\"960\" srcset=\"https:\/\/www.planbnoticias.com.ar\/wp-content\/uploads\/2026\/08\/gobbi123.jpeg 1280w, https:\/\/www.planbnoticias.com.ar\/wp-content\/uploads\/2026\/08\/gobbi123-300x225.jpeg 300w, https:\/\/www.planbnoticias.com.ar\/wp-content\/uploads\/2026\/08\/gobbi123-1024x768.jpeg 1024w, https:\/\/www.planbnoticias.com.ar\/wp-content\/uploads\/2026\/08\/gobbi123-768x576.jpeg 768w, https:\/\/www.planbnoticias.com.ar\/wp-content\/uploads\/2026\/08\/gobbi123-1170x878.jpeg 1170w, https:\/\/www.planbnoticias.com.ar\/wp-content\/uploads\/2026\/08\/gobbi123-585x439.jpeg 585w\" sizes=\"(max-width: 1280px) 100vw, 1280px\" \/><\/p>\n<p>La provincia de La Pampa y la provincia de Buenos Aires avanzan en una estrategia conjunta para prevenir y atender posibles escenarios de excedentes h\u00eddricos vinculados al fen\u00f3meno de El Ni\u00f1o, a trav\u00e9s de un convenio que contempla la planificaci\u00f3n coordinada y la implementaci\u00f3n de un sistema de alerta temprana. El secretario de Recursos H\u00eddricos de La Pampa, Jos\u00e9 Gobbi, destac\u00f3 que ambas jurisdicciones comparten cuencas y remarc\u00f3 que \u201cel agua no conoce de l\u00edmites administrativos\u201d.<br \/>\n<script async src=\"\/\/pagead2.googlesyndication.com\/pagead\/js\/adsbygoogle.js\"><\/script><br \/>\n<!-- Publi m\u00f3vil interior nota --><br \/>\n<ins class=\"adsbygoogle\" style=\"display: inline-block; width: 320px; height: 100px;\" data-ad-client=\"ca-pub-7250018434179914\" data-ad-slot=\"1040343543\"><\/ins><br \/>\n<script>\n(adsbygoogle = window.adsbygoogle || []).push({});\n<\/script><br \/>\nDurante la presentaci\u00f3n del convenio, Gobbi explic\u00f3 que La Pampa y Buenos Aires comparten, desde el punto de vista h\u00eddrico, al menos dos cuencas: la del r\u00edo Colorado y la del r\u00edo Quinto. En ese marco, se\u00f1al\u00f3 que las proyecciones de especialistas anticipan para el futuro inmediato un fen\u00f3meno de El Ni\u00f1o de \u201cintensidad severa\u201d, por lo que consider\u00f3 necesario fortalecer la planificaci\u00f3n conjunta.<\/p>\n<p>\u201cSi bien la cuenca del r\u00edo Quinto, en la porci\u00f3n noroeste de la provincia de Buenos Aires y noreste de La Pampa, es una zona tangencial a lo que hist\u00f3ricamente conocemos como el \u00e1rea de afectaci\u00f3n directa cuando se generan este tipo de fen\u00f3menos clim\u00e1ticos, la mejor prescripci\u00f3n es prepararnos, abordar y planificar las respuestas en forma coordinada\u201d, sostuvo.<\/p>\n<p>El funcionario puso como ejemplo distintas zonas que podr\u00edan verse afectadas ante un escenario de excedentes. Entre ellas mencion\u00f3 el escurrimiento del r\u00edo Quinto que, cuando se registran excesos h\u00eddricos, puede generar inconvenientes en la transitabilidad.<\/p>\n<p>Gobbi tambi\u00e9n explic\u00f3 que, hasta ahora, no exist\u00eda una planificaci\u00f3n formal y coordinada con Buenos Aires para abordar eventuales derrames hacia esa provincia desde la zona de amortiguamiento del \u00e1rea de los Daneses. En ese sentido, destac\u00f3 la importancia de establecer mecanismos conjuntos para actuar ante una situaci\u00f3n de esas caracter\u00edsticas: \u201cEstamos todos en el mismo barco\u201d, resumi\u00f3 el secretario de Recursos H\u00eddricos, quien se\u00f1al\u00f3 que el convenio formaliza un trabajo que ambas provincias vienen desarrollando desde hace algunos meses.<\/p>\n<p>Finalmente, remarc\u00f3 que ya se vienen implementando medidas coordinadas para estructurar un sistema de alerta temprano y que el objetivo central es definir con anticipaci\u00f3n las acciones a seguir frente a un eventual escenario de exceso h\u00eddrico: \u201cSi nos toca un escenario de excesos h\u00eddricos, saber qu\u00e9 hacer y hacerlo fundamentalmente en forma coordinada para que los potenciales da\u00f1os que un escenario de ese tipo nos genere sean los menores posibles para todos los involucrados\u201d, concluy\u00f3.<\/p>\n","protected":false},"excerpt":{"rendered":"<p>La provincia de La Pampa y la provincia de Buenos Aires avanzan en una estrategia conjunta para prevenir y atender posibles escenarios de excedentes h\u00eddricos vinculados al fen\u00f3meno de El&hellip;<\/p>\n","protected":false},"author":4,"featured_media":511889,"comment_status":"closed","ping_status":"open","sticky":false,"template":"","format":"standard","meta":{"footnotes":""},"categories":[13],"tags":[],"class_list":["post-511888","post","type-post","status-publish","format-standard","has-post-thumbnail","hentry","category-provincia"],"jetpack_featured_media_url":"https:\/\/www.planbnoticias.com.ar\/wp-content\/uploads\/2026\/08\/gobbi123.jpeg","_links":{"self":[{"href":"https:\/\/www.planbnoticias.com.ar\/index.php\/wp-json\/wp\/v2\/posts\/511888","targetHints":{"allow":["GET"]}}],"collection":[{"href":"https:\/\/www.planbnoticias.com.ar\/index.php\/wp-json\/wp\/v2\/posts"}],"about":[{"href":"https:\/\/www.planbnoticias.com.ar\/index.php\/wp-json\/wp\/v2\/types\/post"}],"author":[{"embeddable":true,"href":"https:\/\/www.planbnoticias.com.ar\/index.php\/wp-json\/wp\/v2\/users\/4"}],"replies":[{"embeddable":true,"href":"https:\/\/www.planbnoticias.com.ar\/index.php\/wp-json\/wp\/v2\/comments?post=511888"}],"version-history":[{"count":1,"href":"https:\/\/www.planbnoticias.com.ar\/index.php\/wp-json\/wp\/v2\/posts\/511888\/revisions"}],"predecessor-version":[{"id":511890,"href":"https:\/\/www.planbnoticias.com.ar\/index.php\/wp-json\/wp\/v2\/posts\/511888\/revisions\/511890"}],"wp:featuredmedia":[{"embeddable":true,"href":"https:\/\/www.planbnoticias.com.ar\/index.php\/wp-json\/wp\/v2\/media\/511889"}],"wp:attachment":[{"href":"https:\/\/www.planbnoticias.com.ar\/index.php\/wp-json\/wp\/v2\/media?parent=511888"}],"wp:term":[{"taxonomy":"category","embeddable":true,"href":"https:\/\/www.planbnoticias.com.ar\/index.php\/wp-json\/wp\/v2\/categories?post=511888"},{"taxonomy":"post_tag","embeddable":true,"href":"https:\/\/www.planbnoticias.com.ar\/index.php\/wp-json\/wp\/v2\/tags?post=511888"}],"curies":[{"name":"wp","href":"https:\/\/api.w.org\/{rel}","templated":true}]}}