{"id":511891,"date":"2026-08-31T12:52:44","date_gmt":"2026-08-31T15:52:44","guid":{"rendered":"https:\/\/www.planbnoticias.com.ar\/?p=511891"},"modified":"2026-08-31T12:53:25","modified_gmt":"2026-08-31T15:53:25","slug":"katopodis-hay-290-mil-millones-que-deberian-estar-invertidos-ya-en-las-provincias","status":"publish","type":"post","link":"https:\/\/www.planbnoticias.com.ar\/index.php\/2026\/08\/31\/katopodis-hay-290-mil-millones-que-deberian-estar-invertidos-ya-en-las-provincias\/","title":{"rendered":"Katopodis: \u201cHay $290 mil millones que deber\u00edan estar invertidos ya en las provincias\u201d"},"content":{"rendered":"<p><img fetchpriority=\"high\" decoding=\"async\" class=\"alignnone size-full wp-image-511892\" src=\"https:\/\/www.planbnoticias.com.ar\/wp-content\/uploads\/2026\/08\/katopodis.jpeg\" alt=\"\" width=\"1280\" height=\"960\" srcset=\"https:\/\/www.planbnoticias.com.ar\/wp-content\/uploads\/2026\/08\/katopodis.jpeg 1280w, https:\/\/www.planbnoticias.com.ar\/wp-content\/uploads\/2026\/08\/katopodis-300x225.jpeg 300w, https:\/\/www.planbnoticias.com.ar\/wp-content\/uploads\/2026\/08\/katopodis-1024x768.jpeg 1024w, https:\/\/www.planbnoticias.com.ar\/wp-content\/uploads\/2026\/08\/katopodis-768x576.jpeg 768w, https:\/\/www.planbnoticias.com.ar\/wp-content\/uploads\/2026\/08\/katopodis-1170x878.jpeg 1170w, https:\/\/www.planbnoticias.com.ar\/wp-content\/uploads\/2026\/08\/katopodis-585x439.jpeg 585w\" sizes=\"(max-width: 1280px) 100vw, 1280px\" \/><\/p>\n<p>El ministro de Infraestructura y Servicios P\u00fablicos de la provincia de Buenos Aires, Gabriel Katopodis, destac\u00f3 el trabajo conjunto entre La Pampa y Buenos Aires para anticiparse al escenario clim\u00e1tico previsto y reclam\u00f3 al Gobierno nacional que utilice los recursos del Fondo H\u00eddrico para financiar obras de prevenci\u00f3n. En ese sentido, asegur\u00f3 que actualmente hay $290.000 millones depositados en instrumentos financieros que, seg\u00fan sostuvo, deber\u00edan estar destinados a obras en las provincias.<br \/>\n<script async src=\"\/\/pagead2.googlesyndication.com\/pagead\/js\/adsbygoogle.js\"><\/script><br \/>\n<!-- Publi m\u00f3vil interior nota --><br \/>\n<ins class=\"adsbygoogle\" style=\"display: inline-block; width: 320px; height: 100px;\" data-ad-client=\"ca-pub-7250018434179914\" data-ad-slot=\"1040343543\"><\/ins><br \/>\n<script>\n(adsbygoogle = window.adsbygoogle || []).push({});\n<\/script><br \/>\nKatopodis record\u00f3 que el convenio firmado entre ambas jurisdicciones tiene como antecedente inmediato la reuni\u00f3n del Comit\u00e9 T\u00e9cnico realizada el 11 de agosto, a partir de una instancia impulsada por los mandatarios y de un pedido particular del gobernador pampeano al Gobierno nacional para poner r\u00e1pidamente en marcha las medidas necesarias. Explic\u00f3, los gobernadores reclamaron por unanimidad \u201cel uso responsable, efectivo de los fondos del Fondo H\u00eddrico\u201d. Seg\u00fan plante\u00f3, el Gobierno nacional tiene una responsabilidad fundamental para que las provincias puedan prepararse frente a un escenario clim\u00e1tico extremo que, afirm\u00f3, est\u00e1 \u201cfuertemente pronosticado y anunciado\u201d.<\/p>\n<p>Maniest\u00f3 que \u201cSon 290.000 millones de pesos que el Fondo H\u00eddrico tiene hoy depositado en letras, en alg\u00fan plazo fijo, pero no en el destino que la ley indica y que tendr\u00eda que estar invertido ya en cada una de las provincias para obras que pudiesen prevenir mejor la situaci\u00f3n que vamos a enfrentar\u201d, cuestion\u00f3.<\/p>\n<p>La herramienta permitir\u00e1 que las dos provincias y los municipios ubicados en la cuenca y la regi\u00f3n puedan conocer \u201cen tiempo real qu\u00e9 est\u00e1 pasando minuto a minuto\u201d, explic\u00f3.<\/p>\n<p>Tambi\u00e9n destac\u00f3 que el acuerdo permitir\u00e1 avanzar en acciones de prevenci\u00f3n y administraci\u00f3n de los excedentes h\u00eddricos, coordinando entre ambas jurisdicciones las decisiones necesarias frente a eventuales escenarios de exceso de agua.<\/p>\n<p>Por otra parte, el funcionario puso en valor el trabajo conjunto que vienen desarrollando los gobernadores Sergio Ziliotto y Axel Kicillof y volvi\u00f3 a cuestionar al Gobierno nacional por las obras p\u00fablicas paralizadas desde diciembre de 2023: \u201cAmbas provincias y ambos gobernadores han sido muy firmes en el reclamo de la obra p\u00fablica y en la necesidad de que el Gobierno nacional termine las 2.300 obras que dej\u00f3 paralizadas el 10 de diciembre de 2023\u201d, sostuvo.<\/p>\n<p>Finalmente, se refiri\u00f3 a las rutas nacionales abandonadas y se\u00f1al\u00f3 que ambas provincias est\u00e1n dispuestas a hacerse cargo de ellas, aunque reclam\u00f3 que el eventual traspaso se concrete junto con los fondos correspondientes: \u201cTenemos que hacernos cargo de ese abandono, porque est\u00e1 en juego la vida de cientos de miles de familias y est\u00e1 en juego el desarrollo de toda esta regi\u00f3n\u201d, afirm\u00f3.<\/p>\n","protected":false},"excerpt":{"rendered":"<p>El ministro de Infraestructura y Servicios P\u00fablicos de la provincia de Buenos Aires, Gabriel Katopodis, destac\u00f3 el trabajo conjunto entre La Pampa y Buenos Aires para anticiparse al escenario clim\u00e1tico&hellip;<\/p>\n","protected":false},"author":4,"featured_media":511892,"comment_status":"closed","ping_status":"open","sticky":false,"template":"","format":"standard","meta":{"footnotes":""},"categories":[13],"tags":[],"class_list":["post-511891","post","type-post","status-publish","format-standard","has-post-thumbnail","hentry","category-provincia"],"jetpack_featured_media_url":"https:\/\/www.planbnoticias.com.ar\/wp-content\/uploads\/2026\/08\/katopodis.jpeg","_links":{"self":[{"href":"https:\/\/www.planbnoticias.com.ar\/index.php\/wp-json\/wp\/v2\/posts\/511891","targetHints":{"allow":["GET"]}}],"collection":[{"href":"https:\/\/www.planbnoticias.com.ar\/index.php\/wp-json\/wp\/v2\/posts"}],"about":[{"href":"https:\/\/www.planbnoticias.com.ar\/index.php\/wp-json\/wp\/v2\/types\/post"}],"author":[{"embeddable":true,"href":"https:\/\/www.planbnoticias.com.ar\/index.php\/wp-json\/wp\/v2\/users\/4"}],"replies":[{"embeddable":true,"href":"https:\/\/www.planbnoticias.com.ar\/index.php\/wp-json\/wp\/v2\/comments?post=511891"}],"version-history":[{"count":2,"href":"https:\/\/www.planbnoticias.com.ar\/index.php\/wp-json\/wp\/v2\/posts\/511891\/revisions"}],"predecessor-version":[{"id":511894,"href":"https:\/\/www.planbnoticias.com.ar\/index.php\/wp-json\/wp\/v2\/posts\/511891\/revisions\/511894"}],"wp:featuredmedia":[{"embeddable":true,"href":"https:\/\/www.planbnoticias.com.ar\/index.php\/wp-json\/wp\/v2\/media\/511892"}],"wp:attachment":[{"href":"https:\/\/www.planbnoticias.com.ar\/index.php\/wp-json\/wp\/v2\/media?parent=511891"}],"wp:term":[{"taxonomy":"category","embeddable":true,"href":"https:\/\/www.planbnoticias.com.ar\/index.php\/wp-json\/wp\/v2\/categories?post=511891"},{"taxonomy":"post_tag","embeddable":true,"href":"https:\/\/www.planbnoticias.com.ar\/index.php\/wp-json\/wp\/v2\/tags?post=511891"}],"curies":[{"name":"wp","href":"https:\/\/api.w.org\/{rel}","templated":true}]}}