{"id":511904,"date":"2026-08-31T15:45:27","date_gmt":"2026-08-31T18:45:27","guid":{"rendered":"https:\/\/www.planbnoticias.com.ar\/?p=511904"},"modified":"2026-08-31T15:45:27","modified_gmt":"2026-08-31T18:45:27","slug":"el-video-y-la-carta-completa-con-la-que-messi-anuncio-su-retiro-de-la-seleccion","status":"publish","type":"post","link":"https:\/\/www.planbnoticias.com.ar\/index.php\/2026\/08\/31\/el-video-y-la-carta-completa-con-la-que-messi-anuncio-su-retiro-de-la-seleccion\/","title":{"rendered":"El video y la carta completa con la que Messi anunci\u00f3 su retiro de la Selecci\u00f3n"},"content":{"rendered":"<p><img fetchpriority=\"high\" decoding=\"async\" class=\"alignnone size-full wp-image-511905\" src=\"https:\/\/www.planbnoticias.com.ar\/wp-content\/uploads\/2026\/08\/messi-1.avif\" alt=\"\" width=\"1052\" height=\"720\" srcset=\"https:\/\/www.planbnoticias.com.ar\/wp-content\/uploads\/2026\/08\/messi-1.avif 1052w, https:\/\/www.planbnoticias.com.ar\/wp-content\/uploads\/2026\/08\/messi-1-300x205.avif 300w, https:\/\/www.planbnoticias.com.ar\/wp-content\/uploads\/2026\/08\/messi-1-1024x701.avif 1024w, https:\/\/www.planbnoticias.com.ar\/wp-content\/uploads\/2026\/08\/messi-1-768x526.avif 768w, https:\/\/www.planbnoticias.com.ar\/wp-content\/uploads\/2026\/08\/messi-1-585x400.avif 585w\" sizes=\"(max-width: 1052px) 100vw, 1052px\" \/><\/p>\n<p>El astro argentino revel\u00f3 su decisi\u00f3n, a casi un mes y medio de la final del Mundial.<\/p>\n<p>El astro argentino Lionel Messi anunci\u00f3 su retiro de la Selecci\u00f3n, a casi un mes y medio de la gran final del Mundial 2026, con una emotiva carta que comparti\u00f3 en sus redes sociales.<\/p>\n<p>En el comunicado, cont\u00f3 que hab\u00eda escrito la carta dos d\u00edas despu\u00e9s de la final en la que cayeron 1-0 ante Espa\u00f1a, y que despu\u00e9s del fallecimiento de su padre Jorge est\u00e1 m\u00e1s convencido que antes.<\/p>\n<p>La carta completa con la que Messi anunci\u00f3 su retiro de la Selecci\u00f3n argentina<br \/>\nDespu\u00e9s de este tiempo que pas\u00f3 desde la final, pens\u00e1ndolo mucho, quiero comunicarles a todos que me retiro de la Selecci\u00f3n&#8230;<\/p>\n<p>Fue una decisi\u00f3n que doli\u00f3 y duele en el alma pero entiendo que es el momento. Les juro que siempre dej\u00e9 todo, no solo los \u00faltimos a\u00f1os que se gan\u00f3 todo antes tambi\u00e9n y siempre pele\u00e9 y me dej\u00e9 todo por esta camiseta, por darles alegr\u00edas y hacer que se sientan orgullosos de ser argentinos a trav\u00e9s del f\u00fatbol.<\/p>\n<p>Queda poco y se van cerrando etapas y esta es una que me duele mucho. Amo, am\u00e9 y amar\u00e9 siempre estar en la Selecci\u00f3n. Me vaci\u00e9, ya no tengo m\u00e1s para dar y aparte vienen chicos muy grandes atr\u00e1s que merecen estar.<\/p>\n<p>Gracias por todo el cari\u00f1o de estos 20 a\u00f1os. Voy a extra\u00f1ar mucho escucharlos desde adentro. Ahora voy a ser uno m\u00e1s de ustedes, alentando y bancando siempre desde afuera (en las buenas y en las malas, mucho m\u00e1s).<\/p>\n<p>Gracias a mi familia por estar siempre, por acompa\u00f1arme en este viaje tan hermoso pero dif\u00edcil.<\/p>\n<p><iframe style=\"border: none; overflow: hidden;\" src=\"https:\/\/www.facebook.com\/plugins\/video.php?height=476&amp;href=https%3A%2F%2Fwww.facebook.com%2Freel%2F916016251128672%2F&amp;show_text=true&amp;width=380&amp;t=0\" width=\"380\" height=\"591\" frameborder=\"0\" scrolling=\"no\" allowfullscreen=\"allowfullscreen\"><\/iframe><\/p>\n<p>Gracias a cada uno de entrenadores, compa\u00f1eros y dirigentes que me toc\u00f3 compartir. Me llevo recuerdos y momentos inolvidables vividos.<\/p>\n<p>Me voy con la tranquilidad y el orgullo de haberles regalado, juntos con mis compa\u00f1eros, momentos so\u00f1ados. Fue una locura haberlo vivido con ustedes. \u00a1Los quiero!<\/p>\n<p>Gracias Dios por hacerme argentino.<\/p>\n<p>\u00a1Vamos Argentina!<\/p>\n<p>*Estas palabras las escrib\u00ed el 21 de julio, dos d\u00edas despu\u00e9s de la final. Hoy despu\u00e9s de lo de mi pap\u00e1, estoy m\u00e1s convencido que antes.<\/p>\n","protected":false},"excerpt":{"rendered":"<p>El astro argentino revel\u00f3 su decisi\u00f3n, a casi un mes y medio de la final del Mundial. El astro argentino Lionel Messi anunci\u00f3 su retiro de la Selecci\u00f3n, a casi&hellip;<\/p>\n","protected":false},"author":3,"featured_media":511905,"comment_status":"closed","ping_status":"open","sticky":false,"template":"","format":"video","meta":{"footnotes":""},"categories":[6],"tags":[],"class_list":["post-511904","post","type-post","status-publish","format-video","has-post-thumbnail","hentry","category-deportes","post_format-post-format-video"],"jetpack_featured_media_url":"https:\/\/www.planbnoticias.com.ar\/wp-content\/uploads\/2026\/08\/messi-1.avif","_links":{"self":[{"href":"https:\/\/www.planbnoticias.com.ar\/index.php\/wp-json\/wp\/v2\/posts\/511904","targetHints":{"allow":["GET"]}}],"collection":[{"href":"https:\/\/www.planbnoticias.com.ar\/index.php\/wp-json\/wp\/v2\/posts"}],"about":[{"href":"https:\/\/www.planbnoticias.com.ar\/index.php\/wp-json\/wp\/v2\/types\/post"}],"author":[{"embeddable":true,"href":"https:\/\/www.planbnoticias.com.ar\/index.php\/wp-json\/wp\/v2\/users\/3"}],"replies":[{"embeddable":true,"href":"https:\/\/www.planbnoticias.com.ar\/index.php\/wp-json\/wp\/v2\/comments?post=511904"}],"version-history":[{"count":1,"href":"https:\/\/www.planbnoticias.com.ar\/index.php\/wp-json\/wp\/v2\/posts\/511904\/revisions"}],"predecessor-version":[{"id":511906,"href":"https:\/\/www.planbnoticias.com.ar\/index.php\/wp-json\/wp\/v2\/posts\/511904\/revisions\/511906"}],"wp:featuredmedia":[{"embeddable":true,"href":"https:\/\/www.planbnoticias.com.ar\/index.php\/wp-json\/wp\/v2\/media\/511905"}],"wp:attachment":[{"href":"https:\/\/www.planbnoticias.com.ar\/index.php\/wp-json\/wp\/v2\/media?parent=511904"}],"wp:term":[{"taxonomy":"category","embeddable":true,"href":"https:\/\/www.planbnoticias.com.ar\/index.php\/wp-json\/wp\/v2\/categories?post=511904"},{"taxonomy":"post_tag","embeddable":true,"href":"https:\/\/www.planbnoticias.com.ar\/index.php\/wp-json\/wp\/v2\/tags?post=511904"}],"curies":[{"name":"wp","href":"https:\/\/api.w.org\/{rel}","templated":true}]}}