{"id":511909,"date":"2026-08-31T17:16:17","date_gmt":"2026-08-31T20:16:17","guid":{"rendered":"https:\/\/www.planbnoticias.com.ar\/?p=511909"},"modified":"2026-08-31T17:18:20","modified_gmt":"2026-08-31T20:18:20","slug":"suicidio-en-argentina-ya-es-la-principal-causa-de-muerte-entre-los-jovenes","status":"publish","type":"post","link":"https:\/\/www.planbnoticias.com.ar\/index.php\/2026\/08\/31\/suicidio-en-argentina-ya-es-la-principal-causa-de-muerte-entre-los-jovenes\/","title":{"rendered":"Suicidio en Argentina: ya es la principal causa de muerte entre los j\u00f3venes"},"content":{"rendered":"<p><img fetchpriority=\"high\" decoding=\"async\" class=\"alignnone size-full wp-image-511910\" src=\"https:\/\/www.planbnoticias.com.ar\/wp-content\/uploads\/2026\/08\/suicidio.webp\" alt=\"\" width=\"1082\" height=\"720\" srcset=\"https:\/\/www.planbnoticias.com.ar\/wp-content\/uploads\/2026\/08\/suicidio.webp 1082w, https:\/\/www.planbnoticias.com.ar\/wp-content\/uploads\/2026\/08\/suicidio-300x200.webp 300w, https:\/\/www.planbnoticias.com.ar\/wp-content\/uploads\/2026\/08\/suicidio-1024x681.webp 1024w, https:\/\/www.planbnoticias.com.ar\/wp-content\/uploads\/2026\/08\/suicidio-768x511.webp 768w, https:\/\/www.planbnoticias.com.ar\/wp-content\/uploads\/2026\/08\/suicidio-585x389.webp 585w, https:\/\/www.planbnoticias.com.ar\/wp-content\/uploads\/2026\/08\/suicidio-263x175.webp 263w\" sizes=\"(max-width: 1082px) 100vw, 1082px\" \/><\/p>\n<p>Entre 2017 y 2025 el total de casos aument\u00f3 el 57,6%, seg\u00fan la estad\u00edstica oficial. El a\u00f1o pasado 5.209 personas se quitaron la vida.<\/p>\n<p>El \u00faltimo reporte del Sistema Nacional de Informaci\u00f3n Criminal (SNIC, Ministerio de Seguridad) revel\u00f3 un abrumador aumento del suicidio, el m\u00e1s alto registrado en la historia argentina. Hubo 22,6% m\u00e1s v\u00edctimas en 2025 que el a\u00f1o anterior. Al ver los n\u00fameros cuesta optar entre \u2014como sugiere el Observatorio de Pol\u00edtica Criminal\u2014 poner el ojo en la transformaci\u00f3n que experiment\u00f3 la violencia social en el pa\u00eds (bajan los homicidios, crecen los suicidios) o profundizar en otro dato fuerte medido hasta 2024: que el 45% de las 4.249 personas que se hab\u00edan quitado la vida ese a\u00f1o eran adolescentes y j\u00f3venes de entre 15 y 34 a\u00f1os.<\/p>\n<p>Si uno analiza el per\u00edodo 2017-2024, los j\u00f3venes son el grupo etario que m\u00e1s viene subiendo en esta estad\u00edstica. Aunque el reporte m\u00e1s nuevo (de 2025) no consigna el desagregado por edad, pone de relieve un crecimiento de casi dos puntos porcentuales en la tasa poblacional de registros de suicidio.<\/p>\n<p>Con 11,8 v\u00edctimas por cada 100.000 habitantes en 2025 y 9,7 en 2024, el a\u00f1o pasado se dio el mayor salto interanual de esta variable, por lo menos desde 2017. En n\u00fameros absolutos, 5.209 personas se quitaron la vida el a\u00f1o pasado. Inquieta bastante esperar los datos de 2026.<\/p>\n<p>El costado num\u00e9rico de este irrespirable drama invisible y silencioso que cala en los pulmones de todos se cierra con otros dos yunques. El primero es que, si uno cuenta los suicidios consumados en 2017 y los de 2025, el aumento de casos lleg\u00f3 al 57,6% (o 43,9%, si se matiza con el crecimiento poblacional de estos a\u00f1os). El segundo es justamente qui\u00e9nes vienen, despacito y pendiente arriba, empujando el recuento.<\/p>\n<p><script async src=\"\/\/pagead2.googlesyndication.com\/pagead\/js\/adsbygoogle.js\"><\/script><br \/>\n<!-- Publi m\u00f3vil interior nota --><br \/>\n<ins class=\"adsbygoogle\" style=\"display: inline-block; width: 320px; height: 100px;\" data-ad-client=\"ca-pub-7250018434179914\" data-ad-slot=\"1040343543\"><\/ins><br \/>\n<script>\n(adsbygoogle = window.adsbygoogle || []).push({});\n<\/script><\/p>\n<p>Son j\u00f3venes. J\u00f3venes en sus veintes y hasta, como mucho, arrim\u00e1ndose a la mitad de sus treintas. A veces menos, a veces m\u00e1s. J\u00f3venes que se pueden enmarcar en las problem\u00e1ticas de todos los d\u00edas: las dificultades econ\u00f3micas que complican proyectar un futuro (endeudados incluidos). El malestar por la sobreexposici\u00f3n a las pantallas. O los efectos en el relacionamiento social por el uso excesivo de redes sociales. O el consumo problem\u00e1tico de sustancias (todas). Son contextos que existen y se respiran, pero de los que tampoco ser\u00eda acertado afirmar relaciones de causalidad.<\/p>\n<p>Por lo pronto, el tema del suicidio cobr\u00f3 especial relevancia porque el Observatorio de Pol\u00edtica Criminal difundi\u00f3 un informe que hace una lectura distinta de las cifras en alza del SNIC. Advierten un cambio de tendencia en la forma como se viene presentando la violencia hoy.<\/p>\n<p><strong>Los nuevos agredidos, los nuevos agresores<\/strong><\/p>\n<p>El reporte parte de un contrapunto interesante, y es que la tasa de suicidios consumados cuadriplic\u00f3, en 2025, la de homicidios. La primera fue 11,8 y la segunda, 3,6; ambas cada 100.000 habitantes.<\/p>\n<p><strong>El mapa por edades<\/strong><\/p>\n<p>M\u00e1s all\u00e1 de la baja por la cuarentena de 2020, el alza de v\u00edctimas de suicidio hasta 2024 era persistente en j\u00f3venes entre 19 a 34 a\u00f1os. En los adolescentes de 15 a 19, los n\u00fameros vienen siendo estables pero altos, en el \u00faltimo a\u00f1o desagregado disponible por edad.<\/p>\n<p>Ariel Larroude es abogado experto en pol\u00edtica criminal, director de esa ONG y quien aparece como responsable del informe, elocuentemente titulado [Ayuda] Cuando matarse aparece como una opci\u00f3n en la Argentina: \u201cLo que tratamos de mostrar es que, si bien se puede \u2018celebrar\u2019 que Argentina baj\u00f3 mucho los homicidios, hay una trasmutaci\u00f3n de la violencia, que pas\u00f3 de ser interpersonal a personal\u201d.<\/p>\n<p>\u201cSi bien no se cruzan esas variables, en el sentido de que de ninguna manera son las mismas personas las que comet\u00edan homicidio y ahora deciden quitarse la vida, es una fotograf\u00eda del arquetipo de c\u00f3mo est\u00e1 configurada la violencia en Am\u00e9rica Latina y en el pa\u00eds. Esto te obliga a intervenir como Estado\u201d, opin\u00f3.<\/p>\n<p>Cuando Clar\u00edn intent\u00f3 profundizar en el rol que juegan los j\u00f3venes entre esas v\u00edctimas de la violencia (ahora marcadamente \u201cpersonal\u201d, usando las palabras de Larroude), el abogado fue claro: \u201cLa franja de 20 a 34 es la m\u00e1s complicada\u201d.<\/p>\n<p>Los datos no est\u00e1n disponibles en el \u00faltimo SNIC, pero s\u00ed se pueden ver en un pesado Excel del Sistema de Alerta Temprana de Suicidios (SAT-SS), tambi\u00e9n del Ministerio de Seguridad. Seg\u00fan los datos que proces\u00f3 Clar\u00edn, aunque en los adolescentes de 15 a 19 a\u00f1os la tendencia viene siendo pareja e incluso baj\u00f3 20% en 2024 (los datos de 2025 separados por edades no est\u00e1n disponibles a\u00fan), el panorama en los mayores a ellos deber\u00eda poner en alerta a las autoridades.<\/p>\n<p>A la vez, el panorama no pinta muy bien, si en lugar de ver la tendencia interanual se miran los n\u00fameros absolutos. O sea, cu\u00e1ntos chicos se quitaron la vida cada a\u00f1o. Con un pico en 2018 (432 registros), todos los a\u00f1os, alrededor de 380 adolescentes (otra vez: son apenas chicos de 15 a 19 a\u00f1os) resultan v\u00edctimas de suicidio. Como en 2024 se notific\u00f3 una baja importante y Argentina no se destaca por su cultura del dato duro, genera ansiedad conocer si esa baja sigui\u00f3 en 2025 y c\u00f3mo ser\u00e1n las cifras de 2026.<\/p>\n<p>Porque casi 400 suicidios no es un dato tan distante de lo que ocurre en los j\u00f3venes. En 2024, nada menos que 561 j\u00f3venes de 20 a 24 a\u00f1os se quitaron la vida. En los de 25 a 29 lo hicieron 567. Y en los de 30 a 34 a\u00f1os, 486. De la sumatoria de estos parciales se puede concluir que el 45,3% del total nacional de v\u00edctimas de suicidio para 2024 (4.249 casos) fueron adolescentes y personas en su juventud temprana.<\/p>\n<p>Es en esta l\u00ednea que el Observatorio llama la atenci\u00f3n sobre otro viraje sombr\u00edo y relevante: el suicidio en Argentina se volvi\u00f3 la principal causa de muerte en el grupo de 15 a 34 a\u00f1os. Desplaz\u00f3 a la variable que hist\u00f3ricamente hab\u00eda ocupado ese lugar: los accidentes de tr\u00e1nsito.<\/p>\n<p><strong>El desparejo mapa provincial<\/strong><\/p>\n<p>Es llamativo que las cifras de suicidio en Argentina no provengan del Ministerio de Salud sino del de Seguridad. El Bolet\u00edn Epidemiol\u00f3gico Nacional (BEN) consigna intentos y suicidios consumados por semana epidemiol\u00f3gica pero, seg\u00fan la propia cartera a cargo de Mario Lugones, esos datos est\u00e1n \u201cen construcci\u00f3n\u201d.<\/p>\n<p>El subregistro es significativo. El \u00faltimo BEN de 2025 inform\u00f3 748 muertes por suicidio entre las semanas epidemiol\u00f3gicas 1 y 52 mientras que los reportes provinciales recopilados por el Sistema Nacional de Informaci\u00f3n Criminal (SNIC) del Ministerio de Seguridad superan las 5.200 v\u00edctimas.<\/p>\n<p>Aunque la intervenci\u00f3n de profesionales de la salud es condici\u00f3n sine qua non ante cada situaci\u00f3n de autolesi\u00f3n seguida de muerte, en Salud explican que el suicidio se incorpor\u00f3 como evento de notificaci\u00f3n obligatoria reci\u00e9n en 2023, lo que todav\u00eda provoca demoras y falencias en los reportes provinciales al sistema nacional.<\/p>\n<p>Resulta pertinente, entonces, analizar las tasas provinciales. Seg\u00fan el informe del Observatorio de Pol\u00edtica Criminal, basado en datos del SNIC y del SAT-SS, la tasa nacional fue de 11,8 suicidios cada 100.000 habitantes en 2025, casi igual a la bonaerense (11,9), mientras que algunas jurisdicciones est\u00e1n muy por encima.<\/p>\n<p>La m\u00e1s destacada es Entre R\u00edos: 20,8 suicidios por cada 100.000 habitantes en 2025, con un aumento del 81,1% entre 2017 y 2025. En el ranking de las cinco provincias con tasas m\u00e1s altas le siguen San Luis (18,9; variaci\u00f3n 2017-2025: 152,6%), Salta (17,4; 26,6%), Santa Cruz (16; 24,4%) y Catamarca (14,2; 55,3%).<\/p>\n<p>En sentido contrario, las cinco jurisdicciones con las tasas m\u00e1s bajas son R\u00edo Negro (6,5), Neuqu\u00e9n (7,8), Corrientes (8), Ciudad de Buenos Aires (8) y Misiones (8,7). Ninguna de esas provincias registr\u00f3 una ca\u00edda en el n\u00famero de casos salvo Neuqu\u00e9n.<\/p>\n<p>Un dato estremecedor: La Rioja pas\u00f3 de 13 suicidios en 2017 a una tasa poblacional equivalente a 50 por cada 100.000 habitantes en 2025, lo que representa un incremento del 284,6% y la posiciona como la provincia con el mayor contraste en nueve a\u00f1os.<\/p>\n<p>Estos n\u00fameros muestran no solo variaciones geogr\u00e1ficas importantes sino tambi\u00e9n problemas en la recolecci\u00f3n y armonizaci\u00f3n de datos entre ministerios. Mejorar los sistemas de notificaci\u00f3n y coordinar Salud y Seguridad es clave para dise\u00f1ar pol\u00edticas p\u00fablicas eficaces de prevenci\u00f3n y atenci\u00f3n.<\/p>\n<p><strong>La crisis de la salud mental en Argentina<\/strong><\/p>\n<p>El informe destaca que 2025 fue uno de los a\u00f1os con m\u00e1s bajo porcentaje de ejecuci\u00f3n en el presupuesto de salud mental: 31,2%, todav\u00eda menos que el 36% de 2017. \u201cEstamos pidiendo que se declare la emergencia en salud mental para que estas jurisdicciones tengan intervenci\u00f3n del Estado nacional y se les asignen m\u00e1s recursos: m\u00e1s psic\u00f3logos, m\u00e1s expertos en salud mental\u201d, plante\u00f3 Larroude, y subray\u00f3 la importancia de poner al suicidio en la agenda p\u00fablica.<\/p>\n<p>Algunas de las problem\u00e1ticas que, desde su mirada, influyen en el fen\u00f3meno en distinta medida son los \u201ctres pilares b\u00e1sicos de los que se habla siempre\u201d. En concreto, \u201cel tri\u00e1ngulo hist\u00f3rico estudiado por la psicolog\u00eda. La ansiedad, la depresi\u00f3n y el aislamiento. Pero lo que tambi\u00e9n se ve en los j\u00f3venes es un fuerte problema de consumo elevado de estupefacientes\u201d.<\/p>\n<p>\u201cArgentina tiene una tasa elevada de consumo de marihuana y coca\u00edna en su poblaci\u00f3n econ\u00f3micamente activa: 28 y 5 personas cada 100.000, respectivamente, las consumieron alguna vez en el \u00faltimo a\u00f1o. Es un mont\u00f3n y se ha triplicado en los \u00faltimos a\u00f1os, seg\u00fan la Sedronar\u201d, se\u00f1al\u00f3 Larroude. Sum\u00f3 \u201cla ludopat\u00eda, otro factor importante\u201d, pero lo que m\u00e1s fuertemente marc\u00f3 es que \u201cestos datos coinciden con un momento dif\u00edcil: por la falta de puestos de trabajo formal, y fundamentalmente, por la crisis de endeudamiento, lo que afecta a los j\u00f3venes y a los adultos mayores, los primeros y los \u00faltimos estratos de la sociedad\u201d. (Agencia NA).<\/p>\n","protected":false},"excerpt":{"rendered":"<p>Entre 2017 y 2025 el total de casos aument\u00f3 el 57,6%, seg\u00fan la estad\u00edstica oficial. El a\u00f1o pasado 5.209 personas se quitaron la vida. El \u00faltimo reporte del Sistema Nacional&hellip;<\/p>\n","protected":false},"author":3,"featured_media":511910,"comment_status":"closed","ping_status":"open","sticky":false,"template":"","format":"standard","meta":{"footnotes":""},"categories":[12],"tags":[],"class_list":["post-511909","post","type-post","status-publish","format-standard","has-post-thumbnail","hentry","category-pais"],"jetpack_featured_media_url":"https:\/\/www.planbnoticias.com.ar\/wp-content\/uploads\/2026\/08\/suicidio.webp","_links":{"self":[{"href":"https:\/\/www.planbnoticias.com.ar\/index.php\/wp-json\/wp\/v2\/posts\/511909","targetHints":{"allow":["GET"]}}],"collection":[{"href":"https:\/\/www.planbnoticias.com.ar\/index.php\/wp-json\/wp\/v2\/posts"}],"about":[{"href":"https:\/\/www.planbnoticias.com.ar\/index.php\/wp-json\/wp\/v2\/types\/post"}],"author":[{"embeddable":true,"href":"https:\/\/www.planbnoticias.com.ar\/index.php\/wp-json\/wp\/v2\/users\/3"}],"replies":[{"embeddable":true,"href":"https:\/\/www.planbnoticias.com.ar\/index.php\/wp-json\/wp\/v2\/comments?post=511909"}],"version-history":[{"count":1,"href":"https:\/\/www.planbnoticias.com.ar\/index.php\/wp-json\/wp\/v2\/posts\/511909\/revisions"}],"predecessor-version":[{"id":511911,"href":"https:\/\/www.planbnoticias.com.ar\/index.php\/wp-json\/wp\/v2\/posts\/511909\/revisions\/511911"}],"wp:featuredmedia":[{"embeddable":true,"href":"https:\/\/www.planbnoticias.com.ar\/index.php\/wp-json\/wp\/v2\/media\/511910"}],"wp:attachment":[{"href":"https:\/\/www.planbnoticias.com.ar\/index.php\/wp-json\/wp\/v2\/media?parent=511909"}],"wp:term":[{"taxonomy":"category","embeddable":true,"href":"https:\/\/www.planbnoticias.com.ar\/index.php\/wp-json\/wp\/v2\/categories?post=511909"},{"taxonomy":"post_tag","embeddable":true,"href":"https:\/\/www.planbnoticias.com.ar\/index.php\/wp-json\/wp\/v2\/tags?post=511909"}],"curies":[{"name":"wp","href":"https:\/\/api.w.org\/{rel}","templated":true}]}}