{"id":511914,"date":"2026-08-31T18:08:17","date_gmt":"2026-08-31T21:08:17","guid":{"rendered":"https:\/\/www.planbnoticias.com.ar\/?p=511914"},"modified":"2026-08-31T18:08:17","modified_gmt":"2026-08-31T21:08:17","slug":"proselitismo-y-odio-politico-denunciaron-penalmente-a-milei-por-su-charla-en-un-colegio","status":"publish","type":"post","link":"https:\/\/www.planbnoticias.com.ar\/index.php\/2026\/08\/31\/proselitismo-y-odio-politico-denunciaron-penalmente-a-milei-por-su-charla-en-un-colegio\/","title":{"rendered":"Proselitismo y odio pol\u00edtico: denunciaron penalmente a Milei por su charla en un colegio"},"content":{"rendered":"<p><img fetchpriority=\"high\" decoding=\"async\" class=\"alignnone size-full wp-image-509828\" src=\"https:\/\/www.planbnoticias.com.ar\/wp-content\/uploads\/2026\/08\/milei.avif\" alt=\"\" width=\"738\" height=\"414\" srcset=\"https:\/\/www.planbnoticias.com.ar\/wp-content\/uploads\/2026\/08\/milei.avif 738w, https:\/\/www.planbnoticias.com.ar\/wp-content\/uploads\/2026\/08\/milei-300x168.avif 300w, https:\/\/www.planbnoticias.com.ar\/wp-content\/uploads\/2026\/08\/milei-585x328.avif 585w\" sizes=\"(max-width: 738px) 100vw, 738px\" \/><\/p>\n<p>Dos abogados presentaron una denuncia contra el Presidente por los dichos que realiz\u00f3 durante su visita a la escuela. Lo acusan de posible abuso de autoridad y de violar la ley Antidiscriminatoria. Tambi\u00e9n cuestionaron que haya arengado a los estudiantes contra el periodismo.<\/p>\n<p>Los abogados Jos\u00e9 Lucas Magioncalda y Juan Mart\u00edn Fazio, denunciaron penalmente al presidente Milei por el contenido de la charla que brind\u00f3 el pasado 27 de agosto ante alumnos de 4\u00b0 y 5\u00b0 a\u00f1o de la escuela ORT Argentina, durante las celebraciones por el 90\u00b0 aniversario de la instituci\u00f3n.<\/p>\n<p>En la presentaci\u00f3n pidieron que se investigue la posible comisi\u00f3n de los delitos previstos en el art\u00edculo 248 del C\u00f3digo Penal y el art\u00edculo 3\u00b0 de la Ley 23.592, adem\u00e1s de otras figuras que pudieran surgir.<\/p>\n<p>Seg\u00fan los denunciantes, la actividad hab\u00eda sido presentada originalmente como una charla sobre \u201c\u00c9tica e Inteligencia Artificial\u201d, pero, de acuerdo con los videos difundidos posteriormente, el Presidente se habr\u00eda apartado de ese eje para realizar manifestaciones de contenido pol\u00edtico.<\/p>\n<p><script async src=\"\/\/pagead2.googlesyndication.com\/pagead\/js\/adsbygoogle.js\"><\/script><\/p>\n<p><!-- Publi m\u00f3vil interior nota --><\/p>\n<p>&nbsp;<\/p>\n<p><script><\/p>\n<p>(adsbygoogle = window.adsbygoogle || []).push({});<\/p>\n<p><\/script><\/p>\n<p>En ese sentido, cuestionaron que Milei haya hablado frente a adolescentes sobre \u201cel populismo y la demagogia de nuestros adversarios pol\u00edticos\u201d y sostuvieron que el mandatario habr\u00eda utilizado su posici\u00f3n institucional para imponer determinadas concepciones pol\u00edticas en un \u00e1mbito escolar.<\/p>\n<p>Uno de los puntos centrales de la denuncia est\u00e1 relacionado con las expresiones de Milei sobre el marxismo. Los abogados sostienen que el Presidente present\u00f3 ante los estudiantes teor\u00edas sobre el supuesto origen \u201csat\u00e1nico\u201d del marxismo y consideran que esa caracterizaci\u00f3n excedi\u00f3 una opini\u00f3n pol\u00edtica para convertirse en una forma de estigmatizaci\u00f3n frente a un auditorio compuesto por menores de edad.<\/p>\n<p><strong>La acusaci\u00f3n por sus dichos contra el periodismo<\/strong><\/p>\n<p>Otro de los cuestionamientos est\u00e1 relacionado con el momento en que Milei se refiri\u00f3 a los periodistas. De acuerdo con la denuncia, el Presidente afirm\u00f3: \u201cEsto es para los periodistas que me tratan de hundir\u201d. Y luego, ante el abucheo de algunos alumnos, los denunciantes remarcaron que respondi\u00f3: \u201cD\u00edganlo m\u00e1s fuerte que se los festejo\u201d.<\/p>\n<p>Para Magioncalda y Fazio, esas expresiones implicaron una incitaci\u00f3n a hostigar p\u00fablicamente a la prensa frente a un grupo de estudiantes secundarios. En la denuncia sostienen que Milei \u201cabus\u00f3 de la relaci\u00f3n asim\u00e9trica\u201d que ten\u00eda con los adolescentes y que utiliz\u00f3 el espacio escolar para una \u201carenga de car\u00e1cter proselitista\u201d.<\/p>\n<p>Los denunciantes tambi\u00e9n invocaron la Ley de Protecci\u00f3n Integral de Ni\u00f1as, Ni\u00f1os y Adolescentes y la Ley de Educaci\u00f3n Nacional. Sostienen que el discurso presidencial habr\u00eda afectado el derecho de los estudiantes a una formaci\u00f3n basada en el pluralismo y el respeto por la diversidad pol\u00edtica.<\/p>\n<p><strong>Qu\u00e9 delitos le atribuyen<\/strong><\/p>\n<p>La presentaci\u00f3n sostiene que los hechos podr\u00edan configurar el delito de abuso de autoridad, contemplado en el art\u00edculo 248 del C\u00f3digo Penal, y el previsto en el art\u00edculo 3\u00b0 de la Ley 23.592, que sanciona a quienes alienten o inciten a la persecuci\u00f3n o al odio contra personas o grupos por sus ideas pol\u00edticas.<\/p>\n<p>Sobre este \u00faltimo punto, los abogados argumentaron que calificar de \u201csat\u00e1nicas\u201d a determinadas ideolog\u00edas no ser\u00eda simplemente una cr\u00edtica pol\u00edtica, sino una forma de estigmatizaci\u00f3n. En palabras de la denuncia, esa caracterizaci\u00f3n \u201celimina la legitimidad del adversario pol\u00edtico, transform\u00e1ndolo en un \u2018enemigo\u2019 al que no se debe debatir, sino erradicar o perseguir\u201d.<\/p>\n<p>Tambi\u00e9n cuestionaron espec\u00edficamente el llamado a los alumnos a abuchear a periodistas y sostuvieron que se trat\u00f3 de una conducta de \u201caliento expl\u00edcito al hostigamiento y a la persecuci\u00f3n laboral y gremial\u201d<\/p>\n<p>Finalmente, los denunciantes pidieron que la Justicia tenga por formulada la denuncia, impulse una investigaci\u00f3n y, una vez determinadas las responsabilidades correspondientes, establezca si existi\u00f3 responsabilidad penal. (Fuente: \u00c1mbito).<\/p>\n","protected":false},"excerpt":{"rendered":"<p>Dos abogados presentaron una denuncia contra el Presidente por los dichos que realiz\u00f3 durante su visita a la escuela. Lo acusan de posible abuso de autoridad y de violar la&hellip;<\/p>\n","protected":false},"author":3,"featured_media":509828,"comment_status":"closed","ping_status":"open","sticky":false,"template":"","format":"standard","meta":{"footnotes":""},"categories":[12],"tags":[],"class_list":["post-511914","post","type-post","status-publish","format-standard","has-post-thumbnail","hentry","category-pais"],"jetpack_featured_media_url":"https:\/\/www.planbnoticias.com.ar\/wp-content\/uploads\/2026\/08\/milei.avif","_links":{"self":[{"href":"https:\/\/www.planbnoticias.com.ar\/index.php\/wp-json\/wp\/v2\/posts\/511914","targetHints":{"allow":["GET"]}}],"collection":[{"href":"https:\/\/www.planbnoticias.com.ar\/index.php\/wp-json\/wp\/v2\/posts"}],"about":[{"href":"https:\/\/www.planbnoticias.com.ar\/index.php\/wp-json\/wp\/v2\/types\/post"}],"author":[{"embeddable":true,"href":"https:\/\/www.planbnoticias.com.ar\/index.php\/wp-json\/wp\/v2\/users\/3"}],"replies":[{"embeddable":true,"href":"https:\/\/www.planbnoticias.com.ar\/index.php\/wp-json\/wp\/v2\/comments?post=511914"}],"version-history":[{"count":1,"href":"https:\/\/www.planbnoticias.com.ar\/index.php\/wp-json\/wp\/v2\/posts\/511914\/revisions"}],"predecessor-version":[{"id":511915,"href":"https:\/\/www.planbnoticias.com.ar\/index.php\/wp-json\/wp\/v2\/posts\/511914\/revisions\/511915"}],"wp:featuredmedia":[{"embeddable":true,"href":"https:\/\/www.planbnoticias.com.ar\/index.php\/wp-json\/wp\/v2\/media\/509828"}],"wp:attachment":[{"href":"https:\/\/www.planbnoticias.com.ar\/index.php\/wp-json\/wp\/v2\/media?parent=511914"}],"wp:term":[{"taxonomy":"category","embeddable":true,"href":"https:\/\/www.planbnoticias.com.ar\/index.php\/wp-json\/wp\/v2\/categories?post=511914"},{"taxonomy":"post_tag","embeddable":true,"href":"https:\/\/www.planbnoticias.com.ar\/index.php\/wp-json\/wp\/v2\/tags?post=511914"}],"curies":[{"name":"wp","href":"https:\/\/api.w.org\/{rel}","templated":true}]}}