{"id":511918,"date":"2026-08-31T19:16:47","date_gmt":"2026-08-31T22:16:47","guid":{"rendered":"https:\/\/www.planbnoticias.com.ar\/?p=511918"},"modified":"2026-08-31T19:16:47","modified_gmt":"2026-08-31T22:16:47","slug":"rio-quinto-la-pampa-y-buenos-aires-acordaron-sistema-de-monitoreo-y-alerta-de-crecidas","status":"publish","type":"post","link":"https:\/\/www.planbnoticias.com.ar\/index.php\/2026\/08\/31\/rio-quinto-la-pampa-y-buenos-aires-acordaron-sistema-de-monitoreo-y-alerta-de-crecidas\/","title":{"rendered":"R\u00edo Quinto: La Pampa y Buenos Aires acordaron sistema de monitoreo y alerta de crecidas"},"content":{"rendered":"<p><img fetchpriority=\"high\" decoding=\"async\" class=\"alignnone size-full wp-image-511919\" src=\"https:\/\/www.planbnoticias.com.ar\/wp-content\/uploads\/2026\/08\/ziliotto-kicillof.avif\" alt=\"\" width=\"1000\" height=\"667\" srcset=\"https:\/\/www.planbnoticias.com.ar\/wp-content\/uploads\/2026\/08\/ziliotto-kicillof.avif 1000w, https:\/\/www.planbnoticias.com.ar\/wp-content\/uploads\/2026\/08\/ziliotto-kicillof-300x200.avif 300w, https:\/\/www.planbnoticias.com.ar\/wp-content\/uploads\/2026\/08\/ziliotto-kicillof-768x512.avif 768w, https:\/\/www.planbnoticias.com.ar\/wp-content\/uploads\/2026\/08\/ziliotto-kicillof-585x390.avif 585w, https:\/\/www.planbnoticias.com.ar\/wp-content\/uploads\/2026\/08\/ziliotto-kicillof-263x175.avif 263w\" sizes=\"(max-width: 1000px) 100vw, 1000px\" \/><br \/>\nLos gobernadores Sergio Ziliotto y Axel Kicillof firmaron este lunes un convenio de cooperaci\u00f3n h\u00eddrica para fortalecer la prevenci\u00f3n y la respuesta conjunta frente al escenario clim\u00e1tico previsto para los pr\u00f3ximos meses. La Pampa y Buenos Aires avanzar\u00e1n en un sistema integrado de monitoreo y alerta temprana y en la planificaci\u00f3n de obras permanentes para gestionar las crecidas del r\u00edo Quinto y los excedentes h\u00eddricos.<\/p>\n<p>Ambos mandatarios reclamaron al Gobierno nacional que destine los recursos del Fondo H\u00eddrico a las obras de prevenci\u00f3n para las que fueron recaudados.<\/p>\n<p>El acuerdo fue suscripto en el Sal\u00f3n de Acuerdos de Casa de Gobierno y establece mecanismos de cooperaci\u00f3n entre La Pampa y Buenos Aires ante el escenario de El Ni\u00f1o 2026\/27 y los eventos hidrometeorol\u00f3gicos extremos derivados del cambio clim\u00e1tico.<\/p>\n<p>El convenio h\u00eddrico constituy\u00f3 uno de los ejes centrales de una agenda m\u00e1s amplia de cooperaci\u00f3n entre ambas jurisdicciones. Durante el encuentro, Ziliotto y Kicillof tambi\u00e9n avanzaron con acuerdos en pol\u00edticas sociales, salud, turismo, seguridad y banca p\u00fablica y prorrogaron por otros 24 meses el Convenio Marco de Colaboraci\u00f3n suscripto en junio de 2024.<\/p>\n<p><script async src=\"\/\/pagead2.googlesyndication.com\/pagead\/js\/adsbygoogle.js\"><\/script><br \/>\n<!-- Publi m\u00f3vil interior nota --><br \/>\n<ins class=\"adsbygoogle\" style=\"display: inline-block; width: 320px; height: 100px;\" data-ad-client=\"ca-pub-7250018434179914\" data-ad-slot=\"1040343543\"><\/ins><br \/>\n<script>\n(adsbygoogle = window.adsbygoogle || []).push({});\n<\/script><\/p>\n<p>En materia h\u00eddrica, la iniciativa apunta a anticipar las respuestas frente a un fen\u00f3meno que, seg\u00fan las proyecciones de los especialistas, podr\u00eda alcanzar una intensidad severa y generar durante los pr\u00f3ximos meses precipitaciones por encima de los valores habituales.<\/p>\n<p>El convenio contempla el intercambio permanente de informaci\u00f3n, el fortalecimiento de los sistemas de alerta y monitoreo y la coordinaci\u00f3n para administrar eventuales excedentes h\u00eddricos. A su vez, ambas provincias comenzar\u00e1n a proyectar obras permanentes destinadas a mejorar la gesti\u00f3n de las crecidas del r\u00edo Quinto y los desbordes del Bajo de B\u00e1rbulo sobre el camino del Meridiano V.<\/p>\n<p>La cuenca del r\u00edo Quinto es compartida por La Pampa, Buenos Aires, San Luis, C\u00f3rdoba y Santa Fe, por lo que las acciones bilaterales complementan el trabajo desarrollado en el Comit\u00e9 Interjurisdiccional de la Regi\u00f3n H\u00eddrica del Noroeste de la Llanura Pampeana (CIRHNOP).<\/p>\n<p><strong>Ziliotto: \u201cPodemos estar ante una crisis y en una crisis nadie se salva solo\u201d<\/strong><\/p>\n<p>Ziliotto destac\u00f3 que el acuerdo ratifica una modalidad de trabajo que La Pampa y Buenos Aires vienen desarrollando desde el comienzo de sus gestiones y la vincul\u00f3 directamente con una concepci\u00f3n federal del pa\u00eds. \u201cAs\u00ed entendemos lo que defendemos del federalismo. El pa\u00eds es un todo y todos tenemos que luchar por un objetivo com\u00fan, un desarrollo arm\u00f3nico en cada rinc\u00f3n de nuestra querida Rep\u00fablica Argentina\u201d, afirm\u00f3.<\/p>\n<p>El Gobernador se\u00f1al\u00f3 que frente al cambio clim\u00e1tico ambas provincias decidieron \u201chacerse cargo\u201d y convertir la prevenci\u00f3n en una pol\u00edtica de Estado. En ese sentido, destac\u00f3 el trabajo de las cinco jurisdicciones que integran el CIRHNOP y confirm\u00f3 que ya se avanz\u00f3 en la planificaci\u00f3n de un sistema de alerta temprana que permitir\u00e1 conocer la cantidad de agua que ingresa a la cuenca y mejorar su administraci\u00f3n.<\/p>\n<p>Record\u00f3 adem\u00e1s experiencias anteriores de crecidas del r\u00edo Quinto y se\u00f1al\u00f3 que actualmente existe un escenario diferente por las obras realizadas y la decisi\u00f3n pol\u00edtica de trabajar coordinadamente con Buenos Aires.<\/p>\n<p>\u201cYa estamos trabajando los equipos para empezar a pensar en obras permanentes. No solo alcantarillas, sino tambi\u00e9n puentes de hormig\u00f3n que nos permitan trabajar con infraestructura permanente\u201d, adelant\u00f3.<\/p>\n<p>Ziliotto record\u00f3 que esa coordinaci\u00f3n ya tuvo una aplicaci\u00f3n concreta a fines del a\u00f1o pasado, cuando fue necesario ampliar la capacidad de trasvase de las aguas del noreste pampeano hacia el noroeste bonaerense, \u201ctratando de que se anegara la menor cantidad del sector productivo de la provincia de La Pampa\u201d. En ese sentido, valor\u00f3 \u201cla muy buena predisposici\u00f3n de la provincia de Buenos Aires\u201d para administrar conjuntamente situaciones que, por las caracter\u00edsticas de la cuenca, necesariamente involucran a ambas jurisdicciones.<\/p>\n<p>El Gobernador contrast\u00f3 la situaci\u00f3n actual con lo ocurrido durante anteriores grandes crecidas del r\u00edo Quinto. \u201cAcu\u00e9rdense lo que reneg\u00f3 Carlos Verna con el Gobierno en ese momento de la provincia de Buenos Aires, que la \u00fanica acci\u00f3n que ten\u00edan prevista era taponar el libre escurrimiento de las aguas. Hoy no pasa en la provincia de Buenos Aires. \u00bfPor qu\u00e9? Porque ha habido obras\u201d, afirm\u00f3. Ziliotto destac\u00f3 que las obras realizadas y la actual coordinaci\u00f3n entre ambas provincias permiten avanzar hacia una planificaci\u00f3n preventiva y permanente frente a futuros excedentes h\u00eddricos.<\/p>\n<p>El mandatario pampeano indic\u00f3 que actualmente Intendente Alvear se encuentra en emergencia h\u00eddrica y advirti\u00f3 que una eventual crecida del r\u00edo Quinto, combinada con precipitaciones intensas y una menor capacidad de absorci\u00f3n de los suelos, podr\u00eda generar un escenario complejo si no existiera planificaci\u00f3n previa.<\/p>\n<p>Por esa raz\u00f3n, destac\u00f3 la incorporaci\u00f3n de los municipios y del sector productivo al esquema preventivo. \u201cEsto no es a favor de ning\u00fan partido pol\u00edtico, es en defensa de la gente y de la producci\u00f3n de La Pampa\u201d, afirm\u00f3. Adem\u00e1s, anticip\u00f3 que la pr\u00f3xima instancia de trabajo en la Provincia ser\u00e1 con representantes del sector productivo y nacional.<\/p>\n<p>Tambi\u00e9n reclam\u00f3 la participaci\u00f3n del Gobierno nacional y la disponibilidad de los recursos espec\u00edficamente recaudados para infraestructura h\u00eddrica. \u201cSe prev\u00e9n fen\u00f3menos severos, de corta duraci\u00f3n y de fuerte intensidad\u201d, advirti\u00f3.<\/p>\n<p>Ziliotto sostuvo que La Pampa continuar\u00e1 destinando sus recursos y capacidades a las acciones preventivas, pero remarc\u00f3 la necesidad de contar con el acompa\u00f1amiento nacional ante la magnitud del escenario previsto. \u201cPodemos estar ante una crisis y una crisis nadie se salva solo\u201d, sintetiz\u00f3.<\/p>\n<p><strong>Kicillof: mayor intensidad de lluvias sobre suelos con m\u00e1s humedad<\/strong><\/p>\n<p>Kicillof coincidi\u00f3 en la necesidad de anticiparse al escenario clim\u00e1tico y advirti\u00f3 que los pron\u00f3sticos indican precipitaciones de mayor frecuencia e intensidad en un contexto en el que los suelos ya presentan niveles elevados de humedad.<\/p>\n<p>\u201cEsto puede generar graves problemas de inundaciones\u201d, se\u00f1al\u00f3 el mandatario bonaerense, quien remarc\u00f3 que ambas provincias est\u00e1n actuando con sus propios recursos y ejecutando obras frente a la interrupci\u00f3n de la infraestructura que correspond\u00eda al Gobierno nacional.<\/p>\n<p>Kicillof sostuvo que la cooperaci\u00f3n entre La Pampa y Buenos Aires se profundiz\u00f3 frente a ese escenario y destac\u00f3 que el convenio no constituye el inicio de las acciones sino la institucionalizaci\u00f3n de un trabajo que ya vienen desarrollando los equipos de ambas jurisdicciones.<\/p>\n<p>\u201cEsto es la coronaci\u00f3n de un trabajo previo, no es el inicio, simplemente le estamos dando este marco\u201d, explic\u00f3.<br \/>\nEl Gobernador bonaerense vincul\u00f3 esa cooperaci\u00f3n con la defensa del federalismo. \u201cSe ha intensificado el trabajo entre las provincias de manera permanente, bilateral y en diferentes \u00e1reas\u201d, afirm\u00f3 y consider\u00f3 que ese es el camino para \u201chonrar un principio fundante de nuestro pa\u00eds, que es el federalismo\u201d.<\/p>\n<p>Un sistema com\u00fan de monitoreo<br \/>\nEl secretario de Recursos H\u00eddricos de La Pampa, Jos\u00e9 Gobbi, explic\u00f3 que ambas provincias comparten las cuencas de los r\u00edos Colorado y Quinto y sostuvo que, ante las proyecciones de un fen\u00f3meno de El Ni\u00f1o de intensidad severa, \u201cla mejor prescripci\u00f3n es prepararnos, abordar y planificar las respuestas en forma coordinada\u201d.<\/p>\n<p>\u201cEl agua no conoce de l\u00edmites administrativos, entonces la mejor respuesta es una en la cual ambas jurisdicciones planifiquemos en conjunto\u201d, se\u00f1al\u00f3.<\/p>\n<p>Gobbi precis\u00f3 que el trabajo incluye el escurrimiento del r\u00edo Quinto, el Bajo de B\u00e1rbulo \u2014frente a Quem\u00fa Quem\u00fa\u2014 y la coordinaci\u00f3n ante eventuales excedentes provenientes del \u00e1rea de amortiguamiento de los Daneses.<br \/>\nAdem\u00e1s, se\u00f1al\u00f3 que el convenio institucionaliza un trabajo iniciado meses atr\u00e1s y que ambas provincias ya avanzan en medidas coordinadas para estructurar un sistema de alerta temprana que permita disminuir los potenciales da\u00f1os.<\/p>\n<p><strong>Reclamo por $290.000 millones del Fondo H\u00eddrico<\/strong><\/p>\n<p>El ministro de Infraestructura y Servicios P\u00fablicos bonaerense, Gabriel Katopodis, explic\u00f3 que uno de los avances concretos ser\u00e1 integrar el monitoreo de ambas provincias.<\/p>\n<p>El objetivo es \u201cmejorar el sistema de monitoreo, poder medir y coordinar las estaciones meteorol\u00f3gicas en un \u00fanico visor que ser\u00e1 utilizado por ambas provincias\u201d, precis\u00f3. El acuerdo tambi\u00e9n permitir\u00e1 coordinar la prevenci\u00f3n y el manejo de los excedentes de agua.<br \/>\nKatopodis reclam\u00f3, adem\u00e1s, que el Gobierno nacional utilice los recursos del Fondo H\u00eddrico para el destino establecido legalmente. Seg\u00fan indic\u00f3, actualmente dispone de $290.000 millones que deber\u00edan traducirse en infraestructura preventiva en las provincias.<\/p>\n<p>Kicillof se sum\u00f3 al planteo y remarc\u00f3 que se trata de recursos que la poblaci\u00f3n ya aporta mediante los impuestos incluidos, entre otros conceptos, en los combustibles. \u201cLo pagamos, pero despu\u00e9s no vuelve\u201d, cuestion\u00f3.<br \/>\nZiliotto, por su parte, expres\u00f3 su expectativa de que Naci\u00f3n acompa\u00f1e con esos recursos el trabajo de las cinco provincias que integran el CIRHNOP.<\/p>\n<p>Del encuentro participaron ministros y funcionarios de los gobiernos de La Pampa y Buenos Aires, legisladores nacionales y provinciales, intendentes pampeanos y otras autoridades de ambas jurisdicciones.<\/p>\n","protected":false},"excerpt":{"rendered":"<p>Los gobernadores Sergio Ziliotto y Axel Kicillof firmaron este lunes un convenio de cooperaci\u00f3n h\u00eddrica para fortalecer la prevenci\u00f3n y la respuesta conjunta frente al escenario clim\u00e1tico previsto para los&hellip;<\/p>\n","protected":false},"author":3,"featured_media":511919,"comment_status":"closed","ping_status":"open","sticky":false,"template":"","format":"standard","meta":{"footnotes":""},"categories":[13],"tags":[],"class_list":["post-511918","post","type-post","status-publish","format-standard","has-post-thumbnail","hentry","category-provincia"],"jetpack_featured_media_url":"https:\/\/www.planbnoticias.com.ar\/wp-content\/uploads\/2026\/08\/ziliotto-kicillof.avif","_links":{"self":[{"href":"https:\/\/www.planbnoticias.com.ar\/index.php\/wp-json\/wp\/v2\/posts\/511918","targetHints":{"allow":["GET"]}}],"collection":[{"href":"https:\/\/www.planbnoticias.com.ar\/index.php\/wp-json\/wp\/v2\/posts"}],"about":[{"href":"https:\/\/www.planbnoticias.com.ar\/index.php\/wp-json\/wp\/v2\/types\/post"}],"author":[{"embeddable":true,"href":"https:\/\/www.planbnoticias.com.ar\/index.php\/wp-json\/wp\/v2\/users\/3"}],"replies":[{"embeddable":true,"href":"https:\/\/www.planbnoticias.com.ar\/index.php\/wp-json\/wp\/v2\/comments?post=511918"}],"version-history":[{"count":1,"href":"https:\/\/www.planbnoticias.com.ar\/index.php\/wp-json\/wp\/v2\/posts\/511918\/revisions"}],"predecessor-version":[{"id":511920,"href":"https:\/\/www.planbnoticias.com.ar\/index.php\/wp-json\/wp\/v2\/posts\/511918\/revisions\/511920"}],"wp:featuredmedia":[{"embeddable":true,"href":"https:\/\/www.planbnoticias.com.ar\/index.php\/wp-json\/wp\/v2\/media\/511919"}],"wp:attachment":[{"href":"https:\/\/www.planbnoticias.com.ar\/index.php\/wp-json\/wp\/v2\/media?parent=511918"}],"wp:term":[{"taxonomy":"category","embeddable":true,"href":"https:\/\/www.planbnoticias.com.ar\/index.php\/wp-json\/wp\/v2\/categories?post=511918"},{"taxonomy":"post_tag","embeddable":true,"href":"https:\/\/www.planbnoticias.com.ar\/index.php\/wp-json\/wp\/v2\/tags?post=511918"}],"curies":[{"name":"wp","href":"https:\/\/api.w.org\/{rel}","templated":true}]}}