{"id":511921,"date":"2026-08-31T19:24:29","date_gmt":"2026-08-31T22:24:29","guid":{"rendered":"https:\/\/www.planbnoticias.com.ar\/?p=511921"},"modified":"2026-08-31T19:24:29","modified_gmt":"2026-08-31T22:24:29","slug":"ciberseguridad-ley-643-ia-y-administracion-electronica-nuevas-capacitaciones-para-agentes-publicos","status":"publish","type":"post","link":"https:\/\/www.planbnoticias.com.ar\/index.php\/2026\/08\/31\/ciberseguridad-ley-643-ia-y-administracion-electronica-nuevas-capacitaciones-para-agentes-publicos\/","title":{"rendered":"Ciberseguridad, Ley 643, IA y Administraci\u00f3n Electr\u00f3nica: nuevas capacitaciones para agentes p\u00fablicos"},"content":{"rendered":"<p><img fetchpriority=\"high\" decoding=\"async\" class=\"alignnone size-full wp-image-511922\" src=\"https:\/\/www.planbnoticias.com.ar\/wp-content\/uploads\/2026\/08\/agentes-publicos.avif\" alt=\"\" width=\"900\" height=\"507\" srcset=\"https:\/\/www.planbnoticias.com.ar\/wp-content\/uploads\/2026\/08\/agentes-publicos.avif 900w, https:\/\/www.planbnoticias.com.ar\/wp-content\/uploads\/2026\/08\/agentes-publicos-300x169.avif 300w, https:\/\/www.planbnoticias.com.ar\/wp-content\/uploads\/2026\/08\/agentes-publicos-768x433.avif 768w, https:\/\/www.planbnoticias.com.ar\/wp-content\/uploads\/2026\/08\/agentes-publicos-585x330.avif 585w\" sizes=\"(max-width: 900px) 100vw, 900px\" \/><\/p>\n<p>El Programa de Capacitaci\u00f3n para la Administraci\u00f3n P\u00fablica Provincial (PROCAAP) del Ministerio de Conectividad y Modernizaci\u00f3n dio a conocer hoy la agenda de propuestas formativas previstas para septiembre, destinadas a agentes p\u00fablicos provinciales y orientadas a fortalecer conocimientos, herramientas y competencias para la gesti\u00f3n estatal de La Pampa.<\/p>\n<p>El cronograma de actividades incluye capacitaciones presenciales y autogestionadas, con tem\u00e1ticas vinculadas a la ciberseguridad, la perspectiva de g\u00e9nero, la modernizaci\u00f3n administrativa, catastro y la aplicaci\u00f3n de la inteligencia artificial.<\/p>\n<p>La primera capacitaci\u00f3n del mes ser\u00e1 \u201cCiberseguridad: buenas pr\u00e1cticas para un entorno seguro\u201d y se desarrollar\u00e1 este 2 de septiembre, desde las 8 en la Sala Ricardo Nervi del Centro Cultural MEDASUR. El objetivo de la capacitaci\u00f3n es fortalecer los conocimientos de las y los agentes sobre los riesgos asociados al manejo de informaci\u00f3n, incluyendo buenas pr\u00e1cticas de navegaci\u00f3n y el uso seguro de dispositivos tecnol\u00f3gicos.<\/p>\n<p>Del 7 al 18 de septiembre, se dictar\u00e1 de manera autogestionada la capacitaci\u00f3n \u201cLey N\u00b0 643: Nociones B\u00e1sicas e Introductorias al Estatuto que Regula el Empleo P\u00fablico\u201d, que pretende aportar herramientas b\u00e1sicas que permitan conocer y comprender las normas y principios que regulan y orientan la funci\u00f3n p\u00fablica. Las inscripciones podr\u00e1n realizarse desde el 31 de agosto al 6 de septiembre.<\/p>\n<p><script async src=\"\/\/pagead2.googlesyndication.com\/pagead\/js\/adsbygoogle.js\"><\/script><br \/>\n<!-- Publi m\u00f3vil interior nota --><br \/>\n<ins class=\"adsbygoogle\" style=\"display: inline-block; width: 320px; height: 100px;\" data-ad-client=\"ca-pub-7250018434179914\" data-ad-slot=\"1040343543\"><\/ins><br \/>\n<script>\n(adsbygoogle = window.adsbygoogle || []).push({});\n<\/script><\/p>\n<p>Tambi\u00e9n en forma autogestionada, del 7 al 25 de septiembre estar\u00e1 disponible una nueva edici\u00f3n de \u201cLey Micaela. Actualizaci\u00f3n 2024-2026\u201d, para sensibilizar y capacitar en tem\u00e1ticas de g\u00e9nero y violencia contra las mujeres y diversidades. Las inscripciones estar\u00e1n abiertas del 31 de agosto al 6 de septiembre.<\/p>\n<p>Del 7 al 25 de septiembre se podr\u00e1 realizar, en modalidad autogestionada, la capacitaci\u00f3n \u201cSistema de Gesti\u00f3n Documental Electr\u00f3nica (GDE) \u2013 Ecosistema GLP\u201d, con el objetivo de reforzar las buenas pr\u00e1cticas que las personas usuarias deben mantener respecto a cada uno de los m\u00f3dulos que componen la plataforma inform\u00e1tica, ello a fin de garantizar la trazabilidad, la seguridad jur\u00eddica y el cumplimiento de la normativa. Las inscripciones estar\u00e1n disponibles del 31 de agosto al 6 de septiembre.<\/p>\n<p>La agenda continuar\u00e1 con la capacitaci\u00f3n presencial \u201cAdministraci\u00f3n Electr\u00f3nica y Modernizaci\u00f3n Administrativa: conceptos y principios de un nuevo paradigma en la gesti\u00f3n del Estado\u201d, que tendr\u00e1 lugar el 15 y 17 de septiembre, desde las 8, en el Sal\u00f3n de Acuerdos de Casa de Gobierno. Las inscripciones se realizar\u00e1n del 7 al 14 de septiembre.<\/p>\n<p>El objetivo del curso, que tendr\u00e1 una instancia en el formato virtual, ser\u00e1 brindar una visi\u00f3n integral sobre la administraci\u00f3n electr\u00f3nica y su impacto en el funcionamiento del Estado contempor\u00e1neo, analizando la evoluci\u00f3n normativa y operativa tanto a nivel nacional como en La Pampa.<\/p>\n<p>Por otro lado, el 22 de septiembre, desde las 8, en el Auditorio del Centro Cultural MEDASUR, se realizar\u00e1 la capacitaci\u00f3n \u201cInteligencia Artificial en la Administraci\u00f3n P\u00fablica: oportunidades, riesgos y aplicaciones pr\u00e1cticas\u201d. Las inscripciones estar\u00e1n abiertas del 14 al 21 de septiembre.<\/p>\n<p>La \u00faltima capacitaci\u00f3n del mes ser\u00e1 \u201cEl poder de los datos en la gesti\u00f3n p\u00fablica\u201d y se realizar\u00e1 el 24 de septiembre en la Sala Nervi, desde las 8. La inscripci\u00f3n se har\u00e1 del 16 al 23 de septiembre.<\/p>\n<p>En la actividad se pretende desarrollar una mirada estrat\u00e9gica sobre el uso de la Inteligencia Artificial en el Estado, promoviendo una adopci\u00f3n responsable que fortalezca el criterio profesional, la calidad de las decisiones y la construcci\u00f3n de servicios p\u00fablicos m\u00e1s eficientes, transparentes y centrados en las personas.<\/p>\n<p>Desde PROCAAP, se record\u00f3 que las y los agentes p\u00fablicos provinciales interesados en participar pueden consultar la oferta de capacitaciones e inscribirse en <a href=\"https:\/\/procaapinscripciones.lapampa.gob.ar\/com.procaap.loginprocaap\" target=\"_blank\" rel=\"noopener\"><strong>procaapinscripciones.lapampa.gob.ar<\/strong>.<\/a><\/p>\n","protected":false},"excerpt":{"rendered":"<p>El Programa de Capacitaci\u00f3n para la Administraci\u00f3n P\u00fablica Provincial (PROCAAP) del Ministerio de Conectividad y Modernizaci\u00f3n dio a conocer hoy la agenda de propuestas formativas previstas para septiembre, destinadas a&hellip;<\/p>\n","protected":false},"author":3,"featured_media":511922,"comment_status":"closed","ping_status":"open","sticky":false,"template":"","format":"standard","meta":{"footnotes":""},"categories":[4,13],"tags":[],"class_list":["post-511921","post","type-post","status-publish","format-standard","has-post-thumbnail","hentry","category-ciudad","category-provincia"],"jetpack_featured_media_url":"https:\/\/www.planbnoticias.com.ar\/wp-content\/uploads\/2026\/08\/agentes-publicos.avif","_links":{"self":[{"href":"https:\/\/www.planbnoticias.com.ar\/index.php\/wp-json\/wp\/v2\/posts\/511921","targetHints":{"allow":["GET"]}}],"collection":[{"href":"https:\/\/www.planbnoticias.com.ar\/index.php\/wp-json\/wp\/v2\/posts"}],"about":[{"href":"https:\/\/www.planbnoticias.com.ar\/index.php\/wp-json\/wp\/v2\/types\/post"}],"author":[{"embeddable":true,"href":"https:\/\/www.planbnoticias.com.ar\/index.php\/wp-json\/wp\/v2\/users\/3"}],"replies":[{"embeddable":true,"href":"https:\/\/www.planbnoticias.com.ar\/index.php\/wp-json\/wp\/v2\/comments?post=511921"}],"version-history":[{"count":1,"href":"https:\/\/www.planbnoticias.com.ar\/index.php\/wp-json\/wp\/v2\/posts\/511921\/revisions"}],"predecessor-version":[{"id":511923,"href":"https:\/\/www.planbnoticias.com.ar\/index.php\/wp-json\/wp\/v2\/posts\/511921\/revisions\/511923"}],"wp:featuredmedia":[{"embeddable":true,"href":"https:\/\/www.planbnoticias.com.ar\/index.php\/wp-json\/wp\/v2\/media\/511922"}],"wp:attachment":[{"href":"https:\/\/www.planbnoticias.com.ar\/index.php\/wp-json\/wp\/v2\/media?parent=511921"}],"wp:term":[{"taxonomy":"category","embeddable":true,"href":"https:\/\/www.planbnoticias.com.ar\/index.php\/wp-json\/wp\/v2\/categories?post=511921"},{"taxonomy":"post_tag","embeddable":true,"href":"https:\/\/www.planbnoticias.com.ar\/index.php\/wp-json\/wp\/v2\/tags?post=511921"}],"curies":[{"name":"wp","href":"https:\/\/api.w.org\/{rel}","templated":true}]}}