{"id":511924,"date":"2026-08-31T19:41:40","date_gmt":"2026-08-31T22:41:40","guid":{"rendered":"https:\/\/www.planbnoticias.com.ar\/?p=511924"},"modified":"2026-08-31T19:43:01","modified_gmt":"2026-08-31T22:43:01","slug":"inscriben-para-cubrir-cargo-docente-en-santa-rosa-y-en-25-de-mayo","status":"publish","type":"post","link":"https:\/\/www.planbnoticias.com.ar\/index.php\/2026\/08\/31\/inscriben-para-cubrir-cargo-docente-en-santa-rosa-y-en-25-de-mayo\/","title":{"rendered":"Inscriben para cubrir cargo docente en Santa Rosa y en 25 de Mayo"},"content":{"rendered":"<p><img fetchpriority=\"high\" decoding=\"async\" class=\"alignnone size-full wp-image-495227\" src=\"https:\/\/www.planbnoticias.com.ar\/wp-content\/uploads\/2026\/04\/inscripcion-docentes.jpeg\" alt=\"\" width=\"900\" height=\"507\" srcset=\"https:\/\/www.planbnoticias.com.ar\/wp-content\/uploads\/2026\/04\/inscripcion-docentes.jpeg 900w, https:\/\/www.planbnoticias.com.ar\/wp-content\/uploads\/2026\/04\/inscripcion-docentes-300x169.jpeg 300w, https:\/\/www.planbnoticias.com.ar\/wp-content\/uploads\/2026\/04\/inscripcion-docentes-768x433.jpeg 768w, https:\/\/www.planbnoticias.com.ar\/wp-content\/uploads\/2026\/04\/inscripcion-docentes-585x330.jpeg 585w\" sizes=\"(max-width: 900px) 100vw, 900px\" \/><\/p>\n<p>Las inscripciones se reciben a partir del d\u00eda 31 de agosto del corriente a\u00f1o y por el t\u00e9rmino de tres d\u00edas h\u00e1biles, en el correo electr\u00f3nico del Tribunal de Clasificaci\u00f3n de Educaci\u00f3n Secundaria.<\/p>\n<p>El Ministerio de Educaci\u00f3n, a trav\u00e9s de la Direcci\u00f3n General de Personal Docente, inform\u00f3 que la convocatoria refiere al cargo de Jefe de Secci\u00f3n o Instructor &#8211; Producci\u00f3n Vegetal, Escuela Agrot\u00e9cnica, de la localidad de Santa Rosa, para el Ciclo Lectivo 2026.<\/p>\n<p><script async src=\"\/\/pagead2.googlesyndication.com\/pagead\/js\/adsbygoogle.js\"><\/script><\/p>\n<p><!-- Publi m\u00f3vil interior nota --><\/p>\n<p>&nbsp;<\/p>\n<p><script><\/p>\n<p>(adsbygoogle = window.adsbygoogle || []).push({});<\/p>\n<p><\/script><\/p>\n<p>De acuerdo a lo que establece el art\u00edculo N\u00ba 47 y N\u00ba 203 de la Ley 1.124 y sus modificatorias, correspondiente al Nivel de Educaci\u00f3n Secundaria.<\/p>\n<p>Las personas interesadas podr\u00e1n presentar su inscripci\u00f3n a trav\u00e9s del correo electr\u00f3nico al Tribunal de Clasificaci\u00f3n de Educaci\u00f3n Secundaria: <a href=\"mailto:tribunal.secundaria@lapampa.edu.ar\">tribunal.secundaria@lapampa.edu.ar<\/a><\/p>\n<p><b>Normativa:<\/b><\/p>\n<p><a href=\"https:\/\/normativas.lapampa.edu.ar\/normativa\/provincial\/disposiciones\/2026\/disposicion-rrhh-n-47-2026\">https:\/\/normativas.lapampa.edu.ar\/normativa\/provincial\/disposiciones\/2026\/disposicion-rrhh-n-47-2026<\/a><\/p>\n<p><b>Tambi\u00e9n en el Centro Educativo Polivalente de 25 de Mayo<\/b><\/p>\n<p>Las inscripciones se reciben a partir del d\u00eda 31 de agosto del corriente a\u00f1o y por el t\u00e9rmino de tres d\u00edas h\u00e1biles, en el correo electr\u00f3nico del Tribunal de Clasificaci\u00f3n de Educaci\u00f3n Secundaria.<\/p>\n<p>El Ministerio de Educaci\u00f3n, a trav\u00e9s de la Direcci\u00f3n General de Personal Docente, inform\u00f3 que la convocatoria refiere al cargo de Jefe de Secci\u00f3n o Instructor &#8211; Producci\u00f3n Vegetal, Centro Educativo Polivalente, de la localidad de Colonia 25 de Mayo, para el Ciclo Lectivo 2026.<\/p>\n<p>De acuerdo a lo que establece el art\u00edculo N\u00ba 47 y N\u00ba 203 de la Ley 1.124 y sus modificatorias, correspondiente al Nivel de Educaci\u00f3n Secundaria.<\/p>\n<p>Las personas interesadas podr\u00e1n presentar su inscripci\u00f3n a trav\u00e9s del correo electr\u00f3nico al Tribunal de Clasificaci\u00f3n de Educaci\u00f3n Secundaria: <a href=\"mailto:tribunal.secundaria@lapampa.edu.ar\">tribunal.secundaria@lapampa.edu.ar<\/a><\/p>\n<p>Normativa:<\/p>\n<p><a href=\"https:\/\/normativas.lapampa.edu.ar\/normativa\/provincial\/disposiciones\/2026\/disposicion-rrhh-n-48-2026\">https:\/\/normativas.lapampa.edu.ar\/normativa\/provincial\/disposiciones\/2026\/disposicion-rrhh-n-48-2026<\/a><\/p>\n","protected":false},"excerpt":{"rendered":"<p>Las inscripciones se reciben a partir del d\u00eda 31 de agosto del corriente a\u00f1o y por el t\u00e9rmino de tres d\u00edas h\u00e1biles, en el correo electr\u00f3nico del Tribunal de Clasificaci\u00f3n&hellip;<\/p>\n","protected":false},"author":3,"featured_media":416794,"comment_status":"closed","ping_status":"open","sticky":false,"template":"","format":"standard","meta":{"footnotes":""},"categories":[13],"tags":[],"class_list":["post-511924","post","type-post","status-publish","format-standard","has-post-thumbnail","hentry","category-provincia"],"jetpack_featured_media_url":"https:\/\/www.planbnoticias.com.ar\/wp-content\/uploads\/2024\/05\/docentes-vacantes-inscripciones-.jpg","_links":{"self":[{"href":"https:\/\/www.planbnoticias.com.ar\/index.php\/wp-json\/wp\/v2\/posts\/511924","targetHints":{"allow":["GET"]}}],"collection":[{"href":"https:\/\/www.planbnoticias.com.ar\/index.php\/wp-json\/wp\/v2\/posts"}],"about":[{"href":"https:\/\/www.planbnoticias.com.ar\/index.php\/wp-json\/wp\/v2\/types\/post"}],"author":[{"embeddable":true,"href":"https:\/\/www.planbnoticias.com.ar\/index.php\/wp-json\/wp\/v2\/users\/3"}],"replies":[{"embeddable":true,"href":"https:\/\/www.planbnoticias.com.ar\/index.php\/wp-json\/wp\/v2\/comments?post=511924"}],"version-history":[{"count":1,"href":"https:\/\/www.planbnoticias.com.ar\/index.php\/wp-json\/wp\/v2\/posts\/511924\/revisions"}],"predecessor-version":[{"id":511925,"href":"https:\/\/www.planbnoticias.com.ar\/index.php\/wp-json\/wp\/v2\/posts\/511924\/revisions\/511925"}],"wp:featuredmedia":[{"embeddable":true,"href":"https:\/\/www.planbnoticias.com.ar\/index.php\/wp-json\/wp\/v2\/media\/416794"}],"wp:attachment":[{"href":"https:\/\/www.planbnoticias.com.ar\/index.php\/wp-json\/wp\/v2\/media?parent=511924"}],"wp:term":[{"taxonomy":"category","embeddable":true,"href":"https:\/\/www.planbnoticias.com.ar\/index.php\/wp-json\/wp\/v2\/categories?post=511924"},{"taxonomy":"post_tag","embeddable":true,"href":"https:\/\/www.planbnoticias.com.ar\/index.php\/wp-json\/wp\/v2\/tags?post=511924"}],"curies":[{"name":"wp","href":"https:\/\/api.w.org\/{rel}","templated":true}]}}