{"id":511926,"date":"2026-08-31T20:17:24","date_gmt":"2026-08-31T23:17:24","guid":{"rendered":"https:\/\/www.planbnoticias.com.ar\/?p=511926"},"modified":"2026-08-31T20:21:42","modified_gmt":"2026-08-31T23:21:42","slug":"larroude-gallotti-celebro-acuerdos-con-buenos-aires-por-el-nino","status":"publish","type":"post","link":"https:\/\/www.planbnoticias.com.ar\/index.php\/2026\/08\/31\/larroude-gallotti-celebro-acuerdos-con-buenos-aires-por-el-nino\/","title":{"rendered":"Larroud\u00e9: Gallotti celebr\u00f3 acuerdos con Buenos Aires por \u201cEl Ni\u00f1o\u201d"},"content":{"rendered":"<p><img fetchpriority=\"high\" decoding=\"async\" class=\"alignnone size-full wp-image-511927\" src=\"https:\/\/www.planbnoticias.com.ar\/wp-content\/uploads\/2026\/08\/gallotti-scaled.avif\" alt=\"\" width=\"2560\" height=\"1706\" srcset=\"https:\/\/www.planbnoticias.com.ar\/wp-content\/uploads\/2026\/08\/gallotti-scaled.avif 2560w, https:\/\/www.planbnoticias.com.ar\/wp-content\/uploads\/2026\/08\/gallotti-300x200.avif 300w, https:\/\/www.planbnoticias.com.ar\/wp-content\/uploads\/2026\/08\/gallotti-1024x683.avif 1024w, https:\/\/www.planbnoticias.com.ar\/wp-content\/uploads\/2026\/08\/gallotti-768x512.avif 768w, https:\/\/www.planbnoticias.com.ar\/wp-content\/uploads\/2026\/08\/gallotti-1536x1024.avif 1536w, https:\/\/www.planbnoticias.com.ar\/wp-content\/uploads\/2026\/08\/gallotti-2048x1365.avif 2048w, https:\/\/www.planbnoticias.com.ar\/wp-content\/uploads\/2026\/08\/gallotti-1170x780.avif 1170w, https:\/\/www.planbnoticias.com.ar\/wp-content\/uploads\/2026\/08\/gallotti-585x390.avif 585w, https:\/\/www.planbnoticias.com.ar\/wp-content\/uploads\/2026\/08\/gallotti-263x175.avif 263w\" sizes=\"(max-width: 2560px) 100vw, 2560px\" \/><\/p>\n<p>El intendente de Bernardo Larroud\u00e9, Jos\u00e9 Luis Gallotti, valor\u00f3 la firma de los convenios suscriptos por los gobernadores Sergio Ziliotto y Axel Kicillof para fortalecer las acciones de prevenci\u00f3n y respuesta ante posibles eventos clim\u00e1ticos extremos. \u00abNosotros estamos en riesgo como localidad\u00bb, asegur\u00f3.<\/p>\n<p>En di\u00e1logo con la Agencia Provincial de Noticias, el jefe comunal record\u00f3 las inundaciones que afectaron a la localidad y destac\u00f3 la importancia de que las provincias trabajen de manera coordinada. Gallotti, destac\u00f3 la firma de los convenios entre los gobernadores de La Pampa, Sergio Ziliotto, y de Buenos Aires, Axel Kicillof, al considerar que el acuerdo \u00abpermitir\u00e1 avanzar en acciones conjuntas\u00bb para prevenir las consecuencias de eventuales inundaciones y otros fen\u00f3menos clim\u00e1ticos extremos.<\/p>\n<p>Gallotti conoce de cerca las dificultades que atraves\u00f3 la localidad durante anteriores episodios h\u00eddricos y consider\u00f3 que uno de los principales aprendizajes fue la necesidad de alcanzar acuerdos entre las provincias involucradas. \u201cMe parece b\u00e1rbaro esta firma de convenio\u201d, afirm\u00f3, al recordar que durante a\u00f1os existieron conflictos vinculados al escurrimiento de las aguas y a las obras de canalizaci\u00f3n.<\/p>\n<p>El jefe comunal se\u00f1al\u00f3 que Bernardo Larroud\u00e9 sufri\u00f3 situaciones particularmente complejas durante distintos per\u00edodos y record\u00f3 que en 2017 la localidad lleg\u00f3 a estar \u201crodeada de agua\u201d. Aquellos episodios derivaron incluso en cortes de rutas y conflictos entre vecinos y fuerzas de seguridad.<\/p>\n<p><script async src=\"\/\/pagead2.googlesyndication.com\/pagead\/js\/adsbygoogle.js\"><\/script><br \/>\n<!-- Publi m\u00f3vil interior nota --><br \/>\n<ins class=\"adsbygoogle\" style=\"display: inline-block; width: 320px; height: 100px;\" data-ad-client=\"ca-pub-7250018434179914\" data-ad-slot=\"1040343543\"><\/ins><br \/>\n<script>\n(adsbygoogle = window.adsbygoogle || []).push({});\n<\/script><\/p>\n<p>\u201cNosotros la otra vez lo sufrimos porque no hab\u00eda acuerdo. Ahora lo veo perfecto, que lleguen a un acuerdo y que se firme un convenio\u201d, sostuvo. En ese sentido, remarc\u00f3 que \u201cla coordinaci\u00f3n entre las jurisdicciones resulta fundamental para evitar que las diferencias en el manejo de los excedentes h\u00eddricos vuelvan a generar situaciones de emergencia\u201d.<br \/>\nGallotti explic\u00f3 que el riesgo no se limita a la producci\u00f3n agropecuaria, sino que tambi\u00e9n alcanza directamente a la poblaci\u00f3n. \u201cNo solamente est\u00e1 en riesgo el nivel productivo. Nosotros estamos en riesgo como localidad, porque estamos rodeados de agua\u201d, afirm\u00f3.<\/p>\n<p><strong>\u00abReducir los riesgos\u00bb<\/strong><\/p>\n<p>Para el intendente, la ejecuci\u00f3n de obras de infraestructura, como canales y alcantarillas, \u201cpermitir\u00e1 mejorar la capacidad de respuesta y reducir los riesgos\u201d. Sin embargo, insisti\u00f3 en que esas medidas deben estar acompa\u00f1adas por acuerdos entre las provincias.<\/p>\n<p>En paralelo, destac\u00f3 que Larroud\u00e9 avanz\u00f3 durante los \u00faltimos a\u00f1os en una estrategia de prevenci\u00f3n local. \u201cNos hemos adelantado bastante. En el caso de Larroud\u00e9 estamos preparados\u201d, afirm\u00f3. Entre las herramientas disponibles mencion\u00f3 un sistema de desag\u00fces pluviales de hormig\u00f3n, dos bombas arroceras, retroexcavadoras, palas y tractores.<\/p>\n<p>Gallotti tambi\u00e9n resalt\u00f3 el acompa\u00f1amiento del Gobierno provincial ante las necesidades de la localidad y destac\u00f3 el di\u00e1logo que mantiene con el gobernador Ziliotto. \u201cSiempre tengo una muy buena recepci\u00f3n\u201d, se\u00f1al\u00f3, y puso en valor el trabajo conjunto m\u00e1s all\u00e1 de las diferencias partidarias. \u201cCreo que es la manera de trabajar en conjunto con los gobiernos provinciales\u201d, concluy\u00f3.<\/p>\n","protected":false},"excerpt":{"rendered":"<p>El intendente de Bernardo Larroud\u00e9, Jos\u00e9 Luis Gallotti, valor\u00f3 la firma de los convenios suscriptos por los gobernadores Sergio Ziliotto y Axel Kicillof para fortalecer las acciones de prevenci\u00f3n y&hellip;<\/p>\n","protected":false},"author":3,"featured_media":511927,"comment_status":"closed","ping_status":"open","sticky":false,"template":"","format":"standard","meta":{"footnotes":""},"categories":[13],"tags":[],"class_list":["post-511926","post","type-post","status-publish","format-standard","has-post-thumbnail","hentry","category-provincia"],"jetpack_featured_media_url":"https:\/\/www.planbnoticias.com.ar\/wp-content\/uploads\/2026\/08\/gallotti-scaled.avif","_links":{"self":[{"href":"https:\/\/www.planbnoticias.com.ar\/index.php\/wp-json\/wp\/v2\/posts\/511926","targetHints":{"allow":["GET"]}}],"collection":[{"href":"https:\/\/www.planbnoticias.com.ar\/index.php\/wp-json\/wp\/v2\/posts"}],"about":[{"href":"https:\/\/www.planbnoticias.com.ar\/index.php\/wp-json\/wp\/v2\/types\/post"}],"author":[{"embeddable":true,"href":"https:\/\/www.planbnoticias.com.ar\/index.php\/wp-json\/wp\/v2\/users\/3"}],"replies":[{"embeddable":true,"href":"https:\/\/www.planbnoticias.com.ar\/index.php\/wp-json\/wp\/v2\/comments?post=511926"}],"version-history":[{"count":3,"href":"https:\/\/www.planbnoticias.com.ar\/index.php\/wp-json\/wp\/v2\/posts\/511926\/revisions"}],"predecessor-version":[{"id":511930,"href":"https:\/\/www.planbnoticias.com.ar\/index.php\/wp-json\/wp\/v2\/posts\/511926\/revisions\/511930"}],"wp:featuredmedia":[{"embeddable":true,"href":"https:\/\/www.planbnoticias.com.ar\/index.php\/wp-json\/wp\/v2\/media\/511927"}],"wp:attachment":[{"href":"https:\/\/www.planbnoticias.com.ar\/index.php\/wp-json\/wp\/v2\/media?parent=511926"}],"wp:term":[{"taxonomy":"category","embeddable":true,"href":"https:\/\/www.planbnoticias.com.ar\/index.php\/wp-json\/wp\/v2\/categories?post=511926"},{"taxonomy":"post_tag","embeddable":true,"href":"https:\/\/www.planbnoticias.com.ar\/index.php\/wp-json\/wp\/v2\/tags?post=511926"}],"curies":[{"name":"wp","href":"https:\/\/api.w.org\/{rel}","templated":true}]}}