{"id":511931,"date":"2026-08-31T20:38:12","date_gmt":"2026-08-31T23:38:12","guid":{"rendered":"https:\/\/www.planbnoticias.com.ar\/?p=511931"},"modified":"2026-08-31T20:38:12","modified_gmt":"2026-08-31T23:38:12","slug":"castex-ministerios-articularon-acciones-en-materia-de-seguridad-y-educacion-vial","status":"publish","type":"post","link":"https:\/\/www.planbnoticias.com.ar\/index.php\/2026\/08\/31\/castex-ministerios-articularon-acciones-en-materia-de-seguridad-y-educacion-vial\/","title":{"rendered":"Castex: ministerios articularon acciones en materia de Seguridad y Educaci\u00f3n Vial"},"content":{"rendered":"<p><img fetchpriority=\"high\" decoding=\"async\" class=\"alignnone size-full wp-image-511932\" src=\"https:\/\/www.planbnoticias.com.ar\/wp-content\/uploads\/2026\/08\/castex-seguridad.avif\" alt=\"\" width=\"900\" height=\"507\" srcset=\"https:\/\/www.planbnoticias.com.ar\/wp-content\/uploads\/2026\/08\/castex-seguridad.avif 900w, https:\/\/www.planbnoticias.com.ar\/wp-content\/uploads\/2026\/08\/castex-seguridad-300x169.avif 300w, https:\/\/www.planbnoticias.com.ar\/wp-content\/uploads\/2026\/08\/castex-seguridad-768x433.avif 768w, https:\/\/www.planbnoticias.com.ar\/wp-content\/uploads\/2026\/08\/castex-seguridad-585x330.avif 585w\" sizes=\"(max-width: 900px) 100vw, 900px\" \/><\/p>\n<p>El Ministerio de Educaci\u00f3n, junto al Ministerio de Seguridad y Justicia, convoc\u00f3 a una Mesa Interministerial en la localidad de Eduardo Castex, con el prop\u00f3sito de abordar de manera conjunta las problem\u00e1ticas vinculadas con la seguridad y la educaci\u00f3n vial en la comunidad.<\/p>\n<p>El encuentro se llev\u00f3 a cabo en el Centro Cultural de la localidad, y cont\u00f3 con la presencia de la intendenta de Eduardo Castex, M\u00f3nica Curutchet, junto a representantes de distintas \u00e1reas e instituciones, tanto municipales como provinciales.<\/p>\n<p>Durante la jornada, Roc\u00edo Mora Souto, Coordinadora de Pol\u00edticas Educativas del Ministerio de Educaci\u00f3n, destac\u00f3 la importancia de generar espacios de articulaci\u00f3n comunitaria para abordar la educaci\u00f3n vial. \u201cEsta mesa interministerial local es necesaria porque hablar de educaci\u00f3n vial no es un tema que deba ser trabajado \u00fanicamente por la escuela. Es un tema que requiere, principalmente, de un abordaje comunitario. Todos somos parte, no solo con lo que decimos, sino tambi\u00e9n con lo que hacemos, y desde ese lugar tenemos algo para aportar\u201d se\u00f1al\u00f3 a la Agencia Provincial de Noticias.<\/p>\n<p><script async src=\"\/\/pagead2.googlesyndication.com\/pagead\/js\/adsbygoogle.js\"><\/script><br \/>\n<!-- Publi m\u00f3vil interior nota --><br \/>\n<ins class=\"adsbygoogle\" style=\"display: inline-block; width: 320px; height: 100px;\" data-ad-client=\"ca-pub-7250018434179914\" data-ad-slot=\"1040343543\"><\/ins><br \/>\n<script>\n(adsbygoogle = window.adsbygoogle || []).push({});\n<\/script><\/p>\n<p>La iniciativa surge de la necesidad de abordar la Seguridad Vial como una cuesti\u00f3n \u00e9tica, social y cultural, promoviendo espacios de di\u00e1logo, articulaci\u00f3n y construcci\u00f3n colectiva que permitan fortalecer pr\u00e1cticas de cuidado y prevenci\u00f3n.<\/p>\n<p>En este marco, se busca avanzar hacia una ciudadan\u00eda responsable, solidaria y consciente, comprometida con el respeto por las normas, el cuidado de la vida y la construcci\u00f3n de una convivencia vial m\u00e1s segura.<\/p>\n","protected":false},"excerpt":{"rendered":"<p>El Ministerio de Educaci\u00f3n, junto al Ministerio de Seguridad y Justicia, convoc\u00f3 a una Mesa Interministerial en la localidad de Eduardo Castex, con el prop\u00f3sito de abordar de manera conjunta&hellip;<\/p>\n","protected":false},"author":3,"featured_media":511932,"comment_status":"closed","ping_status":"open","sticky":false,"template":"","format":"standard","meta":{"footnotes":""},"categories":[13],"tags":[],"class_list":["post-511931","post","type-post","status-publish","format-standard","has-post-thumbnail","hentry","category-provincia"],"jetpack_featured_media_url":"https:\/\/www.planbnoticias.com.ar\/wp-content\/uploads\/2026\/08\/castex-seguridad.avif","_links":{"self":[{"href":"https:\/\/www.planbnoticias.com.ar\/index.php\/wp-json\/wp\/v2\/posts\/511931","targetHints":{"allow":["GET"]}}],"collection":[{"href":"https:\/\/www.planbnoticias.com.ar\/index.php\/wp-json\/wp\/v2\/posts"}],"about":[{"href":"https:\/\/www.planbnoticias.com.ar\/index.php\/wp-json\/wp\/v2\/types\/post"}],"author":[{"embeddable":true,"href":"https:\/\/www.planbnoticias.com.ar\/index.php\/wp-json\/wp\/v2\/users\/3"}],"replies":[{"embeddable":true,"href":"https:\/\/www.planbnoticias.com.ar\/index.php\/wp-json\/wp\/v2\/comments?post=511931"}],"version-history":[{"count":1,"href":"https:\/\/www.planbnoticias.com.ar\/index.php\/wp-json\/wp\/v2\/posts\/511931\/revisions"}],"predecessor-version":[{"id":511933,"href":"https:\/\/www.planbnoticias.com.ar\/index.php\/wp-json\/wp\/v2\/posts\/511931\/revisions\/511933"}],"wp:featuredmedia":[{"embeddable":true,"href":"https:\/\/www.planbnoticias.com.ar\/index.php\/wp-json\/wp\/v2\/media\/511932"}],"wp:attachment":[{"href":"https:\/\/www.planbnoticias.com.ar\/index.php\/wp-json\/wp\/v2\/media?parent=511931"}],"wp:term":[{"taxonomy":"category","embeddable":true,"href":"https:\/\/www.planbnoticias.com.ar\/index.php\/wp-json\/wp\/v2\/categories?post=511931"},{"taxonomy":"post_tag","embeddable":true,"href":"https:\/\/www.planbnoticias.com.ar\/index.php\/wp-json\/wp\/v2\/tags?post=511931"}],"curies":[{"name":"wp","href":"https:\/\/api.w.org\/{rel}","templated":true}]}}