{"id":511945,"date":"2026-09-01T06:26:57","date_gmt":"2026-09-01T09:26:57","guid":{"rendered":"https:\/\/www.planbnoticias.com.ar\/?p=511945"},"modified":"2026-09-01T06:26:57","modified_gmt":"2026-09-01T09:26:57","slug":"arquitectura-paisaje-y-espacios-intermedios-ricardo-pereyra-iraola-diserto-en-general-pico","status":"publish","type":"post","link":"https:\/\/www.planbnoticias.com.ar\/index.php\/2026\/09\/01\/arquitectura-paisaje-y-espacios-intermedios-ricardo-pereyra-iraola-diserto-en-general-pico\/","title":{"rendered":"Arquitectura, paisaje y espacios intermedios: Ricardo Pereyra Iraola disert\u00f3 en General Pico"},"content":{"rendered":"<p><img fetchpriority=\"high\" decoding=\"async\" class=\"alignnone size-full wp-image-511946\" src=\"https:\/\/www.planbnoticias.com.ar\/wp-content\/uploads\/2026\/09\/JNJ06059.avif\" alt=\"\" width=\"1000\" height=\"714\" srcset=\"https:\/\/www.planbnoticias.com.ar\/wp-content\/uploads\/2026\/09\/JNJ06059.avif 1000w, https:\/\/www.planbnoticias.com.ar\/wp-content\/uploads\/2026\/09\/JNJ06059-300x214.avif 300w, https:\/\/www.planbnoticias.com.ar\/wp-content\/uploads\/2026\/09\/JNJ06059-768x548.avif 768w, https:\/\/www.planbnoticias.com.ar\/wp-content\/uploads\/2026\/09\/JNJ06059-585x418.avif 585w\" sizes=\"(max-width: 1000px) 100vw, 1000px\" \/><\/p>\n<p>El Colegio de Arquitectos de La Pampa transita la segunda mitad de un ciclo que re\u00fane arquitectura, dise\u00f1o, paisaje y cultura. La agenda contin\u00faa este jueves 3 de septiembre con una charla de Grizzo Studio y una presentaci\u00f3n t\u00e9cnica sobre hormig\u00f3n elaborado.<\/p>\n<p>El Colegio de Arquitectos de La Pampa (CALP) contin\u00faa con las IX Jornadas Pampeanas de Arquitectura, un ciclo de encuentros que durante agosto y septiembre re\u00fane a profesionales, estudiantes y p\u00fablico interesado en torno a distintas miradas sobre la arquitectura, el dise\u00f1o y el paisaje.<\/p>\n<p>El ciclo propone espacios de intercambio y reflexi\u00f3n sobre diferentes dimensiones del ejercicio profesional y cuenta con actividades en Santa Rosa y General Pico.<\/p>\n<p><strong>Arquitectura y paisaje, en di\u00e1logo<\/strong><\/p>\n<p>Bajo el lema \u00abEspacios intermedios, entre la arquitectura y el paisajismo\u00bb, el tercer encuentro tuvo lugar en General Pico y cont\u00f3 con la participaci\u00f3n del arquitecto y paisajista Ricardo Pereyra Iraola, quien se present\u00f3 por primera vez en La Pampa ante un p\u00fablico integrado por profesionales de la arquitectura, paisajistas y estudiantes de distintas localidades pampeanas y del oeste bonaerense.<\/p>\n<p><script async src=\"\/\/pagead2.googlesyndication.com\/pagead\/js\/adsbygoogle.js\"><\/script><\/p>\n<p><!-- Publi m\u00f3vil interior nota --><\/p>\n<p>&nbsp;<\/p>\n<p><script><\/p>\n<p>(adsbygoogle = window.adsbygoogle || []).push({});<\/p>\n<p><\/script><\/p>\n<p>Como parte de la propuesta, eMeGe ofreci\u00f3 una charla t\u00e9cnica complementaria sobre la evoluci\u00f3n de los materiales en marmoler\u00eda.<\/p>\n<p>Durante el encuentro, Pereyra Iraola comparti\u00f3 parte de su trayectoria y analiz\u00f3 distintas obras de su estudio para abordar una de las b\u00fasquedas centrales de su trabajo: generar v\u00ednculos entre la arquitectura y el paisaje.<\/p>\n<p>\u00abSe trata de que la arquitectura se meta en el jard\u00edn y que el jard\u00edn se meta en la arquitectura.\u00bb<\/p>\n<p>La frase sintetiz\u00f3 una concepci\u00f3n que atraviesa su trabajo: la creaci\u00f3n de espacios intermedios capaces de diluir los l\u00edmites entre el interior y el exterior. P\u00e9rgolas, galer\u00edas, patios, grandes superficies vidriadas y vegetaci\u00f3n se convierten as\u00ed en herramientas para integrar la construcci\u00f3n con su entorno.<\/p>\n<p>\u00abNo s\u00e9 dise\u00f1ar un parque, o un cantero. Entonces lo que hacemos en el estudio es dise\u00f1ar espacios intermedios que vinculan la arquitectura con el paisaje\u00bb, explic\u00f3 el proyectista.<\/p>\n<p><strong>Una arquitectura pensada desde el paisaje<\/strong><\/p>\n<p>A lo largo del encuentro, Pereyra Iraola tambi\u00e9n se refiri\u00f3 a su metodolog\u00eda de trabajo y destac\u00f3 el car\u00e1cter interdisciplinario de los proyectos que desarrolla junto a su equipo.<\/p>\n<p>Su mirada est\u00e1 atravesada por sus propias experiencias y por una fuerte valoraci\u00f3n de la tradici\u00f3n rural argentina. \u00abA m\u00ed me influye todo lo que veo. Tengo una profunda admiraci\u00f3n por lo nuestro, por lo criollo\u00bb, sostuvo.<\/p>\n<p>En ese sentido, su propuesta busca combinar tradici\u00f3n y contemporaneidad, utilizando materiales nobles y recursos arquitect\u00f3nicos que permitan que las construcciones dialoguen con el paisaje en lugar de imponerse sobre \u00e9l.<\/p>\n<p>El arquitecto tambi\u00e9n destac\u00f3 la importancia de interpretar las necesidades y preferencias de quienes habitar\u00e1n cada proyecto. \u00abNo tenemos un estilo. Nosotros lo que intentamos es saber qu\u00e9 le gusta al cliente, qu\u00e9 le gusta a la persona que va a vivir ah\u00ed, interpretar lo que le gusta y hacer lo mejor que podamos\u00bb, expres\u00f3.<\/p>\n<p>El intercambio fue moderado por los arquitectos pampeanos Luz Aguerre Poehls y Mariano Molina, quienes guiaron la conversaci\u00f3n y propusieron preguntas vinculadas con el ejercicio profesional, la relaci\u00f3n entre autor y cliente y las decisiones de dise\u00f1o.<\/p>\n<p><strong>La agenda contin\u00faa en Santa Rosa<\/strong><\/p>\n<p>Las IX Jornadas Pampeanas de Arquitectura contin\u00faan durante septiembre con nuevas actividades abiertas a profesionales, estudiantes y p\u00fablico interesado.<\/p>\n<p><strong>Jueves 3 de septiembre | 19 h | Santa Rosa<\/strong><\/p>\n<p>Charla principal: \u00abExploraci\u00f3n morfol\u00f3gica y material\u00bb, a cargo de Grizzo Studio, integrado por el Arq. Federico Grizzo, la Arq. Lucila Grizzo y la D.I. Roc\u00edo Mart\u00ednez Serra.<\/p>\n<p>Charla t\u00e9cnica: \u00abHormig\u00f3n elaborado: Hablemos de resistencia\u00bb, a cargo de ConstruMix\/Quaranta, con la participaci\u00f3n de Marcelo Cidades, asesor t\u00e9cnico de Loma Negra.<\/p>\n<p><strong>Mi\u00e9rcoles 9 de septiembre | 19 h | Santa Rosa<\/strong><\/p>\n<p>Cine debate: proyecci\u00f3n de El hombre de al lado, con la participaci\u00f3n especial del actor y dramaturgo Rafael Spregelburd.<\/p>\n<p><strong>S\u00e1bado 12 de septiembre | Santa Rosa<\/strong><\/p>\n<p>Cierre y Gala: celebraci\u00f3n por el 10.\u00ba aniversario del Colegio de Arquitectos de La Pampa y reconocimiento a profesionales con 25 a\u00f1os de trayectoria.<\/p>\n<p><strong>Diez a\u00f1os del Colegio de Arquitectos de La Pampa<\/strong><\/p>\n<p>Las Jornadas forman parte de la programaci\u00f3n especial por el 10.\u00ba aniversario del CALP y cuentan con el acompa\u00f1amiento de empresas e instituciones vinculadas al sector de la construcci\u00f3n, la arquitectura y el dise\u00f1o.<\/p>\n<p>El ciclo se desarrolla con el apoyo de Aberturas Pampeanas, EMEGE, Glifos, Maderera Pampeana, Panel Pro, Pastorutti, ConstruMix\/Quaranta y SIGMA, como sponsors principales.<\/p>\n<p>Tambi\u00e9n acompa\u00f1an Abertecno, Abertec Ascensores, Advance, Ailla Winka junto a Sika y Klaukol, El \u00c1gora, El Rata Transporte, HBK, Ilka, Insagas junto a Ferrum y FV, Luj\u00e1n Marmoler\u00eda, Materiales Centro, Misiones Madera, Plus Trabajo, PampaCryl, Rosotto, Sancor Salud, Sanitary y Summa Seguros junto a Mercantil Andina.<\/p>\n<p>Asimismo, participan como acompa\u00f1antes Arquicolor, Artelco, Ascender, La Caja, La Pampa Noticias, Mor\u00e1n Villa, Pinturer\u00eda Fern\u00e1ndez, Zeta y la Secretar\u00eda de Turismo de La Pampa.<\/p>\n<p>Las IX Jornadas Pampeanas de Arquitectura se desarrollan durante agosto y septiembre de 2026 en Santa Rosa y General Pico, con entrada libre y gratuita e inscripci\u00f3n previa.<\/p>\n","protected":false},"excerpt":{"rendered":"<p>El Colegio de Arquitectos de La Pampa transita la segunda mitad de un ciclo que re\u00fane arquitectura, dise\u00f1o, paisaje y cultura. La agenda contin\u00faa este jueves 3 de septiembre con&hellip;<\/p>\n","protected":false},"author":3,"featured_media":511946,"comment_status":"closed","ping_status":"open","sticky":false,"template":"","format":"standard","meta":{"footnotes":""},"categories":[13022,13],"tags":[],"class_list":["post-511945","post","type-post","status-publish","format-standard","has-post-thumbnail","hentry","category-general-pico","category-provincia"],"jetpack_featured_media_url":"https:\/\/www.planbnoticias.com.ar\/wp-content\/uploads\/2026\/09\/JNJ06059.avif","_links":{"self":[{"href":"https:\/\/www.planbnoticias.com.ar\/index.php\/wp-json\/wp\/v2\/posts\/511945","targetHints":{"allow":["GET"]}}],"collection":[{"href":"https:\/\/www.planbnoticias.com.ar\/index.php\/wp-json\/wp\/v2\/posts"}],"about":[{"href":"https:\/\/www.planbnoticias.com.ar\/index.php\/wp-json\/wp\/v2\/types\/post"}],"author":[{"embeddable":true,"href":"https:\/\/www.planbnoticias.com.ar\/index.php\/wp-json\/wp\/v2\/users\/3"}],"replies":[{"embeddable":true,"href":"https:\/\/www.planbnoticias.com.ar\/index.php\/wp-json\/wp\/v2\/comments?post=511945"}],"version-history":[{"count":1,"href":"https:\/\/www.planbnoticias.com.ar\/index.php\/wp-json\/wp\/v2\/posts\/511945\/revisions"}],"predecessor-version":[{"id":511947,"href":"https:\/\/www.planbnoticias.com.ar\/index.php\/wp-json\/wp\/v2\/posts\/511945\/revisions\/511947"}],"wp:featuredmedia":[{"embeddable":true,"href":"https:\/\/www.planbnoticias.com.ar\/index.php\/wp-json\/wp\/v2\/media\/511946"}],"wp:attachment":[{"href":"https:\/\/www.planbnoticias.com.ar\/index.php\/wp-json\/wp\/v2\/media?parent=511945"}],"wp:term":[{"taxonomy":"category","embeddable":true,"href":"https:\/\/www.planbnoticias.com.ar\/index.php\/wp-json\/wp\/v2\/categories?post=511945"},{"taxonomy":"post_tag","embeddable":true,"href":"https:\/\/www.planbnoticias.com.ar\/index.php\/wp-json\/wp\/v2\/tags?post=511945"}],"curies":[{"name":"wp","href":"https:\/\/api.w.org\/{rel}","templated":true}]}}