{"id":511948,"date":"2026-09-01T06:34:58","date_gmt":"2026-09-01T09:34:58","guid":{"rendered":"https:\/\/www.planbnoticias.com.ar\/?p=511948"},"modified":"2026-09-01T06:36:49","modified_gmt":"2026-09-01T09:36:49","slug":"vih-y-sifilis-realizaran-testeos-en-la-unlpam-en-septiembre","status":"publish","type":"post","link":"https:\/\/www.planbnoticias.com.ar\/index.php\/2026\/09\/01\/vih-y-sifilis-realizaran-testeos-en-la-unlpam-en-septiembre\/","title":{"rendered":"VIH y S\u00edfilis: realizar\u00e1n testeos en la UNLPam en septiembre"},"content":{"rendered":"<p><img fetchpriority=\"high\" decoding=\"async\" class=\"alignnone size-full wp-image-482681\" src=\"https:\/\/www.planbnoticias.com.ar\/wp-content\/uploads\/2025\/12\/unlpam.jpeg\" alt=\"\" width=\"1280\" height=\"761\" srcset=\"https:\/\/www.planbnoticias.com.ar\/wp-content\/uploads\/2025\/12\/unlpam.jpeg 1280w, https:\/\/www.planbnoticias.com.ar\/wp-content\/uploads\/2025\/12\/unlpam-300x178.jpeg 300w, https:\/\/www.planbnoticias.com.ar\/wp-content\/uploads\/2025\/12\/unlpam-1024x609.jpeg 1024w, https:\/\/www.planbnoticias.com.ar\/wp-content\/uploads\/2025\/12\/unlpam-768x457.jpeg 768w, https:\/\/www.planbnoticias.com.ar\/wp-content\/uploads\/2025\/12\/unlpam-1170x696.jpeg 1170w, https:\/\/www.planbnoticias.com.ar\/wp-content\/uploads\/2025\/12\/unlpam-585x348.jpeg 585w\" sizes=\"(max-width: 1280px) 100vw, 1280px\" \/><\/p>\n<p>El mi\u00e9rcoles 2 de septiembre, de 10 a 12 horas, la jornada se realizar\u00e1 en la Facultad de Ciencias Econ\u00f3micas y Jur\u00eddicas.<\/p>\n<p>En el marco del D\u00eda Mundial de la Salud Sexual, la Secretar\u00eda de Bienestar Universitario (SBU) de la UNLPam llevar\u00e1 adelante durante septiembre jornadas de testeo de VIH y s\u00edfilis, abiertas al p\u00fablico en general.<\/p>\n<p>Las jornadas se realizar\u00e1n los mi\u00e9rcoles 2, 9 y 16 de septiembre, de 10:00 a 12:00 horas, en distintas sedes de la Universidad en Santa Rosa. El 2 de septiembre la actividad tendr\u00e1 lugar en la Facultad de Ciencias Econ\u00f3micas y Jur\u00eddicas, en las aulas 2, 3 y 4 de planta baja; el 9 de septiembre, en la Facultad de Ciencias Exactas y Naturales, en el aula de pregrado, aula 8 y aula 8 bis; y el 16 de septiembre, en el Campo Universitario, en la subsede 2, aulas 202, 204 y 206.<\/p>\n<p><script async src=\"\/\/pagead2.googlesyndication.com\/pagead\/js\/adsbygoogle.js\"><\/script><br \/>\n<!-- Publi m\u00f3vil interior nota --><br \/>\n<ins class=\"adsbygoogle\" style=\"display: inline-block; width: 320px; height: 100px;\" data-ad-client=\"ca-pub-7250018434179914\" data-ad-slot=\"1040343543\"><\/ins><br \/>\n<script>\n(adsbygoogle = window.adsbygoogle || []).push({});\n<\/script><\/p>\n<p>Desde la organizaci\u00f3n remarcaron que los testeos son una herramienta fundamental para el cuidado de la salud sexual, ya que permiten acceder a un diagn\u00f3stico oportuno y recibir orientaci\u00f3n y acompa\u00f1amiento.<\/p>\n","protected":false},"excerpt":{"rendered":"<p>El mi\u00e9rcoles 2 de septiembre, de 10 a 12 horas, la jornada se realizar\u00e1 en la Facultad de Ciencias Econ\u00f3micas y Jur\u00eddicas. En el marco del D\u00eda Mundial de la&hellip;<\/p>\n","protected":false},"author":3,"featured_media":482681,"comment_status":"closed","ping_status":"open","sticky":false,"template":"","format":"standard","meta":{"footnotes":""},"categories":[4,13],"tags":[],"class_list":["post-511948","post","type-post","status-publish","format-standard","has-post-thumbnail","hentry","category-ciudad","category-provincia"],"jetpack_featured_media_url":"https:\/\/www.planbnoticias.com.ar\/wp-content\/uploads\/2025\/12\/unlpam.jpeg","_links":{"self":[{"href":"https:\/\/www.planbnoticias.com.ar\/index.php\/wp-json\/wp\/v2\/posts\/511948","targetHints":{"allow":["GET"]}}],"collection":[{"href":"https:\/\/www.planbnoticias.com.ar\/index.php\/wp-json\/wp\/v2\/posts"}],"about":[{"href":"https:\/\/www.planbnoticias.com.ar\/index.php\/wp-json\/wp\/v2\/types\/post"}],"author":[{"embeddable":true,"href":"https:\/\/www.planbnoticias.com.ar\/index.php\/wp-json\/wp\/v2\/users\/3"}],"replies":[{"embeddable":true,"href":"https:\/\/www.planbnoticias.com.ar\/index.php\/wp-json\/wp\/v2\/comments?post=511948"}],"version-history":[{"count":3,"href":"https:\/\/www.planbnoticias.com.ar\/index.php\/wp-json\/wp\/v2\/posts\/511948\/revisions"}],"predecessor-version":[{"id":511954,"href":"https:\/\/www.planbnoticias.com.ar\/index.php\/wp-json\/wp\/v2\/posts\/511948\/revisions\/511954"}],"wp:featuredmedia":[{"embeddable":true,"href":"https:\/\/www.planbnoticias.com.ar\/index.php\/wp-json\/wp\/v2\/media\/482681"}],"wp:attachment":[{"href":"https:\/\/www.planbnoticias.com.ar\/index.php\/wp-json\/wp\/v2\/media?parent=511948"}],"wp:term":[{"taxonomy":"category","embeddable":true,"href":"https:\/\/www.planbnoticias.com.ar\/index.php\/wp-json\/wp\/v2\/categories?post=511948"},{"taxonomy":"post_tag","embeddable":true,"href":"https:\/\/www.planbnoticias.com.ar\/index.php\/wp-json\/wp\/v2\/tags?post=511948"}],"curies":[{"name":"wp","href":"https:\/\/api.w.org\/{rel}","templated":true}]}}