{"id":511955,"date":"2026-09-01T06:57:21","date_gmt":"2026-09-01T09:57:21","guid":{"rendered":"https:\/\/www.planbnoticias.com.ar\/?p=511955"},"modified":"2026-09-01T06:57:21","modified_gmt":"2026-09-01T09:57:21","slug":"general-pico-comienza-este-martes-la-expo-infancia-y-adolescencia","status":"publish","type":"post","link":"https:\/\/www.planbnoticias.com.ar\/index.php\/2026\/09\/01\/general-pico-comienza-este-martes-la-expo-infancia-y-adolescencia\/","title":{"rendered":"General Pico: comienza este martes la Expo Infancia y Adolescencia"},"content":{"rendered":"<p><img fetchpriority=\"high\" decoding=\"async\" class=\"alignnone size-full wp-image-511956\" src=\"https:\/\/www.planbnoticias.com.ar\/wp-content\/uploads\/2026\/09\/expo-infancia-adolescencia.avif\" alt=\"\" width=\"1000\" height=\"675\" srcset=\"https:\/\/www.planbnoticias.com.ar\/wp-content\/uploads\/2026\/09\/expo-infancia-adolescencia.avif 1000w, https:\/\/www.planbnoticias.com.ar\/wp-content\/uploads\/2026\/09\/expo-infancia-adolescencia-300x203.avif 300w, https:\/\/www.planbnoticias.com.ar\/wp-content\/uploads\/2026\/09\/expo-infancia-adolescencia-768x518.avif 768w, https:\/\/www.planbnoticias.com.ar\/wp-content\/uploads\/2026\/09\/expo-infancia-adolescencia-585x395.avif 585w\" sizes=\"(max-width: 1000px) 100vw, 1000px\" \/><\/p>\n<p>La Municipalidad de General Pico dar\u00e1 inicio este martes 1 de septiembre a la Expo Infancia y Adolescencia, una propuesta de encuentro y participaci\u00f3n que se desarrollar\u00e1 hasta el jueves 3 en el Play\u00f3n del Ferrocarril, ubicado en calle 19 entre 20 y 22.<\/p>\n<p>Desde las 9:00 y hasta las 18:00, las tres jornadas mostrar\u00e1n el trabajo que llevan adelante distintas instituciones y organismos en materia de promoci\u00f3n, protecci\u00f3n y garant\u00eda de derechos de ni\u00f1as, ni\u00f1os y adolescentes.<\/p>\n<p>En este marco, tambi\u00e9n se desarrollar\u00e1 la Feria Provincial del Libro Infantil y Juvenil, con presentaciones de libros, talleres, espect\u00e1culos, intervenciones art\u00edsticas y ofertas de editoriales y librer\u00edas.<\/p>\n<p><script async src=\"\/\/pagead2.googlesyndication.com\/pagead\/js\/adsbygoogle.js\"><\/script><br \/>\n<!-- Publi m\u00f3vil interior nota --><br \/>\n<ins class=\"adsbygoogle\" style=\"display: inline-block; width: 320px; height: 100px;\" data-ad-client=\"ca-pub-7250018434179914\" data-ad-slot=\"1040343543\"><\/ins><br \/>\n<script>\n(adsbygoogle = window.adsbygoogle || []).push({});\n<\/script><\/p>\n<p>La apertura de todo el evento tendr\u00e1 lugar a las 9:00, en el Auditorio MEDANO, con la presentaci\u00f3n de la obra \u201cLa Mansi\u00f3n de las Tinieblas\u201d, a cargo del Elenco Infantil y Juvenil de Teatro de la Direcci\u00f3n de Gesti\u00f3n Cultural.<\/p>\n<p>En paralelo, se llevar\u00e1 a cabo la 2\u00b0 Convenci\u00f3n sobre la Implementaci\u00f3n del Sistema Integral de Protecci\u00f3n de Derechos de Ni\u00f1os, Ni\u00f1as y Adolescentes. La misma incluir\u00e1 exposiciones y disertaciones.<\/p>\n<p><strong>En esa l\u00ednea, la grilla para el primer d\u00eda es la siguiente:<\/strong><\/p>\n<p>-11:00. Charla a cargo de la Asociaci\u00f3n Francesco Tonucci: \u201cEscuchar para transformar, el derecho a participar de ni\u00f1os y ni\u00f1as\u201d.<\/p>\n<p>-14:00 y 16:00. Charlas din\u00e1micas para adolescentes de la mano de Ayrton Oviedo.<\/p>\n<p><strong>M\u00e1s alternativas<\/strong><\/p>\n<p>Tambi\u00e9n en el Play\u00f3n del Ferrocarril se desplegar\u00e1 otra edici\u00f3n de Copate por mis Derechos, con la disposici\u00f3n de una feria institucional y actividades l\u00fadicas.<\/p>\n","protected":false},"excerpt":{"rendered":"<p>La Municipalidad de General Pico dar\u00e1 inicio este martes 1 de septiembre a la Expo Infancia y Adolescencia, una propuesta de encuentro y participaci\u00f3n que se desarrollar\u00e1 hasta el jueves&hellip;<\/p>\n","protected":false},"author":3,"featured_media":511956,"comment_status":"closed","ping_status":"open","sticky":false,"template":"","format":"standard","meta":{"footnotes":""},"categories":[13],"tags":[],"class_list":["post-511955","post","type-post","status-publish","format-standard","has-post-thumbnail","hentry","category-provincia"],"jetpack_featured_media_url":"https:\/\/www.planbnoticias.com.ar\/wp-content\/uploads\/2026\/09\/expo-infancia-adolescencia.avif","_links":{"self":[{"href":"https:\/\/www.planbnoticias.com.ar\/index.php\/wp-json\/wp\/v2\/posts\/511955","targetHints":{"allow":["GET"]}}],"collection":[{"href":"https:\/\/www.planbnoticias.com.ar\/index.php\/wp-json\/wp\/v2\/posts"}],"about":[{"href":"https:\/\/www.planbnoticias.com.ar\/index.php\/wp-json\/wp\/v2\/types\/post"}],"author":[{"embeddable":true,"href":"https:\/\/www.planbnoticias.com.ar\/index.php\/wp-json\/wp\/v2\/users\/3"}],"replies":[{"embeddable":true,"href":"https:\/\/www.planbnoticias.com.ar\/index.php\/wp-json\/wp\/v2\/comments?post=511955"}],"version-history":[{"count":1,"href":"https:\/\/www.planbnoticias.com.ar\/index.php\/wp-json\/wp\/v2\/posts\/511955\/revisions"}],"predecessor-version":[{"id":511957,"href":"https:\/\/www.planbnoticias.com.ar\/index.php\/wp-json\/wp\/v2\/posts\/511955\/revisions\/511957"}],"wp:featuredmedia":[{"embeddable":true,"href":"https:\/\/www.planbnoticias.com.ar\/index.php\/wp-json\/wp\/v2\/media\/511956"}],"wp:attachment":[{"href":"https:\/\/www.planbnoticias.com.ar\/index.php\/wp-json\/wp\/v2\/media?parent=511955"}],"wp:term":[{"taxonomy":"category","embeddable":true,"href":"https:\/\/www.planbnoticias.com.ar\/index.php\/wp-json\/wp\/v2\/categories?post=511955"},{"taxonomy":"post_tag","embeddable":true,"href":"https:\/\/www.planbnoticias.com.ar\/index.php\/wp-json\/wp\/v2\/tags?post=511955"}],"curies":[{"name":"wp","href":"https:\/\/api.w.org\/{rel}","templated":true}]}}