{"id":511985,"date":"2026-09-01T09:22:12","date_gmt":"2026-09-01T12:22:12","guid":{"rendered":"https:\/\/www.planbnoticias.com.ar\/?p=511985"},"modified":"2026-09-01T09:22:12","modified_gmt":"2026-09-01T12:22:12","slug":"el-xxiv-coral-de-la-pampa-estara-en-25-de-mayo-colonia-santa-teresa-embajador-martini","status":"publish","type":"post","link":"https:\/\/www.planbnoticias.com.ar\/index.php\/2026\/09\/01\/el-xxiv-coral-de-la-pampa-estara-en-25-de-mayo-colonia-santa-teresa-embajador-martini\/","title":{"rendered":"El XXIV Coral de La Pampa estar\u00e1 en 25 de Mayo, Colonia Santa Teresa, Embajador Martini"},"content":{"rendered":"<p><img fetchpriority=\"high\" decoding=\"async\" class=\"alignnone size-full wp-image-511986\" src=\"https:\/\/www.planbnoticias.com.ar\/wp-content\/uploads\/2026\/09\/Co-Antu-Quelu.avif\" alt=\"\" width=\"1000\" height=\"750\" srcset=\"https:\/\/www.planbnoticias.com.ar\/wp-content\/uploads\/2026\/09\/Co-Antu-Quelu.avif 1000w, https:\/\/www.planbnoticias.com.ar\/wp-content\/uploads\/2026\/09\/Co-Antu-Quelu-300x225.avif 300w, https:\/\/www.planbnoticias.com.ar\/wp-content\/uploads\/2026\/09\/Co-Antu-Quelu-768x576.avif 768w, https:\/\/www.planbnoticias.com.ar\/wp-content\/uploads\/2026\/09\/Co-Antu-Quelu-585x439.avif 585w\" sizes=\"(max-width: 1000px) 100vw, 1000px\" \/><\/p>\n<p>El 24\u00ba Coral de La Pampa se prepara para llevar adelante su Sexto Fin de Semana con una agenda de conciertos corales que se sumar\u00e1 al total de 30 que se realizar\u00e1n en toda la provincia en el transcurso de esta edici\u00f3n.<\/p>\n<p>Cincuenta coros de La Pampa, Buenos Aires, R\u00edo Negro y Neuqu\u00e9n ser\u00e1n part\u00edcipes de este gran evento cultural provincial que dio inicio el pasado 1 de agosto y se extender\u00e1 hasta el 26 de septiembre.<\/p>\n<p>El s\u00e1bado 5 de septiembre tendr\u00e1 lugar la Sede 25 de Mayo con la organizaci\u00f3n de la Direcci\u00f3n de Cultura y Turismo de la Municipalidad local.<\/p>\n<p>Desde las 14 horas, en el Centro Cultural 25 har\u00e1 las veces de anfitri\u00f3n el Coro \u201cCo Ant\u00fa Quel\u00fa\u201d de dicha localidad dirigido por Daniel P\u00e9rez. Se sumar\u00e1n a este gran concierto el Coro Municipal de Catriel (R\u00edo Negro) que dirige Fabio Vitale, el Coro \u201cArco Iris\u201d de la ciudad de Neuqu\u00e9n que dirige Pablo Arroyo y el Coro \u201cVoces de Oto\u00f1o\u201d, de Centenario (Neuqu\u00e9n), que cuenta con la direcci\u00f3n de Pilar Jara. Tambi\u00e9n ser\u00e1n parte de este encuentro el Coro Municipal de General Acha conducido por Sebasti\u00e1n Ferrando, el Coro Mixto de Catriel (R\u00edo Negro) bajo la direcci\u00f3n de Pablo Quiroz y el Coro de Cutral Co (Neuquen) que cuenta con la direcci\u00f3n de Mabel de los R\u00edos.<\/p>\n<p><script async src=\"\/\/pagead2.googlesyndication.com\/pagead\/js\/adsbygoogle.js\"><\/script><\/p>\n<p><!-- Publi m\u00f3vil interior nota --><\/p>\n<p>&nbsp;<\/p>\n<p><script><\/p>\n<p>(adsbygoogle = window.adsbygoogle || []).push({});<\/p>\n<p><\/script><\/p>\n<p>El domingo 6 de septiembre el Coral de La Pampa se traslada a Colonia Santa Teresa. En instalaciones del C.A.I local se presentar\u00e1n el Coro Municipal de Santa Teresa que dirige Sebasti\u00e1n Ferrando y el Coro Polif\u00f3nico Catril\u00f3 dirigido por Alejandro Matos. El concierto, que comenzar\u00e1 a las 19 hs., cuenta con el auspicio del municipio local.<\/p>\n<p>El mismo domingo 6 de septiembre, Embajador Martini ser\u00e1 nuevamente sede de este gran evento coral. Desde las 20:00 hs. en el Sal\u00f3n Municipal cantar\u00e1n el Coro \u201cAlmas inquietas\u201d de dicha localidad y el Coro \u201cNahinc\u00f3\u201d de Arata, ambos dirigidos por Miguel Ferrando. Completar\u00e1 el programa de concierto el Coro \u201cCantar para vivir\u201d de Maisonnave con la direcci\u00f3n de Eduardo Ferrando. El concierto cuenta con la organizaci\u00f3n de la Municipalidad de Embajador Martini.<\/p>\n<p>La edici\u00f3n 2026 del Coral de La Pampa es organizada por la Asociaci\u00f3n Coral de La Pampa y cuenta con los auspicios de la Secretar\u00eda de Cultura del Gobierno de La Pampa, la Asociaci\u00f3n de Directores de Coro de la Rep\u00fablica Argentina (ADICORA), Delegaci\u00f3n La Pampa y la Organizaci\u00f3n Federada Argentina de Actividades Corales (OFADAC).<\/p>\n","protected":false},"excerpt":{"rendered":"<p>El 24\u00ba Coral de La Pampa se prepara para llevar adelante su Sexto Fin de Semana con una agenda de conciertos corales que se sumar\u00e1 al total de 30 que&hellip;<\/p>\n","protected":false},"author":3,"featured_media":511986,"comment_status":"closed","ping_status":"open","sticky":false,"template":"","format":"standard","meta":{"footnotes":""},"categories":[5,13],"tags":[],"class_list":["post-511985","post","type-post","status-publish","format-standard","has-post-thumbnail","hentry","category-cultura","category-provincia"],"jetpack_featured_media_url":"https:\/\/www.planbnoticias.com.ar\/wp-content\/uploads\/2026\/09\/Co-Antu-Quelu.avif","_links":{"self":[{"href":"https:\/\/www.planbnoticias.com.ar\/index.php\/wp-json\/wp\/v2\/posts\/511985","targetHints":{"allow":["GET"]}}],"collection":[{"href":"https:\/\/www.planbnoticias.com.ar\/index.php\/wp-json\/wp\/v2\/posts"}],"about":[{"href":"https:\/\/www.planbnoticias.com.ar\/index.php\/wp-json\/wp\/v2\/types\/post"}],"author":[{"embeddable":true,"href":"https:\/\/www.planbnoticias.com.ar\/index.php\/wp-json\/wp\/v2\/users\/3"}],"replies":[{"embeddable":true,"href":"https:\/\/www.planbnoticias.com.ar\/index.php\/wp-json\/wp\/v2\/comments?post=511985"}],"version-history":[{"count":1,"href":"https:\/\/www.planbnoticias.com.ar\/index.php\/wp-json\/wp\/v2\/posts\/511985\/revisions"}],"predecessor-version":[{"id":511987,"href":"https:\/\/www.planbnoticias.com.ar\/index.php\/wp-json\/wp\/v2\/posts\/511985\/revisions\/511987"}],"wp:featuredmedia":[{"embeddable":true,"href":"https:\/\/www.planbnoticias.com.ar\/index.php\/wp-json\/wp\/v2\/media\/511986"}],"wp:attachment":[{"href":"https:\/\/www.planbnoticias.com.ar\/index.php\/wp-json\/wp\/v2\/media?parent=511985"}],"wp:term":[{"taxonomy":"category","embeddable":true,"href":"https:\/\/www.planbnoticias.com.ar\/index.php\/wp-json\/wp\/v2\/categories?post=511985"},{"taxonomy":"post_tag","embeddable":true,"href":"https:\/\/www.planbnoticias.com.ar\/index.php\/wp-json\/wp\/v2\/tags?post=511985"}],"curies":[{"name":"wp","href":"https:\/\/api.w.org\/{rel}","templated":true}]}}