{"id":511988,"date":"2026-09-01T09:37:02","date_gmt":"2026-09-01T12:37:02","guid":{"rendered":"https:\/\/www.planbnoticias.com.ar\/?p=511988"},"modified":"2026-09-01T09:37:02","modified_gmt":"2026-09-01T12:37:02","slug":"las-infancias-festejaron-su-dia-con-la-cpe","status":"publish","type":"post","link":"https:\/\/www.planbnoticias.com.ar\/index.php\/2026\/09\/01\/las-infancias-festejaron-su-dia-con-la-cpe\/","title":{"rendered":"Las infancias festejaron su d\u00eda con la CPE"},"content":{"rendered":"<p><img fetchpriority=\"high\" decoding=\"async\" class=\"alignnone size-full wp-image-511989\" src=\"https:\/\/www.planbnoticias.com.ar\/wp-content\/uploads\/2026\/09\/dia-infancias.avif\" alt=\"\" width=\"1000\" height=\"610\" srcset=\"https:\/\/www.planbnoticias.com.ar\/wp-content\/uploads\/2026\/09\/dia-infancias.avif 1000w, https:\/\/www.planbnoticias.com.ar\/wp-content\/uploads\/2026\/09\/dia-infancias-300x183.avif 300w, https:\/\/www.planbnoticias.com.ar\/wp-content\/uploads\/2026\/09\/dia-infancias-768x468.avif 768w, https:\/\/www.planbnoticias.com.ar\/wp-content\/uploads\/2026\/09\/dia-infancias-585x357.avif 585w\" sizes=\"(max-width: 1000px) 100vw, 1000px\" \/><\/p>\n<p>Este fin de semana, la CPE celebr\u00f3 \u201cLos Derechos de las Infancias y las Adolescencias\u201d, con una fiesta en la sede del Club Sarmiento de Santa Rosa, que cont\u00f3 con una variada propuesta de actividades, juegos y muestra de talleres para los que ser\u00e1n las y los futuros asociados de la cooperativa.<\/p>\n<p>Desde las 14:00 del s\u00e1bado 29, las familias se acercaron al club barrial de la calle Ra\u00fal B. D\u00edaz, para disfrutar de entretenimientos para los m\u00e1s chicos, desde desaf\u00edos de memoria, mesas de dibujo, partidas de ajedrez, yoga, peluquer\u00eda, bailes, deportes y aprendizajes.<\/p>\n<p>En el portal de la revista institucional \u00ab1\u00ba de octubre\u00bb (www.1deoctubre.com.ar) se informa que participaron gran parte de los 45 talleres de la CPE, ya sea con actividades concretas para los ni\u00f1os, como en la colaboraci\u00f3n de los talleristas cuyas propuestas est\u00e1n dirigidas a personas m\u00e1s grandes, pero que participaron en la organizaci\u00f3n y acompa\u00f1amiento de la jornada.<\/p>\n<p><script async src=\"\/\/pagead2.googlesyndication.com\/pagead\/js\/adsbygoogle.js\"><\/script><\/p>\n<p><!-- Publi m\u00f3vil interior nota --><\/p>\n<p>&nbsp;<\/p>\n<p><script><\/p>\n<p>(adsbygoogle = window.adsbygoogle || []).push({});<\/p>\n<p><\/script><\/p>\n<p>Las actividades l\u00fadicas estuvieron a cargo de los talleres de Educaci\u00f3n Alimentaria y Nutrici\u00f3n con el juego \u201cJugando con los sentidos\u201d para reconocer con el olfato, el tacto o el gusto diferentes alimentos saludables; el taller de Escultura de Dinosaurios con \u201cDescubriendo dinosaurios\u201d; los de Arte y Dise\u00f1o y Arte y Reciclado, con un juego de memoria; los de C\u00f3mic y Manga e Iniciaci\u00f3n al Dibujo con la propuesta \u201cCre\u00e1 tu personaje y jug\u00e1\u201d; y el taller de Dibujo y Pintura para Adultos Mayores, con \u201cColorear dibujos\u201d.<\/p>\n<p>Tambi\u00e9n llevaron sus propuestas los talleres Repintando y Murales con Identidad, con \u201cLa Pampa es vida con los r\u00edos\u201d; los de Mosaiquismo y Dibujo y Pintura, que convocaban a los chicos a realizar un mural colectivo; el de Encuadernaci\u00f3n Artesanal, que ense\u00f1\u00f3 a confeccionar taumatropos.<\/p>\n<p>Los talleres de Macram\u00e9 de Santa Rosa y de Ataliva Roca que, junto con el de Crochet, invitaban a tejer llaveros que se llevaron de regalo; y el taller Pelookearte, cuyos alumnos pintaron los pelos de colores a todos los que se acercaron y cortaron el pelo gratuitamente a varios de los chicos que se llevaron un nuevo \u201clook\u201d de la fiesta.<\/p>\n<p>En el patio, hubo arcos, pelotas de f\u00fatbol y de b\u00e1squet, y los talleres de Yoga jugaron con diferentes propuestas en la que ni\u00f1os y ni\u00f1as deb\u00edan armar distintas posturas de esta disciplina milenaria.<\/p>\n<p>En el escenario, en tanto, el taller de Teatro para Infancias present\u00f3 los sketchs \u201cLa jugueter\u00eda\u201d y \u201cDejame leer un cuento\u201d, tras lo cual el de Teatro para Adultos hizo lo propio con la pieza coreogr\u00e1fica \u201cNatacha\u201d. Alumnos del Taller de Tango, por su parte, hicieron una muestra de baile y, finalmente, el cierre art\u00edstico estuvo a cargo del grupo folcl\u00f3rico inclusivo \u201cPasto verde\u201d.<\/p>\n<p><strong>Construyendo redes<\/strong><\/p>\n<p>Como es costumbre en las actividades de la CPE, desde la entidad se invita a participar a diferentes instituciones, muchas de las cuales son una presencia estable y protag\u00f3nica, como el Programa RCP del Equipo CODES (Coordinaci\u00f3n de Desastres y Emergencias Sanitarias), organismo dependiente del Ministerio de Salud del Gobierno de La Pampa, que despleg\u00f3 sus mu\u00f1ecos de entrenamiento para que, quienes quisieran, pudieran practicar la t\u00e9cnica de reanimaci\u00f3n cardio pulmonar.<\/p>\n<p>Tambi\u00e9n participaron chicos de la Biblioteca Popular \u201cMiguel \u00c1ngel G\u00f3mez Drumell\u201d, del barrio N\u00e9stor Kirchner \u2014quienes gracias al apoyo del EMTU (el Ente Municipal de Transporte Urbano de Santa Rosa), pudieron trasladarse de manera gratuita en colectivo desde el barrio hasta las cercan\u00edas del club\u2014, y las cooperativas escolares de Santa Rosa \u201cNacoop\u201d, \u201cVos Pod\u00e9s\u201d y la Mutual Escolar \u201cHuellas de Colores\u201d. La Direcci\u00f3n de Tr\u00e1nsito de la municipalidad de Santa Rosa colabor\u00f3 con el control vehicular en la zona.<\/p>\n<p>Un p\u00e1rrafo especial es para el aporte fundamental de la Cooperativa \u201cPaulo Freire\u201d, que se hizo cargo de toda la conducci\u00f3n del evento; sus integrantes, adem\u00e1s de colaborar en la organizaci\u00f3n general de los festejos, hicieron la locuci\u00f3n que anunciaba cada actividad y realizaron una transmisi\u00f3n v\u00eda streaming. M\u00e1s a\u00fan, aceptaron el desaf\u00edo de convertirse en los \u201cnoteros\u201d del noticiero de CPEtv, recorriendo los stands para entrevistar a los distintos talleristas.<\/p>\n<p>Aparte de las muchas propuestas de los talleres, los sectores de Enfermer\u00eda, Seguridad e Higiene, Biblioteca \u201cDomingo Gentili\u201d y Editorial Voces de la CPE tambi\u00e9n tuvieron sus stands con muestra de su actividad. Consejeras y consejeros, autoridades de la CPE, por su parte, estuvieron recorriendo permanentemente cada stand, pendientes de la organizaci\u00f3n general, que no faltara nada y repartiendo la merienda con la que se cerr\u00f3 el tradicional festejo para las infancias de la Cooperativa.<\/p>\n","protected":false},"excerpt":{"rendered":"<p>Este fin de semana, la CPE celebr\u00f3 \u201cLos Derechos de las Infancias y las Adolescencias\u201d, con una fiesta en la sede del Club Sarmiento de Santa Rosa, que cont\u00f3 con&hellip;<\/p>\n","protected":false},"author":3,"featured_media":511989,"comment_status":"closed","ping_status":"open","sticky":false,"template":"","format":"standard","meta":{"footnotes":""},"categories":[4],"tags":[],"class_list":["post-511988","post","type-post","status-publish","format-standard","has-post-thumbnail","hentry","category-ciudad"],"jetpack_featured_media_url":"https:\/\/www.planbnoticias.com.ar\/wp-content\/uploads\/2026\/09\/dia-infancias.avif","_links":{"self":[{"href":"https:\/\/www.planbnoticias.com.ar\/index.php\/wp-json\/wp\/v2\/posts\/511988","targetHints":{"allow":["GET"]}}],"collection":[{"href":"https:\/\/www.planbnoticias.com.ar\/index.php\/wp-json\/wp\/v2\/posts"}],"about":[{"href":"https:\/\/www.planbnoticias.com.ar\/index.php\/wp-json\/wp\/v2\/types\/post"}],"author":[{"embeddable":true,"href":"https:\/\/www.planbnoticias.com.ar\/index.php\/wp-json\/wp\/v2\/users\/3"}],"replies":[{"embeddable":true,"href":"https:\/\/www.planbnoticias.com.ar\/index.php\/wp-json\/wp\/v2\/comments?post=511988"}],"version-history":[{"count":1,"href":"https:\/\/www.planbnoticias.com.ar\/index.php\/wp-json\/wp\/v2\/posts\/511988\/revisions"}],"predecessor-version":[{"id":511990,"href":"https:\/\/www.planbnoticias.com.ar\/index.php\/wp-json\/wp\/v2\/posts\/511988\/revisions\/511990"}],"wp:featuredmedia":[{"embeddable":true,"href":"https:\/\/www.planbnoticias.com.ar\/index.php\/wp-json\/wp\/v2\/media\/511989"}],"wp:attachment":[{"href":"https:\/\/www.planbnoticias.com.ar\/index.php\/wp-json\/wp\/v2\/media?parent=511988"}],"wp:term":[{"taxonomy":"category","embeddable":true,"href":"https:\/\/www.planbnoticias.com.ar\/index.php\/wp-json\/wp\/v2\/categories?post=511988"},{"taxonomy":"post_tag","embeddable":true,"href":"https:\/\/www.planbnoticias.com.ar\/index.php\/wp-json\/wp\/v2\/tags?post=511988"}],"curies":[{"name":"wp","href":"https:\/\/api.w.org\/{rel}","templated":true}]}}