{"id":511991,"date":"2026-09-01T10:45:08","date_gmt":"2026-09-01T13:45:08","guid":{"rendered":"https:\/\/www.planbnoticias.com.ar\/?p=511991"},"modified":"2026-09-01T10:51:50","modified_gmt":"2026-09-01T13:51:50","slug":"aumento-de-tarifas-nacion-autorizo-subas-de-hasta-175-para-la-luz-y-14-para-el-gas-en-septiembre","status":"publish","type":"post","link":"https:\/\/www.planbnoticias.com.ar\/index.php\/2026\/09\/01\/aumento-de-tarifas-nacion-autorizo-subas-de-hasta-175-para-la-luz-y-14-para-el-gas-en-septiembre\/","title":{"rendered":"Aumento de tarifas: Naci\u00f3n autoriz\u00f3 subas de hasta 1,75% para la luz y 1,4% para el gas en septiembre"},"content":{"rendered":"<p><img fetchpriority=\"high\" decoding=\"async\" class=\"alignnone size-full wp-image-464545\" src=\"https:\/\/www.planbnoticias.com.ar\/wp-content\/uploads\/2025\/06\/gas-luz.webp\" alt=\"\" width=\"1260\" height=\"720\" srcset=\"https:\/\/www.planbnoticias.com.ar\/wp-content\/uploads\/2025\/06\/gas-luz.webp 1260w, https:\/\/www.planbnoticias.com.ar\/wp-content\/uploads\/2025\/06\/gas-luz-300x171.webp 300w, https:\/\/www.planbnoticias.com.ar\/wp-content\/uploads\/2025\/06\/gas-luz-1024x585.webp 1024w, https:\/\/www.planbnoticias.com.ar\/wp-content\/uploads\/2025\/06\/gas-luz-768x439.webp 768w, https:\/\/www.planbnoticias.com.ar\/wp-content\/uploads\/2025\/06\/gas-luz-1170x669.webp 1170w, https:\/\/www.planbnoticias.com.ar\/wp-content\/uploads\/2025\/06\/gas-luz-585x334.webp 585w\" sizes=\"(max-width: 1260px) 100vw, 1260px\" \/><\/p>\n<p>El Gobierno autoriz\u00f3 este martes un aumento del 1,75% en las tarifas de luz y del 1,40% en las boletas de gas natural, mediante una serie de resoluciones a cargo del Ente Nacional Regulador del Gas y la Electricidad (ENREGE), publicadas en el Bolet\u00edn Oficial.<\/p>\n<p>La aprobaci\u00f3n de los nuevos cuadros tarifarios de septiembre para las transportadoras y distribuidoras energ\u00e9ticas se da en el marco de la emergencia energ\u00e9tica, extendida hasta el 31 de diciembre de 2027.<\/p>\n<p><script async src=\"\/\/pagead2.googlesyndication.com\/pagead\/js\/adsbygoogle.js\"><\/script><\/p>\n<p><!-- Publi m\u00f3vil interior nota --><\/p>\n<p>&nbsp;<\/p>\n<p><script><\/p>\n<p>(adsbygoogle = window.adsbygoogle || []).push({});<\/p>\n<p><\/script><\/p>\n<p>La actualizaci\u00f3n tarifaria del gas y la luz para el cuarto mes del a\u00f1o, se da por pedido del ministro de Econom\u00eda, Luis Caputo, que \u201cestima imperioso continuar con la correcci\u00f3n de los precios relativos de la econom\u00eda, entre los cuales se encuentran los precios y tarifas concernientes a los sectores de gas natural y energ\u00eda el\u00e9ctrica\u201d.<\/p>\n<p>El aumento aplica, en electricidad, a los usuarios de Edenor y Edesur en el \u00c1rea Metropolitana de Buenos Aires (AMBA), jurisdicci\u00f3n donde el Gobierno nacional tiene competencia. En el caso del gas natural, la suba rige a nivel nacional, dado que la regulaci\u00f3n es de alcance federal.<\/p>\n<p>En paralelo, el Ejecutivo increment\u00f3 la bonificaci\u00f3n extraordinaria de electricidad al 25%, que sumada a la bonificaci\u00f3n base del 50% lleva la cifra total al 75%, mientras que en gas natural la bonificaci\u00f3n extraordinaria se ubica en 24,5%, llevando el n\u00famero total al 74,5%.<\/p>\n<p>Adem\u00e1s, se dispuso elevar el techo de consumo bonificable de energ\u00eda el\u00e9ctrica a 200 kWh mensuales, revirtiendo as\u00ed la reducci\u00f3n a 150 kWh que estaba prevista en el cronograma original de Subsidios Energ\u00e9ticos Focalizados (SEF), establecido a comienzos de este a\u00f1o.<\/p>\n<p>Al explicar esta decisi\u00f3n, desde el Gobierno indicaron que responde a \u201cla actual suba internacional de los costos energ\u00e9ticos, que de aplicarse el esquema original hubiera implicado un salto m\u00e1s pronunciado en las facturas de los hogares\u201d. (Noticias Argentinas).<\/p>\n","protected":false},"excerpt":{"rendered":"<p>El Gobierno autoriz\u00f3 este martes un aumento del 1,75% en las tarifas de luz y del 1,40% en las boletas de gas natural, mediante una serie de resoluciones a cargo&hellip;<\/p>\n","protected":false},"author":3,"featured_media":434799,"comment_status":"closed","ping_status":"open","sticky":false,"template":"","format":"standard","meta":{"footnotes":""},"categories":[12],"tags":[],"class_list":["post-511991","post","type-post","status-publish","format-standard","has-post-thumbnail","hentry","category-pais"],"jetpack_featured_media_url":"https:\/\/www.planbnoticias.com.ar\/wp-content\/uploads\/2024\/10\/luz-y-gas.webp","_links":{"self":[{"href":"https:\/\/www.planbnoticias.com.ar\/index.php\/wp-json\/wp\/v2\/posts\/511991","targetHints":{"allow":["GET"]}}],"collection":[{"href":"https:\/\/www.planbnoticias.com.ar\/index.php\/wp-json\/wp\/v2\/posts"}],"about":[{"href":"https:\/\/www.planbnoticias.com.ar\/index.php\/wp-json\/wp\/v2\/types\/post"}],"author":[{"embeddable":true,"href":"https:\/\/www.planbnoticias.com.ar\/index.php\/wp-json\/wp\/v2\/users\/3"}],"replies":[{"embeddable":true,"href":"https:\/\/www.planbnoticias.com.ar\/index.php\/wp-json\/wp\/v2\/comments?post=511991"}],"version-history":[{"count":2,"href":"https:\/\/www.planbnoticias.com.ar\/index.php\/wp-json\/wp\/v2\/posts\/511991\/revisions"}],"predecessor-version":[{"id":511997,"href":"https:\/\/www.planbnoticias.com.ar\/index.php\/wp-json\/wp\/v2\/posts\/511991\/revisions\/511997"}],"wp:featuredmedia":[{"embeddable":true,"href":"https:\/\/www.planbnoticias.com.ar\/index.php\/wp-json\/wp\/v2\/media\/434799"}],"wp:attachment":[{"href":"https:\/\/www.planbnoticias.com.ar\/index.php\/wp-json\/wp\/v2\/media?parent=511991"}],"wp:term":[{"taxonomy":"category","embeddable":true,"href":"https:\/\/www.planbnoticias.com.ar\/index.php\/wp-json\/wp\/v2\/categories?post=511991"},{"taxonomy":"post_tag","embeddable":true,"href":"https:\/\/www.planbnoticias.com.ar\/index.php\/wp-json\/wp\/v2\/tags?post=511991"}],"curies":[{"name":"wp","href":"https:\/\/api.w.org\/{rel}","templated":true}]}}